{"id":92806,"date":"2023-08-11T12:14:38","date_gmt":"2023-08-11T15:14:38","guid":{"rendered":"https:\/\/www.centraldenoticias.com.ar\/?p=92806"},"modified":"2023-08-11T14:46:22","modified_gmt":"2023-08-11T17:46:22","slug":"marcelo-aba-hemos-tenido-un-incremento-significativo-de-la-matricula","status":"publish","type":"post","link":"https:\/\/cdnoticias.com\/index.php\/2023\/08\/11\/marcelo-aba-hemos-tenido-un-incremento-significativo-de-la-matricula\/","title":{"rendered":"Marcelo Aba: \u201chemos tenido un incremento significativo de la matricula\u201d"},"content":{"rendered":"<p>As\u00ed lo explic\u00f3 el rector de la Universidad del Centro en di\u00e1logo con Central de Noticias. Estuvo presente en una nueva edici\u00f3n de la ExpoUNICEN 2023 que se realiz\u00f3 en el Complejo Universitario de Olavarr\u00eda. Participaron m\u00e1s de 1500 alumnos de nivel secundario. <!--more--><\/p>\n<hr \/>\n<p>Este viernes<strong> se realiz\u00f3 la segunda edici\u00f3n de ExpoUNICEN en el Complejo Universitario Olavarr\u00eda<\/strong>, ubicado en la avenida del Valle 5737. La jornada tuvo como objetivo<strong> dar a conocer la oferta acad\u00e9mica de las distintas Facultades<\/strong>. Fueron inscriptos 1500 alumnos de las distintas escuelas secundarias de la localidad.<\/p>\n<p>&nbsp;<\/p>\n<p>El <strong>rector de la UNICEN Marcelo Aba brind\u00f3 una entrevista a <em>Central de Noticias<\/em><\/strong>, en la que manifest\u00f3 que \u201ceste a\u00f1o decidimos hacerlo en el campus porque nos pareci\u00f3 que era m\u00e1s l\u00f3gico que los potenciales estudiantes que nos elijan, conozcan el lugar en el cual podr\u00edan llegar a estudiar\u201d.<\/p>\n<p><img data-recalc-dims=\"1\" loading=\"lazy\" decoding=\"async\" class=\"alignnone size-full wp-image-92797\" src=\"https:\/\/i0.wp.com\/cdnoticias.com\/wp-content\/uploads\/2023\/08\/expo-unicen-05.jpg?resize=800%2C445&#038;ssl=1\" alt=\"\" width=\"800\" height=\"445\" srcset=\"https:\/\/i0.wp.com\/cdnoticias.com\/wp-content\/uploads\/2023\/08\/expo-unicen-05.jpg?w=800&amp;ssl=1 800w, https:\/\/i0.wp.com\/cdnoticias.com\/wp-content\/uploads\/2023\/08\/expo-unicen-05.jpg?resize=300%2C167&amp;ssl=1 300w, https:\/\/i0.wp.com\/cdnoticias.com\/wp-content\/uploads\/2023\/08\/expo-unicen-05.jpg?resize=768%2C427&amp;ssl=1 768w\" sizes=\"auto, (max-width: 800px) 100vw, 800px\" \/><\/p>\n<p>&nbsp;<\/p>\n<p>Con una amplia presencia de estudiantes de nivel secundario que recorrieron los stands \u00a0informativos de las carreras que se dictan en las cuatro sede de la UNICEN (Olavarr\u00eda, Tandil, Azul y Quequ\u00e9n).<\/p>\n<p>&nbsp;<\/p>\n<p>Por otra parte, el Dr. Marcelo Aba explic\u00f3 que no solo se busca promocionar y dar a conocer las ofertas acad\u00e9micas disponibles sino que adem\u00e1s \u201c<strong><em>conozcan o tengan como alternativa<\/em> <\/strong><em><strong>lo que representa la Unicen con sus ofertas, con sus capacidades, con sus calidades y no solamente en lo acad\u00e9mico sino tambi\u00e9n lo que representa en t\u00e9rminos de bienestar estudiantil\u201d.<\/strong><\/em><\/p>\n<p><img data-recalc-dims=\"1\" loading=\"lazy\" decoding=\"async\" class=\"alignnone size-full wp-image-92796\" src=\"https:\/\/i0.wp.com\/cdnoticias.com\/wp-content\/uploads\/2023\/08\/expo-unicen-04.jpg?resize=800%2C445&#038;ssl=1\" alt=\"\" width=\"800\" height=\"445\" srcset=\"https:\/\/i0.wp.com\/cdnoticias.com\/wp-content\/uploads\/2023\/08\/expo-unicen-04.jpg?w=800&amp;ssl=1 800w, https:\/\/i0.wp.com\/cdnoticias.com\/wp-content\/uploads\/2023\/08\/expo-unicen-04.jpg?resize=300%2C167&amp;ssl=1 300w, https:\/\/i0.wp.com\/cdnoticias.com\/wp-content\/uploads\/2023\/08\/expo-unicen-04.jpg?resize=768%2C427&amp;ssl=1 768w\" sizes=\"auto, (max-width: 800px) 100vw, 800px\" \/><\/p>\n<p>&nbsp;<\/p>\n<p>Al contrario de lo imaginado, luego de la pandemia, el rector manifest\u00f3 que \u201chemos tenido un incremento significativo de la matricula\u201d.<\/p>\n<p>&nbsp;<\/p>\n<blockquote><p>En el corriente a\u00f1o, se ha superado \u201clos 20.000 estudiantes. Eso es un incremento muy significativo para nuestra Universidad\u201d, destac\u00f3 la m\u00e1xima autoridad de la UNICEN.<\/p><\/blockquote>\n<p>&nbsp;<\/p>\n<p>En la segunda edici\u00f3n de la ExpoUNICEN se profundiz\u00f3 en las cuestiones que involucran<strong> el bienestar estudiantil desde lo acad\u00e9mico hasta lo econ\u00f3mico.<\/strong> Es por esto, que Marcelo Aba explic\u00f3 las pol\u00edticas de bienestar con \u201ccomedores que est\u00e1n a precios muy accesibles, con el boleto estudiantil que hoy est\u00e1 rigiendo en nuestras sedes y que les permite viajar de manera gratuita, con residencias, con becas propias de la universidad y con todo el sistema de becas Progresar, el sistema de becas Belgrano\u201d.<\/p>\n<p><img data-recalc-dims=\"1\" loading=\"lazy\" decoding=\"async\" class=\"alignnone size-full wp-image-92798\" src=\"https:\/\/i0.wp.com\/cdnoticias.com\/wp-content\/uploads\/2023\/08\/expo-unicen-06.jpg?resize=800%2C445&#038;ssl=1\" alt=\"\" width=\"800\" height=\"445\" srcset=\"https:\/\/i0.wp.com\/cdnoticias.com\/wp-content\/uploads\/2023\/08\/expo-unicen-06.jpg?w=800&amp;ssl=1 800w, https:\/\/i0.wp.com\/cdnoticias.com\/wp-content\/uploads\/2023\/08\/expo-unicen-06.jpg?resize=300%2C167&amp;ssl=1 300w, https:\/\/i0.wp.com\/cdnoticias.com\/wp-content\/uploads\/2023\/08\/expo-unicen-06.jpg?resize=768%2C427&amp;ssl=1 768w\" sizes=\"auto, (max-width: 800px) 100vw, 800px\" \/><\/p>\n<p>&nbsp;<\/p>\n<p>Por \u00faltimo, reflexion\u00f3 sobre la importancia de que se realicen encuentro de este estilo, donde los estudiantes secundarios puedan recorrer los espacios, interactuar con estudiantes universitarios e informarse de las distintas ofertas acad\u00e9micas porque \u201ces muy distinto venir y conocerlo, verlo, palparlo, sentirlo, y que todo eso contribuya a tomar la decisi\u00f3n\u201d, asegur\u00f3 Marcelo Aba.<\/p>\n<p>&nbsp;<\/p>\n","protected":false},"excerpt":{"rendered":"<p>As\u00ed lo explic\u00f3 el rector de la Universidad del Centro en di\u00e1logo con Central de Noticias. Estuvo presente en una<\/p>\n","protected":false},"author":2,"featured_media":92793,"comment_status":"closed","ping_status":"closed","sticky":false,"template":"","format":"standard","meta":{"_jetpack_memberships_contains_paid_content":false,"footnotes":""},"categories":[5,1],"tags":[],"class_list":["post-92806","post","type-post","status-publish","format-standard","has-post-thumbnail","hentry","category-informacion-general","category-portada"],"jetpack_featured_media_url":"https:\/\/i0.wp.com\/cdnoticias.com\/wp-content\/uploads\/2023\/08\/aba-marcelo-expo-unicen-01.jpg?fit=800%2C445&ssl=1","jetpack_sharing_enabled":true,"_links":{"self":[{"href":"https:\/\/cdnoticias.com\/index.php\/wp-json\/wp\/v2\/posts\/92806","targetHints":{"allow":["GET"]}}],"collection":[{"href":"https:\/\/cdnoticias.com\/index.php\/wp-json\/wp\/v2\/posts"}],"about":[{"href":"https:\/\/cdnoticias.com\/index.php\/wp-json\/wp\/v2\/types\/post"}],"author":[{"embeddable":true,"href":"https:\/\/cdnoticias.com\/index.php\/wp-json\/wp\/v2\/users\/2"}],"replies":[{"embeddable":true,"href":"https:\/\/cdnoticias.com\/index.php\/wp-json\/wp\/v2\/comments?post=92806"}],"version-history":[{"count":0,"href":"https:\/\/cdnoticias.com\/index.php\/wp-json\/wp\/v2\/posts\/92806\/revisions"}],"wp:featuredmedia":[{"embeddable":true,"href":"https:\/\/cdnoticias.com\/index.php\/wp-json\/wp\/v2\/media\/92793"}],"wp:attachment":[{"href":"https:\/\/cdnoticias.com\/index.php\/wp-json\/wp\/v2\/media?parent=92806"}],"wp:term":[{"taxonomy":"category","embeddable":true,"href":"https:\/\/cdnoticias.com\/index.php\/wp-json\/wp\/v2\/categories?post=92806"},{"taxonomy":"post_tag","embeddable":true,"href":"https:\/\/cdnoticias.com\/index.php\/wp-json\/wp\/v2\/tags?post=92806"}],"curies":[{"name":"wp","href":"https:\/\/api.w.org\/{rel}","templated":true}]}}