{"id":92777,"date":"2023-08-11T08:52:49","date_gmt":"2023-08-11T11:52:49","guid":{"rendered":"https:\/\/www.centraldenoticias.com.ar\/?p=92777"},"modified":"2023-08-11T11:26:50","modified_gmt":"2023-08-11T14:26:50","slug":"este-lunes-habra-clases-en-las-escuelas-bonaerenses-que-seran-centros-de-votacion","status":"publish","type":"post","link":"https:\/\/cdnoticias.com\/index.php\/2023\/08\/11\/este-lunes-habra-clases-en-las-escuelas-bonaerenses-que-seran-centros-de-votacion\/","title":{"rendered":"Este lunes habr\u00e1 clases en las escuelas bonaerenses que ser\u00e1n centros de votaci\u00f3n"},"content":{"rendered":"<p>Todas las instituciones educativas ser\u00e1n higienizadas y desinfectadas luego del recuento de votos para garantizar la jornada escolar habitual.<!--more--><\/p>\n<hr \/>\n<p>La Direcci\u00f3n General de Cultura y Educaci\u00f3n de la provincia de Buenos Aires <strong>garantiz\u00f3 el dictado de clases el pr\u00f3ximo lunes, en el horario completo habitual, en las escuelas bonaerenses<\/strong> que fueron designadas como centros de votaci\u00f3n para las elecciones primarias del domingo.<\/p>\n<p>&nbsp;<\/p>\n<p>En ese sentido, los establecimientos educativos <strong>ser\u00e1n higienizados y desinfectados para abrir sus puertas con normalidad.<\/strong> Para cumplir con este objetivo, a trav\u00e9s de la Resoluci\u00f3n 3066\/2023, se dispuso la creaci\u00f3n de un <strong>suplemento no remunerativo y no bonificable de 12.500 pesos para que el personal auxiliar de la educaci\u00f3n realice las actividades de su competencia luego del cierre de los actos electorales<\/strong> de los d\u00edas 13 de agosto (PASO), 22 de octubre (Elecciones Generales) y, eventualmente, 19 de noviembre (Segunda Vuelta).<\/p>\n<p>&nbsp;<\/p>\n<p>Cabe resaltar que las tareas implican ordenar, limpiar y desinfectar todos los espacios del edificio escolar que se hayan visto afectados por la realizaci\u00f3n de los comicios (aulas, sanitarios, espacios comunes de circulaci\u00f3n, etc.), incluyendo el mobiliario. En dicha Resoluci\u00f3n tambi\u00e9n se establece que<strong> las autoridades de los establecimientos de gesti\u00f3n privada deben tomar las medidas necesarias para que la jornada escolar posterior al electoral se realice en su horario habitual.<\/strong><\/p>\n<p>&nbsp;<\/p>\n<p>Se estima que esta tarea demandar\u00e1 6 horas por cada 4 mesas electorales que hayan funcionado en el establecimiento. Por tanto, las tareas mencionadas<strong> deber\u00e1n realizarse con posterioridad al cierre de los comicios, entre las 18 y las 24 del d\u00eda de la elecci\u00f3n.<\/strong><\/p>\n","protected":false},"excerpt":{"rendered":"<p>Todas las instituciones educativas ser\u00e1n higienizadas y desinfectadas luego del recuento de votos para garantizar la jornada escolar habitual.<\/p>\n","protected":false},"author":5,"featured_media":38607,"comment_status":"closed","ping_status":"closed","sticky":false,"template":"","format":"standard","meta":{"_jetpack_memberships_contains_paid_content":false,"footnotes":""},"categories":[6,1],"tags":[],"class_list":["post-92777","post","type-post","status-publish","format-standard","has-post-thumbnail","hentry","category-nacionales","category-portada"],"jetpack_featured_media_url":"https:\/\/i0.wp.com\/cdnoticias.com\/wp-content\/uploads\/2021\/11\/elecciones-10.jpg?fit=1599%2C889&ssl=1","jetpack_sharing_enabled":true,"_links":{"self":[{"href":"https:\/\/cdnoticias.com\/index.php\/wp-json\/wp\/v2\/posts\/92777","targetHints":{"allow":["GET"]}}],"collection":[{"href":"https:\/\/cdnoticias.com\/index.php\/wp-json\/wp\/v2\/posts"}],"about":[{"href":"https:\/\/cdnoticias.com\/index.php\/wp-json\/wp\/v2\/types\/post"}],"author":[{"embeddable":true,"href":"https:\/\/cdnoticias.com\/index.php\/wp-json\/wp\/v2\/users\/5"}],"replies":[{"embeddable":true,"href":"https:\/\/cdnoticias.com\/index.php\/wp-json\/wp\/v2\/comments?post=92777"}],"version-history":[{"count":0,"href":"https:\/\/cdnoticias.com\/index.php\/wp-json\/wp\/v2\/posts\/92777\/revisions"}],"wp:featuredmedia":[{"embeddable":true,"href":"https:\/\/cdnoticias.com\/index.php\/wp-json\/wp\/v2\/media\/38607"}],"wp:attachment":[{"href":"https:\/\/cdnoticias.com\/index.php\/wp-json\/wp\/v2\/media?parent=92777"}],"wp:term":[{"taxonomy":"category","embeddable":true,"href":"https:\/\/cdnoticias.com\/index.php\/wp-json\/wp\/v2\/categories?post=92777"},{"taxonomy":"post_tag","embeddable":true,"href":"https:\/\/cdnoticias.com\/index.php\/wp-json\/wp\/v2\/tags?post=92777"}],"curies":[{"name":"wp","href":"https:\/\/api.w.org\/{rel}","templated":true}]}}