{"id":92754,"date":"2023-08-10T19:57:39","date_gmt":"2023-08-10T22:57:39","guid":{"rendered":"https:\/\/www.centraldenoticias.com.ar\/?p=92754"},"modified":"2023-08-10T19:58:13","modified_gmt":"2023-08-10T22:58:13","slug":"eduardo-rodriguez-cerro-su-campana-con-su-compromiso-con-la-salud-publica","status":"publish","type":"post","link":"https:\/\/cdnoticias.com\/index.php\/2023\/08\/10\/eduardo-rodriguez-cerro-su-campana-con-su-compromiso-con-la-salud-publica\/","title":{"rendered":"Eduardo Rodr\u00edguez cerr\u00f3 su campa\u00f1a con su compromiso con la Salud P\u00fablica"},"content":{"rendered":"<p>\u201cEstamos convencidos que el Hospital Municipal tiene que volver a dar certezas a los vecinos y vecinas de Olavarr\u00eda en el peor momento que puede pasar una persona que es el de la enfermedad\u201d resalt\u00f3 el precandidato a Intendente. <!--more--><\/p>\n<hr \/>\n<p>Este jueves,<strong> Eduardo Rodr\u00edguez realiz\u00f3 su cierre de campa\u00f1a <\/strong>con un<a href=\"https:\/\/www.youtube.com\/watch?v=4Ca4yWCVYuU\" target=\"_blank\" rel=\"noopener\"> video junto a los candidatos a Concejales y Consejeros Escolares<\/a> que integran la Lista 4 Celeste y Blanca en Uni\u00f3n por la Patria. La ubicaci\u00f3n elegida fue frente al Hospital Municipal \u201cH\u00e9ctor M. Cura\u201d donde el candidato reafirm\u00f3 su compromiso con la Sal\u00fad P\u00fablica y garantizar su acceso a todos los olavarrienses.<\/p>\n<p>&nbsp;<\/p>\n<p>\u201cVenimos a hacer el cierre de campa\u00f1a con esta imagen de fondo que es nuestro querido Hospital Municipal \u2018H\u00e9ctor M. Cura\u2019, emblema de Olavarr\u00eda como plaza m\u00e9dica\u201d, comenz\u00f3 diciendo Eduardo Rodr\u00edguez en su video disponible en redes sociales.<\/p>\n<p>&nbsp;<\/p>\n<p>\u201cNuestro compromiso, el m\u00edo como candidato a Intendente, el de esta lista de candidatos a Concejales y Consejeros Escolares, es justamente<strong> fortalecer el sistema de Salud P\u00fablica como la principal pol\u00edtica p\u00fablica de la Municipalidad\u201d<\/strong>, indic\u00f3 Eduardo.<\/p>\n<p>&nbsp;<\/p>\n<p><iframe loading=\"lazy\" title=\"YouTube video player\" src=\"https:\/\/www.youtube.com\/embed\/4Ca4yWCVYuU\" width=\"560\" height=\"315\" frameborder=\"0\" allowfullscreen=\"allowfullscreen\"><\/iframe><\/p>\n<p>&nbsp;<\/p>\n<p>A continuaci\u00f3n, agreg\u00f3: &#8220;<em><strong>Hacemos este cierre de campa\u00f1a ac\u00e1 porque estamos convencidos que el Hospital Municipal tiene que volver a dar certezas a los vecinos y vecinas de Olavarr\u00eda en el peor momento que puede pasar una persona que es el de la enfermedad\u201d.<\/strong><\/em><\/p>\n<p>&nbsp;<\/p>\n<p>En el video, Eduardo hace un repaso de sus propuestas concretas en materia Salud P\u00fablica que \u201ctienen que ver con recuperar un Hospital con una Direcci\u00f3n M\u00e9dica y una Direcci\u00f3n Administrativa, con dedicaci\u00f3n completa a la gesti\u00f3n hospitalaria\u201d.<\/p>\n<p>&nbsp;<\/p>\n<p>Otro de los puntos que resalta el candidato de la Lista 4 Celeste y Blanca en Uni\u00f3n por la Patria es el de <em>\u201crecuperar la atenci\u00f3n primaria de la salud. Que las unidades de atenci\u00f3n primaria vuelvan a ser el primer eslab\u00f3n de atenci\u00f3n de los vecinos y vecinas de Olavarr\u00eda y las localidades<\/em>\u201d, dijo concretamente en el video de cierre de campa\u00f1a.<\/p>\n<p>&nbsp;<\/p>\n<p>\u201cHay que <strong>mejorar el sistema de turnos por WhatsApp<\/strong> y tambi\u00e9n queremos que todos los olavarrienses que elijan el sistema p\u00fablico, sean<strong> atendidos de manera gratuita<\/strong>\u201d, son otras de las propuestas. Para eso, plante\u00f3 \u201celiminar el sistema de carnet hospitalario de manera tal de que los vecinos puedan atenderse en nuestro sistema y que el hospital le cobre a las obras sociales\u201d.<\/p>\n<p>&nbsp;<\/p>\n<p>Entre otra de las propuestas concretas que Eduardo mencion\u00f3 est\u00e1 el reconocimiento a los trabajadores del \u00e1rea de salud. <em>\u201cQueremos jerarquizar los recursos profesionales de la salud. Las y los m\u00e9dicos, nuestros enfermeros y enfermeras, nuestros administrativos del hospital, que tanto hicieron en la pandemia, tienen que ser reconocidos y jerarquizados\u201d<\/em> expres\u00f3.<\/p>\n<p>&nbsp;<\/p>\n<p>Adem\u00e1s, Eduardo mencion\u00f3 como prioridad \u201cimpulsar el medicamento como un bien social, que est\u00e9 al alcance de los vecinos. Para finalizar, Eduardo Rodr\u00edguez se comprometi\u00f3 a impulsar un Programa Municipal Integral de Salud Mental\u201d.<\/p>\n<p>&nbsp;<\/p>\n<blockquote><p>\u201cEl domingo que viene, el destino de Olavarr\u00eda est\u00e1 en tus manos\u201d, afirm\u00f3 Eduardo Rodr\u00edguez a lo que suma que su compromiso como candidato a Intendente y el de su lista de candidatos a Concejales y Consejeros Escolares es \u201ccon el vecino, con la sal\u00fad p\u00fablica y con las propuestas concretas que hemos llevado casa por casa a los olavarrienses\u201d.<\/p><\/blockquote>\n<p>&nbsp;<\/p>\n<p><strong><em>\u201cEl domingo 13 empezamos a votar el cambio de Intendente, el cambio de gesti\u00f3n municipal que empiece a priorizar el desarrollo y el progreso de los olavarrienses\u201d,<\/em> <\/strong>concluy\u00f3 Rodr\u00edguez.<\/p>\n","protected":false},"excerpt":{"rendered":"<p>\u201cEstamos convencidos que el Hospital Municipal tiene que volver a dar certezas a los vecinos y vecinas de Olavarr\u00eda en<\/p>\n","protected":false},"author":6,"featured_media":92764,"comment_status":"closed","ping_status":"closed","sticky":false,"template":"","format":"standard","meta":{"_jetpack_memberships_contains_paid_content":false,"footnotes":""},"categories":[4,1],"tags":[],"class_list":["post-92754","post","type-post","status-publish","format-standard","has-post-thumbnail","hentry","category-politica","category-portada"],"jetpack_featured_media_url":"https:\/\/i0.wp.com\/cdnoticias.com\/wp-content\/uploads\/2023\/08\/ForoCierreEduardoR.jpg?fit=800%2C500&ssl=1","jetpack_sharing_enabled":true,"_links":{"self":[{"href":"https:\/\/cdnoticias.com\/index.php\/wp-json\/wp\/v2\/posts\/92754","targetHints":{"allow":["GET"]}}],"collection":[{"href":"https:\/\/cdnoticias.com\/index.php\/wp-json\/wp\/v2\/posts"}],"about":[{"href":"https:\/\/cdnoticias.com\/index.php\/wp-json\/wp\/v2\/types\/post"}],"author":[{"embeddable":true,"href":"https:\/\/cdnoticias.com\/index.php\/wp-json\/wp\/v2\/users\/6"}],"replies":[{"embeddable":true,"href":"https:\/\/cdnoticias.com\/index.php\/wp-json\/wp\/v2\/comments?post=92754"}],"version-history":[{"count":0,"href":"https:\/\/cdnoticias.com\/index.php\/wp-json\/wp\/v2\/posts\/92754\/revisions"}],"wp:featuredmedia":[{"embeddable":true,"href":"https:\/\/cdnoticias.com\/index.php\/wp-json\/wp\/v2\/media\/92764"}],"wp:attachment":[{"href":"https:\/\/cdnoticias.com\/index.php\/wp-json\/wp\/v2\/media?parent=92754"}],"wp:term":[{"taxonomy":"category","embeddable":true,"href":"https:\/\/cdnoticias.com\/index.php\/wp-json\/wp\/v2\/categories?post=92754"},{"taxonomy":"post_tag","embeddable":true,"href":"https:\/\/cdnoticias.com\/index.php\/wp-json\/wp\/v2\/tags?post=92754"}],"curies":[{"name":"wp","href":"https:\/\/api.w.org\/{rel}","templated":true}]}}