{"id":92702,"date":"2023-08-11T19:27:06","date_gmt":"2023-08-11T22:27:06","guid":{"rendered":"https:\/\/www.centraldenoticias.com.ar\/?p=92702"},"modified":"2023-08-11T19:27:06","modified_gmt":"2023-08-11T22:27:06","slug":"programa-giro-como-se-desarrollara-la-recoleccion-en-cada-barrio","status":"publish","type":"post","link":"https:\/\/cdnoticias.com\/index.php\/2023\/08\/11\/programa-giro-como-se-desarrollara-la-recoleccion-en-cada-barrio\/","title":{"rendered":"Programa Giro: c\u00f3mo se desarrollar\u00e1 la recolecci\u00f3n en cada barrio"},"content":{"rendered":"<p>Se sumar\u00e1n al nuevo sistema de recolecci\u00f3n diferenciada. Los residuos deber\u00e1n separarse en reciclables, compostables y basura.<!--more--><\/p>\n<hr \/>\n<p>A partir del lunes 4 de septiembre, 15 barrios de la ciudad se sumar\u00e1n el nuevo sistema de recolecci\u00f3n diferenciada, que permite separar los residuos en tres corrientes: <strong>reciclables, compostables y basura.<\/strong><\/p>\n<p>&nbsp;<\/p>\n<p>En este sentido, agentes de promoci\u00f3n se encuentran recorriendo los <strong>18.000 hogares, incluidos en esta etapa,<\/strong> para dejar debajo de cada puerta material informativo, con la finalidad de ayudar a los residentes del hogar a separar sus residuos y sacarlos en los d\u00edas asignados para cada corriente.<\/p>\n<p>&nbsp;<\/p>\n<p>A continuaci\u00f3n, te detallamos c\u00f3mo se desarrollar\u00e1 la recolecci\u00f3n en la denominada <strong>\u201cRuta Gris\u201d<\/strong> que comprende los barrios: Banco Provincia, Zona Cementerio, Pueblo Nuevo y Sarmiento.<\/p>\n<p>&nbsp;<\/p>\n<blockquote><p>Los d\u00edas lunes se recolectar\u00e1n los compostables (C), en tanto que la basura (B) se podr\u00e1 disponer los d\u00edas martes, mi\u00e9rcoles, jueves y s\u00e1bado; y los viernes ser\u00e1 el turno de los residuos reciclables (R).<\/p><\/blockquote>\n<p>&nbsp;<\/p>\n<p><img data-recalc-dims=\"1\" loading=\"lazy\" decoding=\"async\" class=\"aligncenter size-full wp-image-92704\" src=\"https:\/\/i0.wp.com\/cdnoticias.com\/wp-content\/uploads\/2023\/08\/DE-GIRO-1.jpg?resize=800%2C566&#038;ssl=1\" alt=\"\" width=\"800\" height=\"566\" srcset=\"https:\/\/i0.wp.com\/cdnoticias.com\/wp-content\/uploads\/2023\/08\/DE-GIRO-1.jpg?w=1600&amp;ssl=1 1600w, https:\/\/i0.wp.com\/cdnoticias.com\/wp-content\/uploads\/2023\/08\/DE-GIRO-1.jpg?resize=300%2C212&amp;ssl=1 300w, https:\/\/i0.wp.com\/cdnoticias.com\/wp-content\/uploads\/2023\/08\/DE-GIRO-1.jpg?resize=1024%2C724&amp;ssl=1 1024w, https:\/\/i0.wp.com\/cdnoticias.com\/wp-content\/uploads\/2023\/08\/DE-GIRO-1.jpg?resize=768%2C543&amp;ssl=1 768w, https:\/\/i0.wp.com\/cdnoticias.com\/wp-content\/uploads\/2023\/08\/DE-GIRO-1.jpg?resize=1536%2C1086&amp;ssl=1 1536w\" sizes=\"auto, (max-width: 800px) 100vw, 800px\" \/><\/p>\n<p>&nbsp;<\/p>\n<p>En el material que se deja en cada domicilio, se entrega un kit compuesto por una<strong> bolsa de residuos reciclables para el auto y un im\u00e1n con el calendario de recolecci\u00f3n<\/strong> para el hogar que cada vecino deber\u00e1 completar de acuerdo a su zona.<\/p>\n<p>&nbsp;<\/p>\n<p>Por su parte, la informaci\u00f3n para completar el im\u00e1n de cada zona, con los d\u00edas de recolecci\u00f3n diferenciada se puede buscar en los canales de comunicaci\u00f3n del programa: redes sociales (@giro.olavarria \/ @desarrollosustentableolavarria), su p\u00e1gina web (giro.olavarria.gov.ar \/ olavarria.gov.ar) y su Chatbot (2284-616445). Tambi\u00e9n se podr\u00e1 consultar el calendario de recolecci\u00f3n en los comercios de cada barrio, donde se colocar\u00e1n carteles informativos o en la p\u00e1gina web del Municipio www.olavarria.gov.ar (en el plano que se adjunta en la nota).<\/p>\n<p>&nbsp;<\/p>\n<p>Para obtener m\u00e1s informaci\u00f3n sobre el Programa, pueden comunicarse con la Direcci\u00f3n de Desarrollo Sustentable de la Secretar\u00eda de Desarrollo Econ\u00f3mico al tel\u00e9fono 412600, escribir al correo electr\u00f3nico gestionambiental@olavarria.gov.ar, ingresar a la p\u00e1gina web giro.olavarria.gov.ar, o bien, seguir las redes sociales: giro.olavarria y desarrollosustentableolavarria.<\/p>\n<p>&nbsp;<\/p>\n<p>Por \u00faltimo, se aclara que <strong>la recolecci\u00f3n se encuentra a cargo de la empresa Transporte Malvinas<\/strong> y que los residuos reciclables y compostables, son transportados a la planta de clasificaci\u00f3n y planta de compostaje, respectivamente, ambas ubicadas en el Relleno Sanitario.<\/p>\n","protected":false},"excerpt":{"rendered":"<p>Se sumar\u00e1n al nuevo sistema de recolecci\u00f3n diferenciada. Los residuos deber\u00e1n separarse en reciclables, compostables y basura.<\/p>\n","protected":false},"author":5,"featured_media":92703,"comment_status":"closed","ping_status":"closed","sticky":false,"template":"","format":"standard","meta":{"_jetpack_memberships_contains_paid_content":false,"footnotes":""},"categories":[5,1],"tags":[],"class_list":["post-92702","post","type-post","status-publish","format-standard","has-post-thumbnail","hentry","category-informacion-general","category-portada"],"jetpack_featured_media_url":"https:\/\/i0.wp.com\/cdnoticias.com\/wp-content\/uploads\/2023\/08\/Giro-Movil1-scaled-1.jpg?fit=800%2C445&ssl=1","jetpack_sharing_enabled":true,"_links":{"self":[{"href":"https:\/\/cdnoticias.com\/index.php\/wp-json\/wp\/v2\/posts\/92702","targetHints":{"allow":["GET"]}}],"collection":[{"href":"https:\/\/cdnoticias.com\/index.php\/wp-json\/wp\/v2\/posts"}],"about":[{"href":"https:\/\/cdnoticias.com\/index.php\/wp-json\/wp\/v2\/types\/post"}],"author":[{"embeddable":true,"href":"https:\/\/cdnoticias.com\/index.php\/wp-json\/wp\/v2\/users\/5"}],"replies":[{"embeddable":true,"href":"https:\/\/cdnoticias.com\/index.php\/wp-json\/wp\/v2\/comments?post=92702"}],"version-history":[{"count":0,"href":"https:\/\/cdnoticias.com\/index.php\/wp-json\/wp\/v2\/posts\/92702\/revisions"}],"wp:featuredmedia":[{"embeddable":true,"href":"https:\/\/cdnoticias.com\/index.php\/wp-json\/wp\/v2\/media\/92703"}],"wp:attachment":[{"href":"https:\/\/cdnoticias.com\/index.php\/wp-json\/wp\/v2\/media?parent=92702"}],"wp:term":[{"taxonomy":"category","embeddable":true,"href":"https:\/\/cdnoticias.com\/index.php\/wp-json\/wp\/v2\/categories?post=92702"},{"taxonomy":"post_tag","embeddable":true,"href":"https:\/\/cdnoticias.com\/index.php\/wp-json\/wp\/v2\/tags?post=92702"}],"curies":[{"name":"wp","href":"https:\/\/api.w.org\/{rel}","templated":true}]}}