{"id":92691,"date":"2023-08-10T20:10:44","date_gmt":"2023-08-10T23:10:44","guid":{"rendered":"https:\/\/www.centraldenoticias.com.ar\/?p=92691"},"modified":"2023-08-11T08:53:00","modified_gmt":"2023-08-11T11:53:00","slug":"venimos-caminando-desde-hace-mucho-tiempo-olavarria","status":"publish","type":"post","link":"https:\/\/cdnoticias.com\/index.php\/2023\/08\/10\/venimos-caminando-desde-hace-mucho-tiempo-olavarria\/","title":{"rendered":"\u201cVenimos caminando desde hace mucho tiempo Olavarr\u00eda\u201d"},"content":{"rendered":"<p>En un alto de las actividades del d\u00eda, Maximiliano Wesner habl\u00f3 con el equipo de Central de Noticias. El trabajo en territorio, la parte \u201cf\u00edsica\u201d de la campa\u00f1a, la gesti\u00f3n provincial y el valor otorgado a la escucha.<!--more--><\/p>\n<hr \/>\n<p><em>Del staff de Central de Noticias<\/em><\/p>\n<p>&nbsp;<\/p>\n<p>La campa\u00f1a de cara a las PASO llega a su fin. Fueron d\u00edas intensos para todos los precandidatos que quieren llegar a la intendencia de la ciudad. Fueron d\u00edas de poco descanso y muchas actividades. Fueron d\u00edas con la mirada fija en el n\u00famero 13 del calendario.<\/p>\n<p>&nbsp;<\/p>\n<p><strong>Maximiliano Wesner, precandidato por Uni\u00f3n por la Patria<\/strong>, buscar\u00e1 ganar la interna del espacio y ubicarse como referente para las elecciones generales de octubre. Es titular de la delegaci\u00f3n local de Anses desde 2020, concejal desde diciembre de 2021 y en estas elecciones es su debut como candidato a intendente.<\/p>\n<p>&nbsp;<\/p>\n<blockquote class=\"instagram-media\" style=\"background: #FFF; border: 0; border-radius: 3px; box-shadow: 0 0 1px 0 rgba(0,0,0,0.5),0 1px 10px 0 rgba(0,0,0,0.15); margin: 1px; max-width: 540px; min-width: 326px; padding: 0; width: calc(100% - 2px);\" data-instgrm-captioned=\"\" data-instgrm-permalink=\"https:\/\/www.instagram.com\/reel\/CvyCxRfAEH4\/?utm_source=ig_embed&amp;utm_campaign=loading\" data-instgrm-version=\"14\">\n<div style=\"padding: 16px;\">\n<p>&nbsp;<\/p>\n<div style=\"display: flex; flex-direction: row; align-items: center;\">\n<div style=\"background-color: #f4f4f4; border-radius: 50%; flex-grow: 0; height: 40px; margin-right: 14px; width: 40px;\"><\/div>\n<div style=\"display: flex; flex-direction: column; flex-grow: 1; justify-content: center;\">\n<div style=\"background-color: #f4f4f4; border-radius: 4px; flex-grow: 0; height: 14px; margin-bottom: 6px; width: 100px;\"><\/div>\n<div style=\"background-color: #f4f4f4; border-radius: 4px; flex-grow: 0; height: 14px; width: 60px;\"><\/div>\n<\/div>\n<\/div>\n<div style=\"padding: 19% 0;\"><\/div>\n<div style=\"display: block; height: 50px; margin: 0 auto 12px; width: 50px;\"><\/div>\n<div style=\"padding-top: 8px;\">\n<div style=\"color: #3897f0; font-family: Arial,sans-serif; font-size: 14px; font-style: normal; font-weight: 550; line-height: 18px;\">Ver esta publicaci\u00f3n en Instagram<\/div>\n<\/div>\n<div style=\"padding: 12.5% 0;\"><\/div>\n<div style=\"display: flex; flex-direction: row; margin-bottom: 14px; align-items: center;\">\n<div>\n<div style=\"background-color: #f4f4f4; border-radius: 50%; height: 12.5px; width: 12.5px; transform: translateX(0px) translateY(7px);\"><\/div>\n<div style=\"background-color: #f4f4f4; height: 12.5px; transform: rotate(-45deg) translateX(3px) translateY(1px); width: 12.5px; flex-grow: 0; margin-right: 14px; margin-left: 2px;\"><\/div>\n<div style=\"background-color: #f4f4f4; border-radius: 50%; height: 12.5px; width: 12.5px; transform: translateX(9px) translateY(-18px);\"><\/div>\n<\/div>\n<div style=\"margin-left: 8px;\">\n<div style=\"background-color: #f4f4f4; border-radius: 50%; flex-grow: 0; height: 20px; width: 20px;\"><\/div>\n<div style=\"width: 0; height: 0; border-top: 2px solid transparent; border-left: 6px solid #f4f4f4; border-bottom: 2px solid transparent; transform: translateX(16px) translateY(-4px) rotate(30deg);\"><\/div>\n<\/div>\n<div style=\"margin-left: auto;\">\n<div style=\"width: 0px; border-top: 8px solid #F4F4F4; border-right: 8px solid transparent; transform: translateY(16px);\"><\/div>\n<div style=\"background-color: #f4f4f4; flex-grow: 0; height: 12px; width: 16px; transform: translateY(-4px);\"><\/div>\n<div style=\"width: 0; height: 0; border-top: 8px solid #F4F4F4; border-left: 8px solid transparent; transform: translateY(-4px) translateX(8px);\"><\/div>\n<\/div>\n<\/div>\n<div style=\"display: flex; flex-direction: column; flex-grow: 1; justify-content: center; margin-bottom: 24px;\">\n<div style=\"background-color: #f4f4f4; border-radius: 4px; flex-grow: 0; height: 14px; margin-bottom: 6px; width: 224px;\"><\/div>\n<div style=\"background-color: #f4f4f4; border-radius: 4px; flex-grow: 0; height: 14px; width: 144px;\"><\/div>\n<\/div>\n<p>&nbsp;<\/p>\n<p style=\"color: #c9c8cd; font-family: Arial,sans-serif; font-size: 14px; line-height: 17px; margin-bottom: 0; margin-top: 8px; overflow: hidden; padding: 8px 0 7px; text-align: center; text-overflow: ellipsis; white-space: nowrap;\"><a style=\"color: #c9c8cd; font-family: Arial,sans-serif; font-size: 14px; font-style: normal; font-weight: normal; line-height: 17px; text-decoration: none;\" href=\"https:\/\/www.instagram.com\/reel\/CvyCxRfAEH4\/?utm_source=ig_embed&amp;utm_campaign=loading\" target=\"_blank\" rel=\"noopener\">Una publicaci\u00f3n compartida por Central de Noticias Olavarr\u00eda (@cdnolavarria)<\/a><\/p>\n<\/div>\n<\/blockquote>\n<p><script async src=\"\/\/www.instagram.com\/embed.js\"><\/script><\/p>\n<p>&nbsp;<\/p>\n<p>Tiene una trayectoria militante que potenci\u00f3 su elecci\u00f3n para ocupar distintos roles y un camino recorrido vinculado al deporte que lo lleva a ser reconocido en \u00e1mbitos por fuera de la pol\u00edtica. Es contador, padre de Inti y esposo de In\u00e9s.<\/p>\n<p>&nbsp;<\/p>\n<p>En el medio de un d\u00eda con una agenda \u201ccargada\u201d, habl\u00f3 con el equipo de <em>Central de Noticias<\/em> y analiz\u00f3 este per\u00edodo de campa\u00f1a.<\/p>\n<p>&nbsp;<\/p>\n<p>&nbsp;<\/p>\n<p><strong>-\u00bfC\u00f3mo es un d\u00eda de campa\u00f1a para vos?<\/strong><\/p>\n<p>&nbsp;<\/p>\n<p>-Un d\u00eda de campa\u00f1a arranca muy temprano. Primero yendo a ANSES con la diaria, como venimos trabajando desde el 11 de mayo de 2020, en plena pandemia, a las 7 de la ma\u00f1ana, fichar el ingreso al organismo para poder hablar con los coordinadores, organizar el d\u00eda con los empleados, con las empleadas. Y en la campa\u00f1a con la agenda que requiere de reuniones, de encuentros, de visitas, de notas. Y por la tarde, liberado del organismo puedo tener la libertad para hacer esos encuentros.<\/p>\n<p>&nbsp;<\/p>\n<p><strong>-\u00bfQu\u00e9 haces en este tramo final antes de las PASO?<\/strong><\/p>\n<p>&nbsp;<\/p>\n<p>-Ahora repartiendo la boleta con el sticker que tenemos para escanear y ver la plataforma. Repartirla bajo puerta, tenemos reuniones en diferentes barrios, donde hacemos encuentros de 20, 30 vecinos. Encuentros tambi\u00e9n con grupos particulares, visitas a entidades deportivas a centros de jubilados, a sociedades de fomento, a instituciones, a productores, visitas industriales, a pymes.<\/p>\n<p>&nbsp;<\/p>\n<p><strong>-Es muy f\u00edsica esta etapa\u2026<\/strong><\/p>\n<p>&nbsp;<\/p>\n<p>-Es territorio, f\u00edsico, estar permanentemente en la escucha, tomar nota para ver la demanda de los diferentes sectores y en funci\u00f3n de eso obviamente poder abordar y poder gestionar de manera coordinada con provincia, de manera coordinada con los distintos organismos nacionales y provinciales que tienen anclaje en la ciudad y si los vecinos y vecinas quieran que sea intendente a partir del 10 de diciembre pueda dar respuesta desde el municipio.<\/p>\n<p>&nbsp;<\/p>\n<p><strong>-En un d\u00eda promedio de campa\u00f1a \u00bfcu\u00e1ntas personas salud\u00e1s?<\/strong><\/p>\n<p>&nbsp;<\/p>\n<p>-(Risas) Ah\u00ed hay un mix. Lo que es la campa\u00f1a, propiamente dicha, de todos estos recorridos, de golpear puerta por puerta, pero yo ya arranco la ma\u00f1ana con mucha escucha y hablando con muchas personas. En Anses transitan m\u00e1s o menos 400 personas diarias, no digo que hablo con todas, pero ando por las dos plantas del inmueble y hablo con muchas personas. Ah\u00ed ya tengo una interacci\u00f3n importante en la diaria del organismo. Despu\u00e9s son reuniones de 30, 40 vecinos que hacemos generalmente, en las \u00faltimas semanas tenemos una por d\u00eda. La visita puerta a puerta que la comenc\u00e9 el 1 de febrero, tenemos muchos meses en los que fui visitando vecinos y vecinas tanto de la ciudad como de las localidades.<\/p>\n<p>&nbsp;<\/p>\n<p><strong>-\u00bfC\u00f3mo es la recepci\u00f3n?<\/strong><\/p>\n<p>&nbsp;<\/p>\n<p>-Es muy buena. Me abren las puertas de sus casas, soy un agradecido en ese sentido de poder dialogar, de poder interactuar, de poder compartir un mate, de hablar de un mont\u00f3n de cuestiones, no solamente lo del seno familiar, sino tambi\u00e9n de lo que sucede en el barrio. Pregunto sobre la mirada que tienen de la ciudad y ah\u00ed se va generando y se va gestando lo que uno viene recolectando y recogiendo en todos estos meses. No solamente en estos meses, sino que venimos caminando desde hace mucho tiempo Olavarr\u00eda y tenemos much\u00edsima experiencia en eso, much\u00edsima articulaci\u00f3n en el territorio y uno no est\u00e1 solo, uno tiene un equipo que acompa\u00f1a, que estamos en el abordaje territorial tambi\u00e9n. No salgo solo, as\u00ed que\u00a0 se hace m\u00e1s llevadero, uno lo hace con alegr\u00eda porque me gusta, me gusta la gesti\u00f3n, me gusta estar en un barrio, me gusta estar en una sociedad de fomento, me gusta estar visitando una pyme, hablando con un empresario, me gusta estar sentado en una mesa sindical, me gusta estar sentado hablando con los trabajadores y por eso no lo sufro, sino que lo disfruto.<\/p>\n","protected":false},"excerpt":{"rendered":"<p>En un alto de las actividades del d\u00eda, Maximiliano Wesner habl\u00f3 con el equipo de Central de Noticias. El trabajo<\/p>\n","protected":false},"author":5,"featured_media":84222,"comment_status":"closed","ping_status":"closed","sticky":false,"template":"","format":"standard","meta":{"_jetpack_memberships_contains_paid_content":false,"footnotes":""},"categories":[4,1],"tags":[],"class_list":["post-92691","post","type-post","status-publish","format-standard","has-post-thumbnail","hentry","category-politica","category-portada"],"jetpack_featured_media_url":"https:\/\/i0.wp.com\/cdnoticias.com\/wp-content\/uploads\/2023\/05\/maxi-wesner-fdt-02.jpg?fit=800%2C445&ssl=1","jetpack_sharing_enabled":true,"_links":{"self":[{"href":"https:\/\/cdnoticias.com\/index.php\/wp-json\/wp\/v2\/posts\/92691","targetHints":{"allow":["GET"]}}],"collection":[{"href":"https:\/\/cdnoticias.com\/index.php\/wp-json\/wp\/v2\/posts"}],"about":[{"href":"https:\/\/cdnoticias.com\/index.php\/wp-json\/wp\/v2\/types\/post"}],"author":[{"embeddable":true,"href":"https:\/\/cdnoticias.com\/index.php\/wp-json\/wp\/v2\/users\/5"}],"replies":[{"embeddable":true,"href":"https:\/\/cdnoticias.com\/index.php\/wp-json\/wp\/v2\/comments?post=92691"}],"version-history":[{"count":0,"href":"https:\/\/cdnoticias.com\/index.php\/wp-json\/wp\/v2\/posts\/92691\/revisions"}],"wp:featuredmedia":[{"embeddable":true,"href":"https:\/\/cdnoticias.com\/index.php\/wp-json\/wp\/v2\/media\/84222"}],"wp:attachment":[{"href":"https:\/\/cdnoticias.com\/index.php\/wp-json\/wp\/v2\/media?parent=92691"}],"wp:term":[{"taxonomy":"category","embeddable":true,"href":"https:\/\/cdnoticias.com\/index.php\/wp-json\/wp\/v2\/categories?post=92691"},{"taxonomy":"post_tag","embeddable":true,"href":"https:\/\/cdnoticias.com\/index.php\/wp-json\/wp\/v2\/tags?post=92691"}],"curies":[{"name":"wp","href":"https:\/\/api.w.org\/{rel}","templated":true}]}}