{"id":92673,"date":"2023-08-10T19:00:24","date_gmt":"2023-08-10T22:00:24","guid":{"rendered":"https:\/\/www.centraldenoticias.com.ar\/?p=92673"},"modified":"2023-08-10T19:00:24","modified_gmt":"2023-08-10T22:00:24","slug":"se-retomaron-las-audiencias-del-juicio-por-crimenes-de-lesa-humanidad","status":"publish","type":"post","link":"https:\/\/cdnoticias.com\/index.php\/2023\/08\/10\/se-retomaron-las-audiencias-del-juicio-por-crimenes-de-lesa-humanidad\/","title":{"rendered":"Se retomaron las audiencias del juicio por cr\u00edmenes de lesa humanidad"},"content":{"rendered":"<p>En la jornada n\u00famero 37 presentaron cuatro testimonios del tramo de la causa de Azul.<!--more--><\/p>\n<hr \/>\n<p><em>Por: Soledad Restivo &#8211; Agencia Comunica\/FACSO-UNICEN<\/em><\/p>\n<p>&nbsp;<\/p>\n<p>Luego del receso de invierno el pasado viernes se retomaron las audiencias del juicio por delitos de lesa humanidad cometidos en el centro de la Provincia de Buenos Aires. Durante la <strong>jornada n\u00famero 37 <\/strong>se presentaron cuatro testimonios del tramo de la causa de Azul.<\/p>\n<p>&nbsp;<\/p>\n<p><strong>Mar\u00eda Morena De la Fuente<\/strong> declar\u00f3, desde Ecuador, sobre la detenci\u00f3n que sufri\u00f3 su padre. Tambi\u00e9n relat\u00f3 su exilio y el impacto que esto tuvo en su familia. Ricardo De la Fuente era periodista en el Diario \u201cEl Tiempo\u201d de Azul. La madrugada del 24 de marzo de 1976, aproximadamente a la 1:30, fue detenido por un grupo de militares en la redacci\u00f3n del peri\u00f3dico ubicada en la intersecci\u00f3n de las calles Burgos y Belgrano. De all\u00ed fue trasladado a la Unidad 7, donde permaneci\u00f3 privado de su libertad hasta el d\u00eda 4 de abril de 1976. Las persecuciones no cesaron y la familia corri\u00f3 al exilio en Ecuador junto con la familia de Osvaldo Laurini.<\/p>\n<p>&nbsp;<\/p>\n<p><strong>Rogelio Juan L\u00f3pez<\/strong>, quien en abril de 1976 era el Secretario General de ATE, dio su testimonio alegando que lo detuvieron en la sede del gremio. Durante su detenci\u00f3n, le confiscaron la documentaci\u00f3n del sindicato y fue maltratado. Estuvo incomunicado en la Comisar\u00eda Primera en Saladillo. Le realizaron preguntas sobre su sustento y actividades, critic\u00e1ndolo por su lucha por mejores condiciones laborales. Un sargento se encarg\u00f3 especialmente de proferir amenazas contra su familia. Finalmente, fue trasladado a Azul y posteriormente, lo llevaron a La Plata. Despu\u00e9s de unos 20 d\u00edas, obtuvo la libertad vigilada y, m\u00e1s adelante, la libertad &#8220;definitiva&#8221;.<\/p>\n<p>&nbsp;<\/p>\n<p>Esta experiencia afect\u00f3 su vida posterior, llev\u00e1ndolo a dejar el gremio debido al sufrimiento de su familia y la incertidumbre de la desaparici\u00f3n de algunos compa\u00f1eros. Durante su tiempo en prisi\u00f3n, dijo que lo trataban relativamente bien, pero vio a otras personas detenidas en condiciones inhumanas.<\/p>\n<p>&nbsp;<\/p>\n<p><strong>Ricardo Sergio Mart\u00ednez<\/strong> declar\u00f3 sobre los sucesos que afectaron a su padre, Ricardo Ram\u00f3n Mart\u00ednez. El testigo ten\u00eda solo 2 a\u00f1os en 1976 y sus padres fallecieron. Su padre fue detenido y estuvo desaparecido por un tiempo, pero no tiene muchos detalles sobre lo sucedido.<\/p>\n<p>&nbsp;<\/p>\n<p><strong>David Acosta<\/strong> declar\u00f3 sobre los hechos relacionados con su padre, quien trabajaba en el campo de changas y fue arrestado por la polic\u00eda. En ese momento, tambi\u00e9n se encontraba en el mismo grupo su t\u00edo. David se\u00f1alo que su padre no ha querido hablar mucho sobre ese per\u00edodo porque le genera malestar. Tanto su padre como su t\u00edo, quien estuvo preso durante 8 meses, evitan hablar del tema. Dijo que su pap\u00e1 est\u00e1 muy mal de salud y que, cuando le preguntaron por la audiencia, se puso a\u00fan peor, experimentando un deterioro en su salud, con problemas para dormir y un estado de \u00e1nimo muy afectado.<\/p>\n<p>&nbsp;<\/p>\n<p>El TOF 1 de Mar del Plata, integrado por los jueces Nicol\u00e1s Tosselli, Fernando Machado Peloni y Luis Imaz realizar\u00e1 la siguiente jornada el pr\u00f3ximo viernes 11 de agosto a las 10:30. Las audiencias se realizan de manera mixta y por medios telem\u00e1ticos, y tambi\u00e9n son retransmitidas en el Aula Magna de la UNICEN en Tandil y el Centro de Postgrado de la Facultad de Derecho en Azul. El juicio por cr\u00edmenes de lesa humanidad cometidos en la subzona 12, que abarca toda la regi\u00f3n centro bonaerense, comenz\u00f3 el 25 de febrero con 28 imputados exmilitares, polic\u00edas y agentes penitenciarios.<\/p>\n<p>&nbsp;<\/p>\n","protected":false},"excerpt":{"rendered":"<p>En la jornada n\u00famero 37 presentaron cuatro testimonios del tramo de la causa de Azul.<\/p>\n","protected":false},"author":5,"featured_media":92674,"comment_status":"closed","ping_status":"closed","sticky":false,"template":"","format":"standard","meta":{"_jetpack_memberships_contains_paid_content":false,"footnotes":""},"categories":[5,1],"tags":[],"class_list":["post-92673","post","type-post","status-publish","format-standard","has-post-thumbnail","hentry","category-informacion-general","category-portada"],"jetpack_featured_media_url":"https:\/\/i0.wp.com\/cdnoticias.com\/wp-content\/uploads\/2023\/08\/Audiencia-juicio1.jpg?fit=800%2C445&ssl=1","jetpack_sharing_enabled":true,"_links":{"self":[{"href":"https:\/\/cdnoticias.com\/index.php\/wp-json\/wp\/v2\/posts\/92673","targetHints":{"allow":["GET"]}}],"collection":[{"href":"https:\/\/cdnoticias.com\/index.php\/wp-json\/wp\/v2\/posts"}],"about":[{"href":"https:\/\/cdnoticias.com\/index.php\/wp-json\/wp\/v2\/types\/post"}],"author":[{"embeddable":true,"href":"https:\/\/cdnoticias.com\/index.php\/wp-json\/wp\/v2\/users\/5"}],"replies":[{"embeddable":true,"href":"https:\/\/cdnoticias.com\/index.php\/wp-json\/wp\/v2\/comments?post=92673"}],"version-history":[{"count":0,"href":"https:\/\/cdnoticias.com\/index.php\/wp-json\/wp\/v2\/posts\/92673\/revisions"}],"wp:featuredmedia":[{"embeddable":true,"href":"https:\/\/cdnoticias.com\/index.php\/wp-json\/wp\/v2\/media\/92674"}],"wp:attachment":[{"href":"https:\/\/cdnoticias.com\/index.php\/wp-json\/wp\/v2\/media?parent=92673"}],"wp:term":[{"taxonomy":"category","embeddable":true,"href":"https:\/\/cdnoticias.com\/index.php\/wp-json\/wp\/v2\/categories?post=92673"},{"taxonomy":"post_tag","embeddable":true,"href":"https:\/\/cdnoticias.com\/index.php\/wp-json\/wp\/v2\/tags?post=92673"}],"curies":[{"name":"wp","href":"https:\/\/api.w.org\/{rel}","templated":true}]}}