{"id":92657,"date":"2023-08-09T20:30:00","date_gmt":"2023-08-09T23:30:00","guid":{"rendered":"https:\/\/www.centraldenoticias.com.ar\/?p=92657"},"modified":"2023-08-10T08:36:59","modified_gmt":"2023-08-10T11:36:59","slug":"una-tercera-gestion-seria-como-el-broche-de-oro-para-mi-paso-por-la-intendencia","status":"publish","type":"post","link":"https:\/\/cdnoticias.com\/index.php\/2023\/08\/09\/una-tercera-gestion-seria-como-el-broche-de-oro-para-mi-paso-por-la-intendencia\/","title":{"rendered":"Una tercera gesti\u00f3n \u201cser\u00eda como el broche de oro para mi paso por la Intendencia\u201d"},"content":{"rendered":"<p>Luego de un agitado d\u00eda acompa\u00f1ando a Ezequiel Galli, hubo un momento para hablar, a solas, con Central de Noticias. El trabajo de hasta 16 horas, su sost\u00e9n, la decisi\u00f3n de ser intendente y los proyectos a largo plazo. \u201cTenemos todav\u00eda desaf\u00edos por delante\u201d. <!--more--><\/p>\n<hr \/>\n<p><em>Del staff de Central de Noticias<\/em><\/p>\n<p>&nbsp;<\/p>\n<p><strong>Combinar gesti\u00f3n, campa\u00f1a y su vida familiar es dif\u00edcil.<\/strong> Pero las ganas de llegar a un tercer mandato \u2013consecutivo- puede m\u00e1s:<strong> Ezequiel Galli va por los 12 a\u00f1os de mandato para concretar su proyecto de ciudad: entiende que no alcanza para llevar adelante proyectos que exceden un solo mandato y buscar\u00e1 ratificarlo primero en las urnas y luego en la gesti\u00f3n.<\/strong><\/p>\n<p>&nbsp;<\/p>\n<p>En un parate de sus actividades, entre firmas de decretos y comida en su despacho (el que ocupa desde el 10 de diciembre de 2015) <strong>el Intendente y precandidato de Juntos por el Cambio (del sector de referencia en Horacio Rodr\u00edguez Larreta y Diego Santilli) Galli aprovech\u00f3 para dialogar con Central de Noticias sobre varios temas.<\/strong><\/p>\n<p>&nbsp;<\/p>\n<blockquote class=\"instagram-media\" style=\"background: #FFF; border: 0; border-radius: 3px; box-shadow: 0 0 1px 0 rgba(0,0,0,0.5),0 1px 10px 0 rgba(0,0,0,0.15); margin: 1px; max-width: 540px; min-width: 326px; padding: 0; width: calc(100% - 2px);\" data-instgrm-captioned=\"\" data-instgrm-permalink=\"https:\/\/www.instagram.com\/reel\/CvvgMWJgdXo\/?utm_source=ig_embed&amp;utm_campaign=loading\" data-instgrm-version=\"14\">\n<div style=\"padding: 16px;\">\n<p>&nbsp;<\/p>\n<div style=\"display: flex; flex-direction: row; align-items: center;\">\n<div style=\"background-color: #f4f4f4; border-radius: 50%; flex-grow: 0; height: 40px; margin-right: 14px; width: 40px;\"><\/div>\n<div style=\"display: flex; flex-direction: column; flex-grow: 1; justify-content: center;\">\n<div style=\"background-color: #f4f4f4; border-radius: 4px; flex-grow: 0; height: 14px; margin-bottom: 6px; width: 100px;\"><\/div>\n<div style=\"background-color: #f4f4f4; border-radius: 4px; flex-grow: 0; height: 14px; width: 60px;\"><\/div>\n<\/div>\n<\/div>\n<div style=\"padding: 19% 0;\"><\/div>\n<div style=\"display: block; height: 50px; margin: 0 auto 12px; width: 50px;\"><\/div>\n<div style=\"padding-top: 8px;\">\n<div style=\"color: #3897f0; font-family: Arial,sans-serif; font-size: 14px; font-style: normal; font-weight: 550; line-height: 18px;\">Ver esta publicaci\u00f3n en Instagram<\/div>\n<\/div>\n<div style=\"padding: 12.5% 0;\"><\/div>\n<div style=\"display: flex; flex-direction: row; margin-bottom: 14px; align-items: center;\">\n<div>\n<div style=\"background-color: #f4f4f4; border-radius: 50%; height: 12.5px; width: 12.5px; transform: translateX(0px) translateY(7px);\"><\/div>\n<div style=\"background-color: #f4f4f4; height: 12.5px; transform: rotate(-45deg) translateX(3px) translateY(1px); width: 12.5px; flex-grow: 0; margin-right: 14px; margin-left: 2px;\"><\/div>\n<div style=\"background-color: #f4f4f4; border-radius: 50%; height: 12.5px; width: 12.5px; transform: translateX(9px) translateY(-18px);\"><\/div>\n<\/div>\n<div style=\"margin-left: 8px;\">\n<div style=\"background-color: #f4f4f4; border-radius: 50%; flex-grow: 0; height: 20px; width: 20px;\"><\/div>\n<div style=\"width: 0; height: 0; border-top: 2px solid transparent; border-left: 6px solid #f4f4f4; border-bottom: 2px solid transparent; transform: translateX(16px) translateY(-4px) rotate(30deg);\"><\/div>\n<\/div>\n<div style=\"margin-left: auto;\">\n<div style=\"width: 0px; border-top: 8px solid #F4F4F4; border-right: 8px solid transparent; transform: translateY(16px);\"><\/div>\n<div style=\"background-color: #f4f4f4; flex-grow: 0; height: 12px; width: 16px; transform: translateY(-4px);\"><\/div>\n<div style=\"width: 0; height: 0; border-top: 8px solid #F4F4F4; border-left: 8px solid transparent; transform: translateY(-4px) translateX(8px);\"><\/div>\n<\/div>\n<\/div>\n<div style=\"display: flex; flex-direction: column; flex-grow: 1; justify-content: center; margin-bottom: 24px;\">\n<div style=\"background-color: #f4f4f4; border-radius: 4px; flex-grow: 0; height: 14px; margin-bottom: 6px; width: 224px;\"><\/div>\n<div style=\"background-color: #f4f4f4; border-radius: 4px; flex-grow: 0; height: 14px; width: 144px;\"><\/div>\n<\/div>\n<p>&nbsp;<\/p>\n<p style=\"color: #c9c8cd; font-family: Arial,sans-serif; font-size: 14px; line-height: 17px; margin-bottom: 0; margin-top: 8px; overflow: hidden; padding: 8px 0 7px; text-align: center; text-overflow: ellipsis; white-space: nowrap;\"><a style=\"color: #c9c8cd; font-family: Arial,sans-serif; font-size: 14px; font-style: normal; font-weight: normal; line-height: 17px; text-decoration: none;\" href=\"https:\/\/www.instagram.com\/reel\/CvvgMWJgdXo\/?utm_source=ig_embed&amp;utm_campaign=loading\" target=\"_blank\" rel=\"noopener\">Una publicaci\u00f3n compartida por Central de Noticias Olavarr\u00eda (@cdnolavarria)<\/a><\/p>\n<\/div>\n<\/blockquote>\n<p><script async src=\"\/\/www.instagram.com\/embed.js\"><\/script><\/p>\n<p>&nbsp;<\/p>\n<p><strong>-\u00bfC\u00f3mo viene la campa\u00f1a, en qu\u00e9 momento te encontr\u00e1s?<\/strong><\/p>\n<p>&nbsp;<\/p>\n<p>-Son d\u00edas intensos, de mucho trabajo, muy din\u00e1micos. Ayer, por ejemplo, salimos muy temprano para Tandil. Terminamos la jornada en Tandil, volvimos a Olavarr\u00eda. Seguimos de recorrida ac\u00e1. Son d\u00edas que como m\u00ednimo duran 12 horas y puede ser 14 hasta 16 horas en d\u00edas largos. Con una mezcla entre gesti\u00f3n y campa\u00f1a, uno tiene que continuar con el d\u00eda a d\u00eda de la gesti\u00f3n y e ir mechando con actividades de campa\u00f1a para obviamente no desatender el trabajo. Son d\u00edas de poca familia, de mucho trabajo b\u00e1sicamente. Cuando llega la campa\u00f1a obviamente trata de ir reservando energ\u00edas para lo que queda en el \u00faltimo en el \u00faltimo tramo. Despu\u00e9s de las PASO seguramente haremos alg\u00fan descanso y despu\u00e9s a poner todo nuevamente.<\/p>\n<p>&nbsp;<\/p>\n<p><strong>-\u00bfEn qui\u00e9n te sosten\u00e9s?<\/strong><\/p>\n<p>&nbsp;<\/p>\n<p>-En mi familia obviamente. A la noche trato de estar, pero es complejo porque lleg\u00e1s a casa y segu\u00eds con el celular que sigue, los grupos no paran\u2026pero bueno, el domingo almorc\u00e9 con mi familia en el campo, como generalmente hacemos el almuerzo familiar de los domingos. Tambi\u00e9n en el equipo: obviamente todos los que me acompa\u00f1an, voy a a nuestra Casa Amarilla a la tarde doy una vuelta y veo tanta gente voluntaria trabajando y ellos tambi\u00e9n te sostienen, te dan fuerza, te dan energ\u00eda para seguir adelante, a m\u00ed me toca poner la cara, ser el candidato a Intendente, pero el resto son voluntarios que est\u00e1n trabajando realmente con mucha energ\u00eda, y se siente esa energ\u00eda pre elecciones, \u00bfNo? Eso tambi\u00e9n te da la pauta de que de que ten\u00e9s que seguir adelante.<\/p>\n<p>&nbsp;<\/p>\n<p><strong>-\u00bfPor qu\u00e9 decidiste ser candidato?<\/strong><\/p>\n<p>&nbsp;<\/p>\n<p>-Por un mont\u00f3n de factores. Primero que nada l\u00f3gicamente est\u00e1bamos esperando a ver qu\u00e9 pasaba con la ley de reelecciones indefinidas. Hoy hay un l\u00edmite. La ley me habilit\u00f3 a ser candidato nuevamente. Y bueno, es la \u00faltima. Vengo de dos gestiones: fui electo en el 2015, reelecto en el 2019, ser\u00eda como el broche de oro para mi paso por la intendencia, Dios sabr\u00e1 el d\u00eda de ma\u00f1ana. Pero tambi\u00e9n porque hay un mont\u00f3n de proyectos que nosotros encaramos en el 2015 y en los a\u00f1os que continuaron, que son proyectos de largo plazo, pol\u00edticas p\u00fablicas de largo plazo. Mir\u00e1, reci\u00e9n vengo de recorrer el pabell\u00f3n nuevo del hospital con Mart\u00edn Cueto que es nuestro candidato a intendente en Tapalqu\u00e9 y le contaba desde el d\u00eda que en reuni\u00f3n de gabinete decidimos que hab\u00eda que hacer esta obra hasta que la inauguramos pasaron casi 5 a\u00f1os, m\u00e1s de un mandato. Y la transformaci\u00f3n del transporte p\u00fablico nos llev\u00f3 siete a\u00f1os. La modernizaci\u00f3n del Estado arranc\u00f3 en el 2016 y todav\u00eda contin\u00faa. Todav\u00eda tenemos mucho por hacer. Hay un mont\u00f3n de proyectos que son de largo plazo. Con las cloacas llegamos a 15 mil familias, todav\u00eda faltan miles de familias que no tienen el servicio. Entonces, eso hace que, sumado a que el equipo consideraba que lo mejor era que yo sea el candidato, que mi familia me acompa\u00f1a, que mis hijos, a pesar de su temprana edad les gusta que su pap\u00e1 sea el Intendente y quieren que siga siendo el Intendente. Me lo dicen, no entienden demasiado (risas) pero bueno mi esposa Flor tambi\u00e9n me apoya y es fundamental para m\u00ed. Si no tuviera el apoyo de mi familia l\u00f3gicamente no hubiera sido tan f\u00e1cil tomar la decisi\u00f3n.<\/p>\n<p>&nbsp;<\/p>\n<p><img data-recalc-dims=\"1\" loading=\"lazy\" decoding=\"async\" class=\"alignnone size-large wp-image-91492\" src=\"https:\/\/i0.wp.com\/cdnoticias.com\/wp-content\/uploads\/2023\/07\/presentacion-galli3.jpg?resize=800%2C445&#038;ssl=1\" alt=\"\" width=\"800\" height=\"445\" srcset=\"https:\/\/i0.wp.com\/cdnoticias.com\/wp-content\/uploads\/2023\/07\/presentacion-galli3-scaled.jpg?resize=1024%2C570&amp;ssl=1 1024w, https:\/\/i0.wp.com\/cdnoticias.com\/wp-content\/uploads\/2023\/07\/presentacion-galli3-scaled.jpg?resize=300%2C167&amp;ssl=1 300w, https:\/\/i0.wp.com\/cdnoticias.com\/wp-content\/uploads\/2023\/07\/presentacion-galli3-scaled.jpg?resize=768%2C427&amp;ssl=1 768w, https:\/\/i0.wp.com\/cdnoticias.com\/wp-content\/uploads\/2023\/07\/presentacion-galli3-scaled.jpg?resize=1536%2C855&amp;ssl=1 1536w, https:\/\/i0.wp.com\/cdnoticias.com\/wp-content\/uploads\/2023\/07\/presentacion-galli3-scaled.jpg?resize=2048%2C1140&amp;ssl=1 2048w, https:\/\/i0.wp.com\/cdnoticias.com\/wp-content\/uploads\/2023\/07\/presentacion-galli3-scaled.jpg?resize=800%2C445&amp;ssl=1 800w, https:\/\/i0.wp.com\/cdnoticias.com\/wp-content\/uploads\/2023\/07\/presentacion-galli3-scaled.jpg?w=1600&amp;ssl=1 1600w, https:\/\/i0.wp.com\/cdnoticias.com\/wp-content\/uploads\/2023\/07\/presentacion-galli3-scaled.jpg?w=2400&amp;ssl=1 2400w\" sizes=\"auto, (max-width: 800px) 100vw, 800px\" \/><\/p>\n<p>&nbsp;<\/p>\n<p><strong>-Si sos reelecto, todos estos proyectos que comentabas a largo plazo, \u00bfhay alguno que quieras cumplir si o si en ese posible tercer mandato?<\/strong><\/p>\n<p>&nbsp;<\/p>\n<p>-Muchos, hay un mont\u00f3n de cosas que todav\u00eda nos quedaron pendientes. Nosotros iniciamos, hace un par de a\u00f1os en la segunda gesti\u00f3n, una repavimentaci\u00f3n de las arterias principales de la ciudad. No nos queda mucho -queda, falta- pero nos va nos va a quedar un tramo para terminar la Avellaneda, nos va a quedar la autopista Fortabat desde Agrot\u00e9cnica hasta la ruta 51, nos va a quedar el segundo y tercer tramo de Circunvalaci\u00f3n que arrancamos ahora para llegar hasta Del Valle. Nos van a quedar un mont\u00f3n de barrios sin conectar a las cloacas, como te dec\u00eda antes, Hip\u00f3lito Yrigoyen, Mart\u00edn Fierro, la parte del 10 de Junio que queda, Villa Mail\u00edn. Despu\u00e9s el Colector Norte que estamos iniciando en breve que ya se licit\u00f3. Vamos a tener la otra zona de la ciudad con cloacas. En Salud todav\u00eda estamos avanzando en la restructuraci\u00f3n, en el crecimiento del Hospital, hay que poner mucho pie firme en eso tambi\u00e9n y en seguir modernizando el sistema de salud, la historia cl\u00ednica digital.<\/p>\n<p>&nbsp;<\/p>\n<p><strong>-\u00bfHay m\u00e1s?<\/strong><\/p>\n<p>&nbsp;<\/p>\n<p>Si, en lo que es apertura de datos, gobierno transparente. Estamos primeros en el ranking, hay que sostenerse y seguir ampliando la apertura de datos y el Gobierno Abierto, la verdad que es mucho todav\u00eda lo que queda. El camino se inici\u00f3 pero cuando vos pens\u00e1s en pol\u00edticas p\u00fablicas a largo plazo para implementar y que queden en Olavarr\u00eda realmente siempre falta. Olavarr\u00eda sigue creciendo en materia de servicios, aparecen desaf\u00edos nuevos porque hay loteos nuevos, en Villa Aurora tenemos que pensar el d\u00eda de ma\u00f1ana un cord\u00f3n cuneta, despu\u00e9s pensar en el pavimento, seguir ampliando la red de gas que hicimos un mont\u00f3n en esa zona de all\u00e1 porque es una de las zonas que m\u00e1s creci\u00f3 en la ciudad. El barrio Pickelado que tambi\u00e9n creci\u00f3 much\u00edsimo. Tenemos todav\u00eda desaf\u00edos por delante. Bueno, es mucho, es mucho. El Centro de Monitoreo municipal estamos agregando c\u00e1maras nuevas y obviamente hay que seguir pensando en ampliar el sistema. El Centro Deportivo Municipal, que empezamos con la Pista de Atletismo y estamos por terminar el Instituto de Educaci\u00f3n F\u00edsica. Todav\u00eda tenemos muchos desaf\u00edos por delante. Y bueno, son desaf\u00edos grandes.<\/p>\n<p>&nbsp;<\/p>\n<p><img data-recalc-dims=\"1\" loading=\"lazy\" decoding=\"async\" class=\"alignnone size-large wp-image-87832\" src=\"https:\/\/i0.wp.com\/cdnoticias.com\/wp-content\/uploads\/2023\/06\/galli-santilli.jpg?resize=800%2C480&#038;ssl=1\" alt=\"\" width=\"800\" height=\"480\" srcset=\"https:\/\/i0.wp.com\/cdnoticias.com\/wp-content\/uploads\/2023\/06\/galli-santilli.jpg?resize=1024%2C614&amp;ssl=1 1024w, https:\/\/i0.wp.com\/cdnoticias.com\/wp-content\/uploads\/2023\/06\/galli-santilli.jpg?resize=300%2C180&amp;ssl=1 300w, https:\/\/i0.wp.com\/cdnoticias.com\/wp-content\/uploads\/2023\/06\/galli-santilli.jpg?resize=768%2C461&amp;ssl=1 768w, https:\/\/i0.wp.com\/cdnoticias.com\/wp-content\/uploads\/2023\/06\/galli-santilli.jpg?resize=1536%2C922&amp;ssl=1 1536w, https:\/\/i0.wp.com\/cdnoticias.com\/wp-content\/uploads\/2023\/06\/galli-santilli.jpg?w=1600&amp;ssl=1 1600w\" sizes=\"auto, (max-width: 800px) 100vw, 800px\" \/><\/p>\n<p>&nbsp;<\/p>\n<p><strong>-\u00bfPost Paso, cambia la campa\u00f1a? \u00bfSent\u00eds que es otra carrera?<\/strong><\/p>\n<p>&nbsp;<\/p>\n<p>-Son dos campa\u00f1as. Para nosotros son dos campa\u00f1as muy similares, primero porque tenemos el desaf\u00edo de superar la PASO con nuestra campa\u00f1a, que es una campa\u00f1a donde estamos mostrando lo que se hizo y cont\u00e1ndole a los vecinos por d\u00f3nde queremos continuar la transformaci\u00f3n de Olavarr\u00eda y contarle a la gente que tengo las ganas y la energ\u00eda de estar cuatro a\u00f1os m\u00e1s al frente de la Intendencia. Y segundo, la campa\u00f1a de octubre va a ser de acuerdo a c\u00f3mo quede el el tablero pol\u00edtico\u2026a ver, yo estoy convencido que Horacio Rodr\u00edguez Larreta va a ser nuestro candidato en octubre, Diego Santilli va a ser nuestro candidato a gobernador en octubre pero hay que ver c\u00f3mo queda el esquema, c\u00f3mo queda el oficialismo, cu\u00e1l es la elecci\u00f3n que haga Javier Milei a nivel nacional y en provincia de Buenos Aires. Y despu\u00e9s tendremos que sentarnos a evaluar c\u00f3mo queda el tablero pol\u00edtico para ver por d\u00f3nde uno encara y de qu\u00e9 manera encara la campa\u00f1a que viene.<\/p>\n","protected":false},"excerpt":{"rendered":"<p>Luego de un agitado d\u00eda acompa\u00f1ando a Ezequiel Galli, hubo un momento para hablar, a solas, con Central de Noticias.<\/p>\n","protected":false},"author":2,"featured_media":85533,"comment_status":"closed","ping_status":"closed","sticky":false,"template":"","format":"standard","meta":{"_jetpack_memberships_contains_paid_content":false,"footnotes":""},"categories":[4,1],"tags":[],"class_list":["post-92657","post","type-post","status-publish","format-standard","has-post-thumbnail","hentry","category-politica","category-portada"],"jetpack_featured_media_url":"https:\/\/i0.wp.com\/cdnoticias.com\/wp-content\/uploads\/2023\/05\/ezequiel-galli-jardin929-scaled.jpg?fit=2560%2C1536&ssl=1","jetpack_sharing_enabled":true,"_links":{"self":[{"href":"https:\/\/cdnoticias.com\/index.php\/wp-json\/wp\/v2\/posts\/92657","targetHints":{"allow":["GET"]}}],"collection":[{"href":"https:\/\/cdnoticias.com\/index.php\/wp-json\/wp\/v2\/posts"}],"about":[{"href":"https:\/\/cdnoticias.com\/index.php\/wp-json\/wp\/v2\/types\/post"}],"author":[{"embeddable":true,"href":"https:\/\/cdnoticias.com\/index.php\/wp-json\/wp\/v2\/users\/2"}],"replies":[{"embeddable":true,"href":"https:\/\/cdnoticias.com\/index.php\/wp-json\/wp\/v2\/comments?post=92657"}],"version-history":[{"count":0,"href":"https:\/\/cdnoticias.com\/index.php\/wp-json\/wp\/v2\/posts\/92657\/revisions"}],"wp:featuredmedia":[{"embeddable":true,"href":"https:\/\/cdnoticias.com\/index.php\/wp-json\/wp\/v2\/media\/85533"}],"wp:attachment":[{"href":"https:\/\/cdnoticias.com\/index.php\/wp-json\/wp\/v2\/media?parent=92657"}],"wp:term":[{"taxonomy":"category","embeddable":true,"href":"https:\/\/cdnoticias.com\/index.php\/wp-json\/wp\/v2\/categories?post=92657"},{"taxonomy":"post_tag","embeddable":true,"href":"https:\/\/cdnoticias.com\/index.php\/wp-json\/wp\/v2\/tags?post=92657"}],"curies":[{"name":"wp","href":"https:\/\/api.w.org\/{rel}","templated":true}]}}