{"id":92594,"date":"2023-08-09T17:04:21","date_gmt":"2023-08-09T20:04:21","guid":{"rendered":"https:\/\/www.centraldenoticias.com.ar\/?p=92594"},"modified":"2023-08-09T19:40:25","modified_gmt":"2023-08-09T22:40:25","slug":"por-el-crimen-de-una-nina-en-lanus-kicillof-suspendio-su-visita-a-olavarria","status":"publish","type":"post","link":"https:\/\/cdnoticias.com\/index.php\/2023\/08\/09\/por-el-crimen-de-una-nina-en-lanus-kicillof-suspendio-su-visita-a-olavarria\/","title":{"rendered":"Por el crimen de una ni\u00f1a en Lan\u00fas, Kicillof suspendi\u00f3 su visita a Olavarr\u00eda"},"content":{"rendered":"<p>Se suspendieron, adem\u00e1s, la totalidad de los actos de cierre de campa\u00f1a de los principales precandidatos provinciales y nacionales. Indicaron que el gobernador \u201csigue en persona todo lo sucedido\u201d. <!--more--><\/p>\n<hr \/>\n<p>Luego de confirmarse en horas del mediod\u00eda <strong>la llegada del gobernador Axel Kicillof a nuestra ciudad<\/strong> para acompa\u00f1ar al precandidato Maxi Wesner,<strong> finalmente la visita fue suspendida luego del crimen de una ni\u00f1a de 11 a\u00f1os en un robo en Lan\u00fas.<\/strong><\/p>\n<p>&nbsp;<\/p>\n<p>Varias fuentes indicaron que<strong> el gobernador en persona sigue las alternativas del caso que, cabe se\u00f1alar, tiene dos detenidos \u2013dos hombres mayores de edad- que habr\u00edan confesado ser los autores del hecho.<\/strong><\/p>\n<p>&nbsp;<\/p>\n<p>Si bien no hab\u00eda sido dada a conocer, <strong>se esperaba que el gobernador llegue a nuestra ciudad en horas del mediod\u00eda para tener una agenda de recorridas y un di\u00e1logo con los medios en el CECO.<\/strong><\/p>\n<p>&nbsp;<\/p>\n<h2>El caso Morena<\/h2>\n<p>&nbsp;<\/p>\n<p>En un caso que conmocion\u00f3 a Lan\u00fas y toda la Provincia, <strong>una ni\u00f1a de tan solo 11 a\u00f1os perdi\u00f3 la vida hoy a manos de motochorros en un violento asalto.<\/strong> La peque\u00f1a, identificada como Morena Dom\u00ednguez, se dirig\u00eda caminando hacia su colegio, la Escuela Almafuerte N\u00b0 60, ubicada en la calle Molinedo al 3200, en la localidad de Villa Diamante, partido de Lan\u00fas, cuando fue abordada por dos individuos en una moto.<\/p>\n<p>&nbsp;<\/p>\n<blockquote><p>La c\u00e1mara de seguridad de la zona captur\u00f3 el tr\u00e1gico momento en el que la ni\u00f1a fue v\u00edctima de este violento ataque. En el video, se observa c\u00f3mo los dos delincuentes la arrastran en su intento de robarle sus pertenencias. A pesar de la resistencia de la ni\u00f1a, los ladrones lograron su cometido y huyeron a toda velocidad, dej\u00e1ndola gravemente herida en el asfalto.<\/p><\/blockquote>\n<p>&nbsp;<\/p>\n<p>A pesar de los esfuerzos de algunos testigos por intervenir y detener a los delincuentes, estos lograron escapar de la escena del crimen. Morena falleci\u00f3 en el Hospital minutos despu\u00e9s de haber sido trasladada.<\/p>\n<p>&nbsp;<\/p>\n<p><strong>Horas despu\u00e9s, dos j\u00f3venes mayores de edad fueron detenidos como sospechosos del asalto y posterior muerte de Morena.<\/strong> Fuentes oficiales, tanto de la polic\u00eda como del Municipio de Lan\u00fas, dieron cuenta de que<strong> arrestaron a los presuntos responsables y secuestraron la motocicleta utilizada en el crimen, as\u00ed como los cascos que se cree que llevaron durante el asalto.<\/strong><\/p>\n<p>&nbsp;<\/p>\n<p>El ministro de Seguridad bonaerense, Sergio Berni, calific\u00f3 el hecho como<strong><em> &#8220;lamentable, triste y conmovedor&#8221;.<\/em><\/strong> En una declaraci\u00f3n, asegur\u00f3 que &#8220;ya est\u00e1n detenidos&#8221; los dos individuos que aparentemente participaron en el crimen, y afirm\u00f3 que<strong><em> &#8220;el caso est\u00e1 cerrado&#8221;<\/em><\/strong> tras la detenci\u00f3n y las pruebas recabadas.<\/p>\n","protected":false},"excerpt":{"rendered":"<p>Se suspendieron, adem\u00e1s, la totalidad de los actos de cierre de campa\u00f1a de los principales precandidatos provinciales y nacionales. Indicaron<\/p>\n","protected":false},"author":2,"featured_media":70710,"comment_status":"closed","ping_status":"closed","sticky":false,"template":"","format":"standard","meta":{"_jetpack_memberships_contains_paid_content":false,"footnotes":""},"categories":[4,1],"tags":[],"class_list":["post-92594","post","type-post","status-publish","format-standard","has-post-thumbnail","hentry","category-politica","category-portada"],"jetpack_featured_media_url":"https:\/\/i0.wp.com\/cdnoticias.com\/wp-content\/uploads\/2022\/11\/las-flores-ruta-3-kicillof-C.jpg?fit=800%2C445&ssl=1","jetpack_sharing_enabled":true,"_links":{"self":[{"href":"https:\/\/cdnoticias.com\/index.php\/wp-json\/wp\/v2\/posts\/92594","targetHints":{"allow":["GET"]}}],"collection":[{"href":"https:\/\/cdnoticias.com\/index.php\/wp-json\/wp\/v2\/posts"}],"about":[{"href":"https:\/\/cdnoticias.com\/index.php\/wp-json\/wp\/v2\/types\/post"}],"author":[{"embeddable":true,"href":"https:\/\/cdnoticias.com\/index.php\/wp-json\/wp\/v2\/users\/2"}],"replies":[{"embeddable":true,"href":"https:\/\/cdnoticias.com\/index.php\/wp-json\/wp\/v2\/comments?post=92594"}],"version-history":[{"count":0,"href":"https:\/\/cdnoticias.com\/index.php\/wp-json\/wp\/v2\/posts\/92594\/revisions"}],"wp:featuredmedia":[{"embeddable":true,"href":"https:\/\/cdnoticias.com\/index.php\/wp-json\/wp\/v2\/media\/70710"}],"wp:attachment":[{"href":"https:\/\/cdnoticias.com\/index.php\/wp-json\/wp\/v2\/media?parent=92594"}],"wp:term":[{"taxonomy":"category","embeddable":true,"href":"https:\/\/cdnoticias.com\/index.php\/wp-json\/wp\/v2\/categories?post=92594"},{"taxonomy":"post_tag","embeddable":true,"href":"https:\/\/cdnoticias.com\/index.php\/wp-json\/wp\/v2\/tags?post=92594"}],"curies":[{"name":"wp","href":"https:\/\/api.w.org\/{rel}","templated":true}]}}