{"id":92590,"date":"2023-08-09T15:35:04","date_gmt":"2023-08-09T18:35:04","guid":{"rendered":"https:\/\/www.centraldenoticias.com.ar\/?p=92590"},"modified":"2023-08-09T15:38:06","modified_gmt":"2023-08-09T18:38:06","slug":"esta-abierta-la-inscripcion-a-cursos-de-formacion-profesional-de-la-unicen","status":"publish","type":"post","link":"https:\/\/cdnoticias.com\/index.php\/2023\/08\/09\/esta-abierta-la-inscripcion-a-cursos-de-formacion-profesional-de-la-unicen\/","title":{"rendered":"Est\u00e1 abierta la inscripci\u00f3n a cursos de formaci\u00f3n profesional de la\u00a0 UNICEN"},"content":{"rendered":"<p>Apuntan a las distintas \u00e1reas del desarrollo productivo local y regional. Funcionan en sedes educativas y de unidades productivas con las que la UNICEN articula la implementaci\u00f3n del programa &#8220;Escuelas de Formaci\u00f3n Profesional&#8221;.<!--more--><\/p>\n<hr \/>\n<p>Comenz\u00f3 la <strong>inscripci\u00f3n<\/strong> a <strong>nuevos cursos de formaci\u00f3n profesional<\/strong> de la <strong>Universidad Nacional del Centro de la Provincia<\/strong> en Olavarr\u00eda.<\/p>\n<p>&nbsp;<\/p>\n<p>Se trata de <strong>una variedad de cursos gratuitos<\/strong> que apuntan a las distintas \u00e1reas del desarrollo productivo local y regional. Estas ofertas de capacitaci\u00f3n laboral funcionan <strong>en sedes educativas y de unidades productivas<\/strong> con las que la UNICEN articula la implementaci\u00f3n del <strong>programa &#8220;Escuelas de Formaci\u00f3n Profesional&#8221;<\/strong> del Ministerio de Educaci\u00f3n de la Naci\u00f3n.<\/p>\n<p>&nbsp;<\/p>\n<p>El programa se implement\u00f3 por primera vez en nuestra ciudad <strong>durante el 2022, con la implementaci\u00f3n de 12 cursos en los que se capacitaron 160 personas<\/strong>. Se trata de un programa de la Secretar\u00eda de Pol\u00edticas Universitarias del Ministerio de Educaci\u00f3n de la Naci\u00f3n, por el cual la UNICEN accedi\u00f3 a financiamiento para reforzar las actividades de capacitaci\u00f3n laboral en las sedes de Olavarr\u00eda y Azul. La oferta de cursos se va elaborando en funci\u00f3n de la demandas relevadas en el trabajo en conjunto entre la universidad con instituciones de la producci\u00f3n y la educaci\u00f3n a nivel local.<\/p>\n<p>&nbsp;<\/p>\n<p><strong>Se encuentra abierta la inscripci\u00f3n a los cursos de:<\/strong><\/p>\n<p>&nbsp;<\/p>\n<ul>\n<li>Automatizaci\u00f3n<\/li>\n<\/ul>\n<p>CFP 401. Brown 3000.<\/p>\n<p>Mi\u00e9rcoles 17 a 21 hs.<\/p>\n<p>Inicia: 16 de agosto<\/p>\n<p>Duraci\u00f3n: 4 meses<\/p>\n<ul>\n<li>Serigraf\u00eda<\/li>\n<\/ul>\n<p>CFI 1. Coronel Su\u00e1rez 3029.<\/p>\n<p>Martes 17: 30 a 21 hs.<\/p>\n<p>Inicia: 15 de agosto<\/p>\n<p>Duraci\u00f3n: 4 meses<\/p>\n<ul>\n<li>\u00a0Elaboraci\u00f3n de productos de origen vegetal<\/li>\n<\/ul>\n<p>Facultad Ingenier\u00eda ( Del Valle y La Rioja)<\/p>\n<p>Viernes 13.30 a 17.30 hs.<\/p>\n<p>Inicia: 1 de septiembre<\/p>\n<p>Duraci\u00f3n: 3 meses<\/p>\n<ul>\n<li>Instalador Sanitarista Domiciliario<\/li>\n<\/ul>\n<p>Centro de Jubilados de Hinojo (Calle 14 1863)<\/p>\n<p>Duraci\u00f3n: 4 meses,<\/p>\n<p>Cursada presencial de 6 horas semanales: martes de 14 a 17 hs. y mi\u00e9rcoles de 18 a 21 hs.<\/p>\n<p>Inicia: 2 de agosto.<\/p>\n<p>&nbsp;<\/p>\n<blockquote><p>La inscripci\u00f3n se realiza en el Centro Cultural UNICEN (San Martin 1955) o solicitando el formulario al Whatsapp de Formaci\u00f3n Profesional UNICEN Olavarr\u00eda 2284514416.<\/p><\/blockquote>\n<p>&nbsp;<\/p>\n<p>Una vez completo el formulario online, se les comunicar\u00e1 telef\u00f3nicamente si pudieron acceder a un cupo en los cursos. Estos cupos son limitados, dependiendo de cada curso, y se otorgan seg\u00fan el orden de inscripci\u00f3n. Tambi\u00e9n se elaborar\u00e1 un listado de espera para quienes no lleguen a acceder en primera instancia y se les comunicar\u00e1 en el caso de abrirse vacantes.<\/p>\n<p>&nbsp;<\/p>\n<p><em>Contactos Formaci\u00f3n Profesional UNICEN Olavarr\u00eda<\/em><\/p>\n<p><em>Whatsapp: 2284-514416<\/em><\/p>\n<p><em>Correo: formacionprofesional.unicenolav@gmail.com<\/em><\/p>\n<p><em>Redes: Formaci\u00f3n Profesional UNICEN<\/em><\/p>\n<p>&nbsp;<\/p>\n","protected":false},"excerpt":{"rendered":"<p>Apuntan a las distintas \u00e1reas del desarrollo productivo local y regional. Funcionan en sedes educativas y de unidades productivas con<\/p>\n","protected":false},"author":4,"featured_media":92591,"comment_status":"closed","ping_status":"closed","sticky":false,"template":"","format":"standard","meta":{"_jetpack_memberships_contains_paid_content":false,"footnotes":""},"categories":[5,1],"tags":[],"class_list":["post-92590","post","type-post","status-publish","format-standard","has-post-thumbnail","hentry","category-informacion-general","category-portada"],"jetpack_featured_media_url":"https:\/\/i0.wp.com\/cdnoticias.com\/wp-content\/uploads\/2023\/08\/formacion-profesional-00.jpg?fit=800%2C445&ssl=1","jetpack_sharing_enabled":true,"_links":{"self":[{"href":"https:\/\/cdnoticias.com\/index.php\/wp-json\/wp\/v2\/posts\/92590","targetHints":{"allow":["GET"]}}],"collection":[{"href":"https:\/\/cdnoticias.com\/index.php\/wp-json\/wp\/v2\/posts"}],"about":[{"href":"https:\/\/cdnoticias.com\/index.php\/wp-json\/wp\/v2\/types\/post"}],"author":[{"embeddable":true,"href":"https:\/\/cdnoticias.com\/index.php\/wp-json\/wp\/v2\/users\/4"}],"replies":[{"embeddable":true,"href":"https:\/\/cdnoticias.com\/index.php\/wp-json\/wp\/v2\/comments?post=92590"}],"version-history":[{"count":0,"href":"https:\/\/cdnoticias.com\/index.php\/wp-json\/wp\/v2\/posts\/92590\/revisions"}],"wp:featuredmedia":[{"embeddable":true,"href":"https:\/\/cdnoticias.com\/index.php\/wp-json\/wp\/v2\/media\/92591"}],"wp:attachment":[{"href":"https:\/\/cdnoticias.com\/index.php\/wp-json\/wp\/v2\/media?parent=92590"}],"wp:term":[{"taxonomy":"category","embeddable":true,"href":"https:\/\/cdnoticias.com\/index.php\/wp-json\/wp\/v2\/categories?post=92590"},{"taxonomy":"post_tag","embeddable":true,"href":"https:\/\/cdnoticias.com\/index.php\/wp-json\/wp\/v2\/tags?post=92590"}],"curies":[{"name":"wp","href":"https:\/\/api.w.org\/{rel}","templated":true}]}}