{"id":92588,"date":"2023-08-09T14:36:12","date_gmt":"2023-08-09T17:36:12","guid":{"rendered":"https:\/\/www.centraldenoticias.com.ar\/?p=92588"},"modified":"2023-08-09T15:42:40","modified_gmt":"2023-08-09T18:42:40","slug":"jauregui-vamos-a-cambiar-olavarria-con-un-gobierno-que-vuelva-a-escuchar","status":"publish","type":"post","link":"https:\/\/cdnoticias.com\/index.php\/2023\/08\/09\/jauregui-vamos-a-cambiar-olavarria-con-un-gobierno-que-vuelva-a-escuchar\/","title":{"rendered":"J\u00e1uregui: \u201cVamos a cambiar Olavarr\u00eda con un gobierno que vuelva a escuchar\u201d"},"content":{"rendered":"<p>El precandidato a intendente de Patricia Bullrich en Olavarr\u00eda, Dalton J\u00e1uregui, convoc\u00f3, a trav\u00e9s de un video en sus redes sociales, a los vecinos a votarlo. \u201cVos y yo sabemos que necesitamos un cambio de verdad\u201d, asegur\u00f3.<\/p>\n<p><!--more--><\/p>\n<hr \/>\n<p>En el cierre de la campa\u00f1a electoral, <strong>el precandidato a intendente de Olavarr\u00eda por Juntos por el Cambio que acompa\u00f1ar\u00e1 en la boleta a Patricia Bullrich<\/strong> como presidenta y N\u00e9stor Grindetti como gobernador, <strong>Dalton J\u00e1uregui llam\u00f3 a los vecinos de la ciudad a apoyarlo en el voto.<\/strong><\/p>\n<p>&nbsp;<\/p>\n<blockquote><p>Con un fuerte mensaje al actual Jefe Comunal, dijo que \u201cCon Patricia Bullrich y N\u00e9stor Grindetti vamos a construir un pa\u00eds, una provincia y una ciudad que crezca de verdad. Una ciudad ordenada y segura\u201d; y remarc\u00f3: \u201cVamos a cambiar Olavarr\u00eda con un gobierno honesto y que vuelva escucharte\u201d.<\/p><\/blockquote>\n<p>&nbsp;<\/p>\n<p>Cabe destacar que J\u00e1uregui <strong>enfrentar\u00e1 en las internas de Juntos por el Cambio al actual intendente, Ezequiel Galli<\/strong>, a quien le atribuye <em>\u201chaberse obsesionado con el poder y no escuchar a los vecinos\u201d.\u00a0<\/em><\/p>\n<p>&nbsp;<\/p>\n<p><strong>\u201cVos y yo sabemos que Olavarr\u00eda necesita un cambio de verdad.<\/strong> Por eso, te pido que el pr\u00f3ximo domingo 13 de agosto, nos acompa\u00f1es con tu voto\u201d, pidi\u00f3 J\u00e1uregui en el video difundido en sus redes sociales.<\/p>\n<blockquote class=\"instagram-media\" style=\"background: #FFF; border: 0; border-radius: 3px; box-shadow: 0 0 1px 0 rgba(0,0,0,0.5),0 1px 10px 0 rgba(0,0,0,0.15); margin: 1px; max-width: 540px; min-width: 326px; padding: 0; width: calc(100% - 2px);\" data-instgrm-captioned=\"\" data-instgrm-permalink=\"https:\/\/www.instagram.com\/reel\/CvpnB1pPOGc\/?utm_source=ig_embed&amp;utm_campaign=loading\" data-instgrm-version=\"14\">\n<div style=\"padding: 16px;\">\n<p>&nbsp;<\/p>\n<div style=\"display: flex; flex-direction: row; align-items: center;\">\n<div style=\"background-color: #f4f4f4; border-radius: 50%; flex-grow: 0; height: 40px; margin-right: 14px; width: 40px;\"><\/div>\n<div style=\"display: flex; flex-direction: column; flex-grow: 1; justify-content: center;\">\n<div style=\"background-color: #f4f4f4; border-radius: 4px; flex-grow: 0; height: 14px; margin-bottom: 6px; width: 100px;\"><\/div>\n<div style=\"background-color: #f4f4f4; border-radius: 4px; flex-grow: 0; height: 14px; width: 60px;\"><\/div>\n<\/div>\n<\/div>\n<div style=\"padding: 19% 0;\"><\/div>\n<div style=\"display: block; height: 50px; margin: 0 auto 12px; width: 50px;\"><\/div>\n<div style=\"padding-top: 8px;\">\n<div style=\"color: #3897f0; font-family: Arial,sans-serif; font-size: 14px; font-style: normal; font-weight: 550; line-height: 18px;\">Ver esta publicaci\u00f3n en Instagram<\/div>\n<\/div>\n<div style=\"padding: 12.5% 0;\"><\/div>\n<div style=\"display: flex; flex-direction: row; margin-bottom: 14px; align-items: center;\">\n<div>\n<div style=\"background-color: #f4f4f4; border-radius: 50%; height: 12.5px; width: 12.5px; transform: translateX(0px) translateY(7px);\"><\/div>\n<div style=\"background-color: #f4f4f4; height: 12.5px; transform: rotate(-45deg) translateX(3px) translateY(1px); width: 12.5px; flex-grow: 0; margin-right: 14px; margin-left: 2px;\"><\/div>\n<div style=\"background-color: #f4f4f4; border-radius: 50%; height: 12.5px; width: 12.5px; transform: translateX(9px) translateY(-18px);\"><\/div>\n<\/div>\n<div style=\"margin-left: 8px;\">\n<div style=\"background-color: #f4f4f4; border-radius: 50%; flex-grow: 0; height: 20px; width: 20px;\"><\/div>\n<div style=\"width: 0; height: 0; border-top: 2px solid transparent; border-left: 6px solid #f4f4f4; border-bottom: 2px solid transparent; transform: translateX(16px) translateY(-4px) rotate(30deg);\"><\/div>\n<\/div>\n<div style=\"margin-left: auto;\">\n<div style=\"width: 0px; border-top: 8px solid #F4F4F4; border-right: 8px solid transparent; transform: translateY(16px);\"><\/div>\n<div style=\"background-color: #f4f4f4; flex-grow: 0; height: 12px; width: 16px; transform: translateY(-4px);\"><\/div>\n<div style=\"width: 0; height: 0; border-top: 8px solid #F4F4F4; border-left: 8px solid transparent; transform: translateY(-4px) translateX(8px);\"><\/div>\n<\/div>\n<\/div>\n<div style=\"display: flex; flex-direction: column; flex-grow: 1; justify-content: center; margin-bottom: 24px;\">\n<div style=\"background-color: #f4f4f4; border-radius: 4px; flex-grow: 0; height: 14px; margin-bottom: 6px; width: 224px;\"><\/div>\n<div style=\"background-color: #f4f4f4; border-radius: 4px; flex-grow: 0; height: 14px; width: 144px;\"><\/div>\n<\/div>\n<p>&nbsp;<\/p>\n<p style=\"color: #c9c8cd; font-family: Arial,sans-serif; font-size: 14px; line-height: 17px; margin-bottom: 0; margin-top: 8px; overflow: hidden; padding: 8px 0 7px; text-align: center; text-overflow: ellipsis; white-space: nowrap;\"><a style=\"color: #c9c8cd; font-family: Arial,sans-serif; font-size: 14px; font-style: normal; font-weight: normal; line-height: 17px; text-decoration: none;\" href=\"https:\/\/www.instagram.com\/reel\/CvpnB1pPOGc\/?utm_source=ig_embed&amp;utm_campaign=loading\" target=\"_blank\" rel=\"noopener\">Una publicaci\u00f3n compartida por Dalton Ja\u0301uregui (@daltonjauregui)<\/a><\/p>\n<\/div>\n<\/blockquote>\n<p><script async src=\"\/\/www.instagram.com\/embed.js\"><\/script><\/p>\n","protected":false},"excerpt":{"rendered":"<p>El precandidato a intendente de Patricia Bullrich en Olavarr\u00eda, Dalton J\u00e1uregui, convoc\u00f3, a trav\u00e9s de un video en sus redes<\/p>\n","protected":false},"author":4,"featured_media":90927,"comment_status":"closed","ping_status":"closed","sticky":false,"template":"","format":"standard","meta":{"_jetpack_memberships_contains_paid_content":false,"footnotes":""},"categories":[4],"tags":[],"class_list":["post-92588","post","type-post","status-publish","format-standard","has-post-thumbnail","hentry","category-politica"],"jetpack_featured_media_url":"https:\/\/i0.wp.com\/cdnoticias.com\/wp-content\/uploads\/2023\/07\/dalton-jauregui4.jpg?fit=1029%2C572&ssl=1","jetpack_sharing_enabled":true,"_links":{"self":[{"href":"https:\/\/cdnoticias.com\/index.php\/wp-json\/wp\/v2\/posts\/92588","targetHints":{"allow":["GET"]}}],"collection":[{"href":"https:\/\/cdnoticias.com\/index.php\/wp-json\/wp\/v2\/posts"}],"about":[{"href":"https:\/\/cdnoticias.com\/index.php\/wp-json\/wp\/v2\/types\/post"}],"author":[{"embeddable":true,"href":"https:\/\/cdnoticias.com\/index.php\/wp-json\/wp\/v2\/users\/4"}],"replies":[{"embeddable":true,"href":"https:\/\/cdnoticias.com\/index.php\/wp-json\/wp\/v2\/comments?post=92588"}],"version-history":[{"count":0,"href":"https:\/\/cdnoticias.com\/index.php\/wp-json\/wp\/v2\/posts\/92588\/revisions"}],"wp:featuredmedia":[{"embeddable":true,"href":"https:\/\/cdnoticias.com\/index.php\/wp-json\/wp\/v2\/media\/90927"}],"wp:attachment":[{"href":"https:\/\/cdnoticias.com\/index.php\/wp-json\/wp\/v2\/media?parent=92588"}],"wp:term":[{"taxonomy":"category","embeddable":true,"href":"https:\/\/cdnoticias.com\/index.php\/wp-json\/wp\/v2\/categories?post=92588"},{"taxonomy":"post_tag","embeddable":true,"href":"https:\/\/cdnoticias.com\/index.php\/wp-json\/wp\/v2\/tags?post=92588"}],"curies":[{"name":"wp","href":"https:\/\/api.w.org\/{rel}","templated":true}]}}