{"id":92586,"date":"2023-08-09T14:15:22","date_gmt":"2023-08-09T17:15:22","guid":{"rendered":"https:\/\/www.centraldenoticias.com.ar\/?p=92586"},"modified":"2023-08-09T17:05:10","modified_gmt":"2023-08-09T20:05:10","slug":"se-confirmo-la-llegada-de-axel-kicillof-a-olavarria","status":"publish","type":"post","link":"https:\/\/cdnoticias.com\/index.php\/2023\/08\/09\/se-confirmo-la-llegada-de-axel-kicillof-a-olavarria\/","title":{"rendered":"Se confirm\u00f3 la llegada de Axel Kicillof a Olavarr\u00eda"},"content":{"rendered":"<p>El gobernador estar\u00e1 este jueves por la ma\u00f1ana en nuestra ciudad. Se anunci\u00f3 una \u201cactividad\u201d en el CECO.<\/p>\n<p><!--more--><\/p>\n<hr \/>\n<p>El <strong>gobernador Axel Kicillof llegar\u00e1 este jueves a Olavarr\u00eda<\/strong>. <a href=\"https:\/\/cdnoticias.com\/index.php\/2023\/08\/07\/kicillof-cierra-campana-en-olavarria\/\" target=\"_blank\" rel=\"noopener\">Desde hace unos d\u00edas se especulaba con la posibilidad<\/a>, y ahora qued\u00f3 confirmada: <em>el \u00faltimo d\u00eda de campa\u00f1a antes de las PASO el mandatario y precandidato a la reelecci\u00f3n estar\u00e1 en nuestra ciudad.<\/em><\/p>\n<p>&nbsp;<\/p>\n<p>Se espera su arribo<strong> en horario matutino<\/strong> y se adelant\u00f3 que <strong>\u201cla primera actividad ser\u00e1 en el CECO\u201d.<\/strong><\/p>\n<p>&nbsp;<\/p>\n<p>En el mismo lugar, al mediod\u00eda brindar\u00e1 una conferencia de prensa.<\/p>\n<p>&nbsp;<\/p>\n<p><a href=\"https:\/\/cdnoticias.com\/index.php\/2023\/06\/14\/kicillof-seria-espectacular-en-otro-mandato-que-en-olavarria-nos-acompane-maxi\/\" target=\"_blank\" rel=\"noopener\">En su \u00faltima visita a Olavarr\u00eda, a mediados de junio<\/a>, <strong>Kicillof expres\u00f3 su preferencia por la precandidatura local de Maximiliano Wesner<\/strong>. Para ese momento a\u00fan no se hab\u00edan cerrado las listas, el gobernador a\u00fan no era candidato a la reelecci\u00f3n formalmente, pero <strong>en la ciudad ya hab\u00eda m\u00e1s precandidatos de Uni\u00f3n por la Patria.<\/strong><\/p>\n<p>&nbsp;<\/p>\n<blockquote><p>\u201cYo lo veo muy fuerte a Maxi, por supuesto trabajando muy fuertemente con \u00e9l. \u00a0Adem\u00e1s, lo hemos visto gestionar\u201d dijo en esa ocasi\u00f3n el gobernador y m\u00e1s adelante agreg\u00f3 \u201cser\u00eda espectacular en otro mandato, que en Olavarr\u00eda nos acompa\u00f1e Maxi\u201d.<\/p><\/blockquote>\n<p>&nbsp;<\/p>\n<p><a href=\"https:\/\/cdnoticias.com\/index.php\/2023\/08\/09\/wesner-el-trabajo-genuino-lo-generan-las-pymes\/\" target=\"_blank\" rel=\"noopener\">En tanto, cabe recordar que en las \u00faltimas horas<\/a>, el precandidato a intendente de Uni\u00f3n por la Patria, <strong>Maximiliano Wesner<\/strong>, dio a conocer <strong>una reuni\u00f3n que mantuvo con empresarios de la Uni\u00f3n Industrial donde invit\u00f3 a los asistentes al encuentro con Kicillof.<\/strong><\/p>\n<p>&nbsp;<\/p>\n<blockquote class=\"wp-embedded-content\" data-secret=\"SWjhHKMmRL\"><p><a href=\"https:\/\/cdnoticias.com\/index.php\/2023\/06\/14\/kicillof-seria-espectacular-en-otro-mandato-que-en-olavarria-nos-acompane-maxi\/\">Kicillof: \u201cSer\u00eda espectacular en otro mandato, que en Olavarr\u00eda nos acompa\u00f1e Maxi\u201d<\/a><\/p><\/blockquote>\n<p><iframe loading=\"lazy\" class=\"wp-embedded-content\" sandbox=\"allow-scripts\" security=\"restricted\" style=\"position: absolute; clip: rect(1px, 1px, 1px, 1px);\" title=\"&#8220;Kicillof: \u201cSer\u00eda espectacular en otro mandato, que en Olavarr\u00eda nos acompa\u00f1e Maxi\u201d&#8221; &#8212; Central de Noticias | Olavarr\u00eda\" src=\"https:\/\/cdnoticias.com\/index.php\/2023\/06\/14\/kicillof-seria-espectacular-en-otro-mandato-que-en-olavarria-nos-acompane-maxi\/embed\/#?secret=P0gGgsC4aV#?secret=SWjhHKMmRL\" data-secret=\"SWjhHKMmRL\" width=\"600\" height=\"338\" frameborder=\"0\" marginwidth=\"0\" marginheight=\"0\" scrolling=\"no\"><\/iframe><\/p>\n<p>&nbsp;<\/p>\n","protected":false},"excerpt":{"rendered":"<p>El gobernador estar\u00e1 este jueves por la ma\u00f1ana en nuestra ciudad. Se anunci\u00f3 una \u201cactividad\u201d en el CECO.<\/p>\n","protected":false},"author":4,"featured_media":87723,"comment_status":"closed","ping_status":"closed","sticky":false,"template":"","format":"standard","meta":{"_jetpack_memberships_contains_paid_content":false,"footnotes":""},"categories":[4],"tags":[],"class_list":["post-92586","post","type-post","status-publish","format-standard","has-post-thumbnail","hentry","category-politica"],"jetpack_featured_media_url":"https:\/\/i0.wp.com\/cdnoticias.com\/wp-content\/uploads\/2023\/06\/kicillof-acto-PIO-04.jpg?fit=800%2C445&ssl=1","jetpack_sharing_enabled":true,"_links":{"self":[{"href":"https:\/\/cdnoticias.com\/index.php\/wp-json\/wp\/v2\/posts\/92586","targetHints":{"allow":["GET"]}}],"collection":[{"href":"https:\/\/cdnoticias.com\/index.php\/wp-json\/wp\/v2\/posts"}],"about":[{"href":"https:\/\/cdnoticias.com\/index.php\/wp-json\/wp\/v2\/types\/post"}],"author":[{"embeddable":true,"href":"https:\/\/cdnoticias.com\/index.php\/wp-json\/wp\/v2\/users\/4"}],"replies":[{"embeddable":true,"href":"https:\/\/cdnoticias.com\/index.php\/wp-json\/wp\/v2\/comments?post=92586"}],"version-history":[{"count":0,"href":"https:\/\/cdnoticias.com\/index.php\/wp-json\/wp\/v2\/posts\/92586\/revisions"}],"wp:featuredmedia":[{"embeddable":true,"href":"https:\/\/cdnoticias.com\/index.php\/wp-json\/wp\/v2\/media\/87723"}],"wp:attachment":[{"href":"https:\/\/cdnoticias.com\/index.php\/wp-json\/wp\/v2\/media?parent=92586"}],"wp:term":[{"taxonomy":"category","embeddable":true,"href":"https:\/\/cdnoticias.com\/index.php\/wp-json\/wp\/v2\/categories?post=92586"},{"taxonomy":"post_tag","embeddable":true,"href":"https:\/\/cdnoticias.com\/index.php\/wp-json\/wp\/v2\/tags?post=92586"}],"curies":[{"name":"wp","href":"https:\/\/api.w.org\/{rel}","templated":true}]}}