{"id":92558,"date":"2023-08-09T13:12:53","date_gmt":"2023-08-09T16:12:53","guid":{"rendered":"https:\/\/www.centraldenoticias.com.ar\/?p=92558"},"modified":"2023-08-09T15:42:47","modified_gmt":"2023-08-09T18:42:47","slug":"wesner-el-trabajo-genuino-lo-generan-las-pymes","status":"publish","type":"post","link":"https:\/\/cdnoticias.com\/index.php\/2023\/08\/09\/wesner-el-trabajo-genuino-lo-generan-las-pymes\/","title":{"rendered":"Wesner: \u201cEl trabajo genuino lo generan las Pymes&#8221;"},"content":{"rendered":"<p>As\u00ed lo defini\u00f3 el precandidato a intendente, luego de mantener una reuni\u00f3n con empresarios y representantes de la UIO. Present\u00f3 las propuestas para el sector y anunci\u00f3 la llegada de Kicillof este jueves a Olavarr\u00eda.<!--more--><\/p>\n<hr \/>\n<p>El precandidato a intendente, <strong>Maximiliano Wesner, mantuvo una reuni\u00f3n con la comisi\u00f3n directiva de la Uni\u00f3n Industrial de Olavarr\u00eda (UIO)<\/strong> en la que present\u00f3 sus propuestas para el sector.<\/p>\n<p>&nbsp;<\/p>\n<p>Durante la presentaci\u00f3n destac\u00f3 la construcci\u00f3n de un Polo Tecnol\u00f3gico, la creaci\u00f3n de la Escuela Municipal de Oficios, la construcci\u00f3n de un Frigor\u00edfico Municipal, recuperar las incubadoras para emprendedores y la creaci\u00f3n de un Fondo Municipal para obras y mejoras de Parques Industriales.<\/p>\n<p>&nbsp;<\/p>\n<p>&#8220;Las Pymes necesitan de un estado que las promueva y genere m\u00e1s condiciones para su crecimiento. Son el verdadero generador de mano de obra. El trabajo genuino lo generan las Pymes&#8221;, indic\u00f3 Wesner.<\/p>\n<p>&nbsp;<\/p>\n<blockquote><p>&#8220;Vengo caminando much\u00edsimo y hablando con todos los sectores&#8221;, asegur\u00f3 Wesner y destac\u00f3: &#8220;Creo en la articulaci\u00f3n, desde esta mesa pudimos impulsar el proyecto de ordenanza del Censo Industrial que creo que ser\u00e1 una herramienta fundamental para poder tomar decisiones&#8221;.<\/p><\/blockquote>\n<p>&nbsp;<\/p>\n<p><img data-recalc-dims=\"1\" loading=\"lazy\" decoding=\"async\" class=\"aligncenter size-full wp-image-92559\" src=\"https:\/\/i0.wp.com\/cdnoticias.com\/wp-content\/uploads\/2023\/08\/wesner-uio-02.jpg?resize=800%2C445&#038;ssl=1\" alt=\"\" width=\"800\" height=\"445\" srcset=\"https:\/\/i0.wp.com\/cdnoticias.com\/wp-content\/uploads\/2023\/08\/wesner-uio-02.jpg?w=800&amp;ssl=1 800w, https:\/\/i0.wp.com\/cdnoticias.com\/wp-content\/uploads\/2023\/08\/wesner-uio-02.jpg?resize=300%2C167&amp;ssl=1 300w, https:\/\/i0.wp.com\/cdnoticias.com\/wp-content\/uploads\/2023\/08\/wesner-uio-02.jpg?resize=768%2C427&amp;ssl=1 768w\" sizes=\"auto, (max-width: 800px) 100vw, 800px\" \/><\/p>\n<p>&nbsp;<\/p>\n<p>El candidato de Uni\u00f3n por la Patria adelant\u00f3 que en caso de ser elegido intendente continuar\u00e1 trabajando de la misma forma, &#8220;con mucha escucha y acci\u00f3n a partir de los diagn\u00f3sticos que surjan de las mesas sectoriales&#8221;.<\/p>\n<p>&nbsp;<\/p>\n<p>&#8220;Una ser\u00e1 la<strong> Mesa Industrial<\/strong> de donde surgir\u00e1n las problem\u00e1ticas del sector y se articular\u00e1n pol\u00edticas p\u00fablicas para traer soluciones, tanto desde el gobierno municipal como en articulaci\u00f3n con Provincia y Naci\u00f3n&#8221;, remarc\u00f3 Wesner.<\/p>\n<p>&nbsp;<\/p>\n<p>&#8220;Las decisiones pol\u00edticas que est\u00e1n previamente conversadas en una mesa de trabajo tienen mucha m\u00e1s potencia, por eso creo en la importancia de las mesas sectoriales. <strong>Nuestro plan de gobierno est\u00e1 abierto y se ir\u00e1 enriqueciendo a partir de un constante ida y vuelta<\/strong>&#8220;, remarc\u00f3 Wesner.<\/p>\n<p>&nbsp;<\/p>\n<p>Antes de finalizar la reuni\u00f3n, el candidato invit\u00f3 a los industriales de Olavarr\u00eda a participar de un <strong>encuentro con el gobernador Axel Kicillof que estar\u00e1 visitando la ciudad este jueves 10 de agosto.\u00a0<\/strong><\/p>\n","protected":false},"excerpt":{"rendered":"<p>As\u00ed lo defini\u00f3 el precandidato a intendente, luego de mantener una reuni\u00f3n con empresarios y representantes de la UIO. Present\u00f3<\/p>\n","protected":false},"author":5,"featured_media":92560,"comment_status":"closed","ping_status":"closed","sticky":false,"template":"","format":"standard","meta":{"_jetpack_memberships_contains_paid_content":false,"footnotes":""},"categories":[4],"tags":[],"class_list":["post-92558","post","type-post","status-publish","format-standard","has-post-thumbnail","hentry","category-politica"],"jetpack_featured_media_url":"https:\/\/i0.wp.com\/cdnoticias.com\/wp-content\/uploads\/2023\/08\/wesner-uio-01.jpg?fit=800%2C445&ssl=1","jetpack_sharing_enabled":true,"_links":{"self":[{"href":"https:\/\/cdnoticias.com\/index.php\/wp-json\/wp\/v2\/posts\/92558","targetHints":{"allow":["GET"]}}],"collection":[{"href":"https:\/\/cdnoticias.com\/index.php\/wp-json\/wp\/v2\/posts"}],"about":[{"href":"https:\/\/cdnoticias.com\/index.php\/wp-json\/wp\/v2\/types\/post"}],"author":[{"embeddable":true,"href":"https:\/\/cdnoticias.com\/index.php\/wp-json\/wp\/v2\/users\/5"}],"replies":[{"embeddable":true,"href":"https:\/\/cdnoticias.com\/index.php\/wp-json\/wp\/v2\/comments?post=92558"}],"version-history":[{"count":0,"href":"https:\/\/cdnoticias.com\/index.php\/wp-json\/wp\/v2\/posts\/92558\/revisions"}],"wp:featuredmedia":[{"embeddable":true,"href":"https:\/\/cdnoticias.com\/index.php\/wp-json\/wp\/v2\/media\/92560"}],"wp:attachment":[{"href":"https:\/\/cdnoticias.com\/index.php\/wp-json\/wp\/v2\/media?parent=92558"}],"wp:term":[{"taxonomy":"category","embeddable":true,"href":"https:\/\/cdnoticias.com\/index.php\/wp-json\/wp\/v2\/categories?post=92558"},{"taxonomy":"post_tag","embeddable":true,"href":"https:\/\/cdnoticias.com\/index.php\/wp-json\/wp\/v2\/tags?post=92558"}],"curies":[{"name":"wp","href":"https:\/\/api.w.org\/{rel}","templated":true}]}}