{"id":92444,"date":"2023-08-08T08:12:24","date_gmt":"2023-08-08T11:12:24","guid":{"rendered":"https:\/\/www.centraldenoticias.com.ar\/?p=92444"},"modified":"2023-08-08T08:12:24","modified_gmt":"2023-08-08T11:12:24","slug":"juan-carlos-guallano-el-gringo-q-e-p-d","status":"publish","type":"post","link":"https:\/\/cdnoticias.com\/index.php\/2023\/08\/08\/juan-carlos-guallano-el-gringo-q-e-p-d\/","title":{"rendered":"Juan Carlos Guallano &#8220;El Gringo&#8221; (Q.E.P.D.)"},"content":{"rendered":"<p>&nbsp;<\/p>\n<p>Falleci\u00f3 en Olavarr\u00eda el d\u00eda 7 de agosto de 2023 a los 79 a\u00f1os de edad.<\/p>\n<p>&nbsp;<\/p>\n<p>Su esposa Mirta; sus hijos: Carlos Javier, Dar\u00edo Gast\u00f3n, Germ\u00e1n Jes\u00fas y Juan Manuel; sus hijas pol\u00edticas: Valeria y Maricel, sus nietos: Rodrigo, Ignacio, Nahuel, Mart\u00edn, Noa y Cloe; sus hermanos; sus sobrinos; sus amigos y dem\u00e1s deudos participan su fallecimiento.<\/p>\n<p>&nbsp;<\/p>\n<p>Velatorio: Espa\u00f1a 2942 departamento &#8220;B&#8221;, martes 8 de 7 a 13:30. Sin responso. Inhumaci\u00f3n: Cementerio Loma de Paz, martes 8 a las 13:30. Servicio adherido a Coopelectric.<\/p>\n<p>&nbsp;<\/p>\n<p>Barrio en el que viv\u00eda: San Vicente<\/p>\n<p>&nbsp;<\/p>\n<p>Lugar de nacimiento: 9 de Julio<\/p>\n<p>&nbsp;<\/p>\n<p>Actividad que desarrollaba: Jubilado<\/p>\n<p>&nbsp;<\/p>\n","protected":false},"excerpt":{"rendered":"<p>&nbsp; Falleci\u00f3 en Olavarr\u00eda el d\u00eda 7 de agosto de 2023 a los 79 a\u00f1os de edad. &nbsp; Su esposa<\/p>\n","protected":false},"author":4,"featured_media":51544,"comment_status":"closed","ping_status":"closed","sticky":false,"template":"","format":"standard","meta":{"_jetpack_memberships_contains_paid_content":false,"footnotes":""},"categories":[10],"tags":[],"class_list":["post-92444","post","type-post","status-publish","format-standard","has-post-thumbnail","hentry","category-necrologicas"],"jetpack_featured_media_url":"https:\/\/i0.wp.com\/cdnoticias.com\/wp-content\/uploads\/2022\/04\/necrologicas-390-x-240.jpg?fit=390%2C240&ssl=1","jetpack_sharing_enabled":true,"_links":{"self":[{"href":"https:\/\/cdnoticias.com\/index.php\/wp-json\/wp\/v2\/posts\/92444","targetHints":{"allow":["GET"]}}],"collection":[{"href":"https:\/\/cdnoticias.com\/index.php\/wp-json\/wp\/v2\/posts"}],"about":[{"href":"https:\/\/cdnoticias.com\/index.php\/wp-json\/wp\/v2\/types\/post"}],"author":[{"embeddable":true,"href":"https:\/\/cdnoticias.com\/index.php\/wp-json\/wp\/v2\/users\/4"}],"replies":[{"embeddable":true,"href":"https:\/\/cdnoticias.com\/index.php\/wp-json\/wp\/v2\/comments?post=92444"}],"version-history":[{"count":0,"href":"https:\/\/cdnoticias.com\/index.php\/wp-json\/wp\/v2\/posts\/92444\/revisions"}],"wp:featuredmedia":[{"embeddable":true,"href":"https:\/\/cdnoticias.com\/index.php\/wp-json\/wp\/v2\/media\/51544"}],"wp:attachment":[{"href":"https:\/\/cdnoticias.com\/index.php\/wp-json\/wp\/v2\/media?parent=92444"}],"wp:term":[{"taxonomy":"category","embeddable":true,"href":"https:\/\/cdnoticias.com\/index.php\/wp-json\/wp\/v2\/categories?post=92444"},{"taxonomy":"post_tag","embeddable":true,"href":"https:\/\/cdnoticias.com\/index.php\/wp-json\/wp\/v2\/tags?post=92444"}],"curies":[{"name":"wp","href":"https:\/\/api.w.org\/{rel}","templated":true}]}}