{"id":92415,"date":"2023-08-08T17:31:49","date_gmt":"2023-08-08T20:31:49","guid":{"rendered":"https:\/\/www.centraldenoticias.com.ar\/?p=92415"},"modified":"2023-08-08T17:31:49","modified_gmt":"2023-08-08T20:31:49","slug":"charla-de-educacion-vial-en-loma-negra","status":"publish","type":"post","link":"https:\/\/cdnoticias.com\/index.php\/2023\/08\/08\/charla-de-educacion-vial-en-loma-negra\/","title":{"rendered":"Charla de educaci\u00f3n vial en Loma Negra"},"content":{"rendered":"<p>Ser\u00e1 este jueves a partir de las 19 horas en la sede de la Delegaci\u00f3n Municipal. La propuesta es abierta a toda la comunidad, con entrada libre y gratuita.<!--more--><\/p>\n<hr \/>\n<p>Este <strong>jueves<\/strong> desde la Direcci\u00f3n de <strong>Licencias de Conducir<\/strong> de la Municipalidad de Olavarr\u00eda se ofrecer\u00e1 una<strong> nueva charla de educaci\u00f3n vial,<\/strong> pero en esta ocasi\u00f3n la propuesta estar\u00e1 destinada a vecinos y vecinas de <strong>Loma Negra.<\/strong><\/p>\n<p>&nbsp;<\/p>\n<p>La jornada se desarrollar\u00e1 a partir de las <strong>19 horas en la sede de la Delegaci\u00f3n Municipal,<\/strong> ubicada sobre calle 1\u00b0 de Mayo 1448. La propuesta es abierta a toda la comunidad, con entrada libre y gratuita.<\/p>\n<p>&nbsp;<\/p>\n<p>La iniciativa surge con un servicio de acompa\u00f1amiento a todas aquellas personas que<strong> requieran apoyo para rendir el examen te\u00f3rico<\/strong>, que se lleva a cabo en instalaciones del circuito vial de La M\u00e1xima, pero tambi\u00e9n se responder\u00e1n distintas inquietudes y se compartir\u00e1 material que contribuye a la seguridad vial de todos los olavarrienses.<\/p>\n","protected":false},"excerpt":{"rendered":"<p>Ser\u00e1 este jueves a partir de las 19 horas en la sede de la Delegaci\u00f3n Municipal. La propuesta es abierta<\/p>\n","protected":false},"author":6,"featured_media":92417,"comment_status":"closed","ping_status":"closed","sticky":false,"template":"","format":"standard","meta":{"_jetpack_memberships_contains_paid_content":false,"footnotes":""},"categories":[5,1],"tags":[],"class_list":["post-92415","post","type-post","status-publish","format-standard","has-post-thumbnail","hentry","category-informacion-general","category-portada"],"jetpack_featured_media_url":"https:\/\/i0.wp.com\/cdnoticias.com\/wp-content\/uploads\/2023\/08\/Frente-Delegacion-Loma-Negra-1024x682-1.jpg?fit=1024%2C682&ssl=1","jetpack_sharing_enabled":true,"_links":{"self":[{"href":"https:\/\/cdnoticias.com\/index.php\/wp-json\/wp\/v2\/posts\/92415","targetHints":{"allow":["GET"]}}],"collection":[{"href":"https:\/\/cdnoticias.com\/index.php\/wp-json\/wp\/v2\/posts"}],"about":[{"href":"https:\/\/cdnoticias.com\/index.php\/wp-json\/wp\/v2\/types\/post"}],"author":[{"embeddable":true,"href":"https:\/\/cdnoticias.com\/index.php\/wp-json\/wp\/v2\/users\/6"}],"replies":[{"embeddable":true,"href":"https:\/\/cdnoticias.com\/index.php\/wp-json\/wp\/v2\/comments?post=92415"}],"version-history":[{"count":0,"href":"https:\/\/cdnoticias.com\/index.php\/wp-json\/wp\/v2\/posts\/92415\/revisions"}],"wp:featuredmedia":[{"embeddable":true,"href":"https:\/\/cdnoticias.com\/index.php\/wp-json\/wp\/v2\/media\/92417"}],"wp:attachment":[{"href":"https:\/\/cdnoticias.com\/index.php\/wp-json\/wp\/v2\/media?parent=92415"}],"wp:term":[{"taxonomy":"category","embeddable":true,"href":"https:\/\/cdnoticias.com\/index.php\/wp-json\/wp\/v2\/categories?post=92415"},{"taxonomy":"post_tag","embeddable":true,"href":"https:\/\/cdnoticias.com\/index.php\/wp-json\/wp\/v2\/tags?post=92415"}],"curies":[{"name":"wp","href":"https:\/\/api.w.org\/{rel}","templated":true}]}}