{"id":92411,"date":"2023-08-07T19:02:39","date_gmt":"2023-08-07T22:02:39","guid":{"rendered":"https:\/\/www.centraldenoticias.com.ar\/?p=92411"},"modified":"2023-08-07T20:11:08","modified_gmt":"2023-08-07T23:11:08","slug":"kicillof-cierra-campana-en-olavarria","status":"publish","type":"post","link":"https:\/\/cdnoticias.com\/index.php\/2023\/08\/07\/kicillof-cierra-campana-en-olavarria\/","title":{"rendered":"\u00bfKicillof cierra campa\u00f1a en Olavarr\u00eda?"},"content":{"rendered":"<p>En un medio de Capital expusieron que la llegada a nuestra ciudad es \u201cel plan b\u201d: la prioridad parecer\u00eda ser compartir acto con Massa. \u00bfWesner se prepara?<!--more--><\/p>\n<hr \/>\n<p>El <strong>gobernador Axel Kicillof podr\u00eda llegar a Olavarr\u00eda el jueves<\/strong>. La informaci\u00f3n fue difundida por un medio de capital donde se expone la agenda del mandatario y precandidato de Uni\u00f3n por la Patria para los \u00faltimos d\u00edas antes de las PASO.<\/p>\n<p>&nbsp;<\/p>\n<p>As\u00ed se expuso que <strong>se prev\u00e9n varios en distintos puntos de la provincia<\/strong> hasta llegar al<strong> jueves<\/strong> donde se mantiene la incertidumbre, pero<strong> se plantearon dos posibilidades y la segunda es visitar nuestra ciudad.<\/strong><\/p>\n<p>&nbsp;<\/p>\n<p>Es que, siempre en base a la publicaci\u00f3n de El Destape,<strong> la agenda de Kicillof depende de la decisi\u00f3n que se tome en la campa\u00f1a de Sergio Massa<\/strong>: si el precandidato a presidente \u201chace cierre nacional\u201d all\u00ed estar\u00e1 Kicillof para sr parte de la foto final de cara a las PASO.<\/p>\n<p>&nbsp;<\/p>\n<blockquote><p>Pero si no se da ese escenario, \u201cvamos a Olavarr\u00eda\u201d detallaron desde Casa de Gobierno. En ese sentido, no puede descartarse un cierre de campa\u00f1a de Kicillof en nuestra ciudad y desde el sector local que tiene como precandidato a Maximiliano Wesner ya se entusiasman con un acto conjunto.<\/p><\/blockquote>\n<p>&nbsp;<\/p>\n<p>Respecto de la agenda del gobernador, para la recta final rumbo a las PASO se previeron actos en <em>Mor\u00f3n, Ituzaing\u00f3 y Jos\u00e9 C. Paz para este lunes; en Bah\u00eda Blanca para el martes y en Merlo para el mi\u00e9rcoles.<\/em><\/p>\n<p>&nbsp;<\/p>\n","protected":false},"excerpt":{"rendered":"<p>En un medio de Capital expusieron que la llegada a nuestra ciudad es \u201cel plan b\u201d: la prioridad parecer\u00eda ser<\/p>\n","protected":false},"author":4,"featured_media":68383,"comment_status":"closed","ping_status":"closed","sticky":false,"template":"","format":"standard","meta":{"_jetpack_memberships_contains_paid_content":false,"footnotes":""},"categories":[4,1],"tags":[],"class_list":["post-92411","post","type-post","status-publish","format-standard","has-post-thumbnail","hentry","category-politica","category-portada"],"jetpack_featured_media_url":"https:\/\/i0.wp.com\/cdnoticias.com\/wp-content\/uploads\/2022\/10\/kicillof-confe3-scaled.jpg?fit=2560%2C1536&ssl=1","jetpack_sharing_enabled":true,"_links":{"self":[{"href":"https:\/\/cdnoticias.com\/index.php\/wp-json\/wp\/v2\/posts\/92411","targetHints":{"allow":["GET"]}}],"collection":[{"href":"https:\/\/cdnoticias.com\/index.php\/wp-json\/wp\/v2\/posts"}],"about":[{"href":"https:\/\/cdnoticias.com\/index.php\/wp-json\/wp\/v2\/types\/post"}],"author":[{"embeddable":true,"href":"https:\/\/cdnoticias.com\/index.php\/wp-json\/wp\/v2\/users\/4"}],"replies":[{"embeddable":true,"href":"https:\/\/cdnoticias.com\/index.php\/wp-json\/wp\/v2\/comments?post=92411"}],"version-history":[{"count":0,"href":"https:\/\/cdnoticias.com\/index.php\/wp-json\/wp\/v2\/posts\/92411\/revisions"}],"wp:featuredmedia":[{"embeddable":true,"href":"https:\/\/cdnoticias.com\/index.php\/wp-json\/wp\/v2\/media\/68383"}],"wp:attachment":[{"href":"https:\/\/cdnoticias.com\/index.php\/wp-json\/wp\/v2\/media?parent=92411"}],"wp:term":[{"taxonomy":"category","embeddable":true,"href":"https:\/\/cdnoticias.com\/index.php\/wp-json\/wp\/v2\/categories?post=92411"},{"taxonomy":"post_tag","embeddable":true,"href":"https:\/\/cdnoticias.com\/index.php\/wp-json\/wp\/v2\/tags?post=92411"}],"curies":[{"name":"wp","href":"https:\/\/api.w.org\/{rel}","templated":true}]}}