{"id":92366,"date":"2023-08-07T15:51:02","date_gmt":"2023-08-07T18:51:02","guid":{"rendered":"https:\/\/www.centraldenoticias.com.ar\/?p=92366"},"modified":"2023-08-07T15:51:02","modified_gmt":"2023-08-07T18:51:02","slug":"blanca-raquel-ripoll-viuda-de-diaz-coti-q-e-p-d","status":"publish","type":"post","link":"https:\/\/cdnoticias.com\/index.php\/2023\/08\/07\/blanca-raquel-ripoll-viuda-de-diaz-coti-q-e-p-d\/","title":{"rendered":"Blanca Raquel Ripoll viuda de Diaz &#8220;Coti&#8221; (Q.E.P.D.)"},"content":{"rendered":"<p>&nbsp;<\/p>\n<p>Falleci\u00f3 en Olavarr\u00eda el d\u00eda 7 de agosto de 2023 a los 81 a\u00f1os de edad.<\/p>\n<p>&nbsp;<\/p>\n<p>Sus hijas: Patricia y Adriana. Su hijo pol\u00edtico: Oscar Librante y Oscar Duarte. Sus nietos: Mar\u00eda de los \u00c1ngeles y Diego Pena; Micaela Duarte, Paula Urbano Librante; Nicol\u00e1s, Juan Manuel y Thomas Oliv\u00e1n. Sus bisnietos: Roc\u00edo Pena, Valentina Silveira, Alexia Pintos; Julieta y Juanita Oliv\u00e1n; Camila Pena; Catalina e Yoshio. Sus bisnietos del coraz\u00f3n: Ramiro y Tiziano. Sus t\u00e1tara-nietos: Ciro e Isabella; y dem\u00e1s deudos participan su fallecimiento.<\/p>\n<p>&nbsp;<\/p>\n<p>Sin velatorio. Sin responso. Cremaci\u00f3n: Crematorio Pinos de Paz, en d\u00eda a confirmar. Servicio adherido a Coopelectric.<\/p>\n<p>&nbsp;<\/p>\n<p>Barrio en el que viv\u00eda: Loma Negra.<\/p>\n<p>&nbsp;<\/p>\n<p>Actividad que desarrollaba: Jubilada y Pensionada.<\/p>\n<p>&nbsp;<\/p>\n","protected":false},"excerpt":{"rendered":"<p>&nbsp; Falleci\u00f3 en Olavarr\u00eda el d\u00eda 7 de agosto de 2023 a los 81 a\u00f1os de edad. &nbsp; Sus hijas:<\/p>\n","protected":false},"author":4,"featured_media":51544,"comment_status":"closed","ping_status":"closed","sticky":false,"template":"","format":"standard","meta":{"_jetpack_memberships_contains_paid_content":false,"footnotes":""},"categories":[10],"tags":[],"class_list":["post-92366","post","type-post","status-publish","format-standard","has-post-thumbnail","hentry","category-necrologicas"],"jetpack_featured_media_url":"https:\/\/i0.wp.com\/cdnoticias.com\/wp-content\/uploads\/2022\/04\/necrologicas-390-x-240.jpg?fit=390%2C240&ssl=1","jetpack_sharing_enabled":true,"_links":{"self":[{"href":"https:\/\/cdnoticias.com\/index.php\/wp-json\/wp\/v2\/posts\/92366","targetHints":{"allow":["GET"]}}],"collection":[{"href":"https:\/\/cdnoticias.com\/index.php\/wp-json\/wp\/v2\/posts"}],"about":[{"href":"https:\/\/cdnoticias.com\/index.php\/wp-json\/wp\/v2\/types\/post"}],"author":[{"embeddable":true,"href":"https:\/\/cdnoticias.com\/index.php\/wp-json\/wp\/v2\/users\/4"}],"replies":[{"embeddable":true,"href":"https:\/\/cdnoticias.com\/index.php\/wp-json\/wp\/v2\/comments?post=92366"}],"version-history":[{"count":0,"href":"https:\/\/cdnoticias.com\/index.php\/wp-json\/wp\/v2\/posts\/92366\/revisions"}],"wp:featuredmedia":[{"embeddable":true,"href":"https:\/\/cdnoticias.com\/index.php\/wp-json\/wp\/v2\/media\/51544"}],"wp:attachment":[{"href":"https:\/\/cdnoticias.com\/index.php\/wp-json\/wp\/v2\/media?parent=92366"}],"wp:term":[{"taxonomy":"category","embeddable":true,"href":"https:\/\/cdnoticias.com\/index.php\/wp-json\/wp\/v2\/categories?post=92366"},{"taxonomy":"post_tag","embeddable":true,"href":"https:\/\/cdnoticias.com\/index.php\/wp-json\/wp\/v2\/tags?post=92366"}],"curies":[{"name":"wp","href":"https:\/\/api.w.org\/{rel}","templated":true}]}}