{"id":92321,"date":"2023-08-06T21:34:34","date_gmt":"2023-08-07T00:34:34","guid":{"rendered":"https:\/\/www.centraldenoticias.com.ar\/?p=92321"},"modified":"2023-08-07T08:24:51","modified_gmt":"2023-08-07T11:24:51","slug":"intentaron-sacar-un-arma-en-un-control-vehicular-y-terminaron-arrestados","status":"publish","type":"post","link":"https:\/\/cdnoticias.com\/index.php\/2023\/08\/06\/intentaron-sacar-un-arma-en-un-control-vehicular-y-terminaron-arrestados\/","title":{"rendered":"Intentaron sacar un arma en un control vehicular y terminaron arrestados"},"content":{"rendered":"<p>Los acusados iban en una moto con el n\u00famero de chasis suprimido y llevaban dinero escondido en una gorra.<\/p>\n<p><!--more--><\/p>\n<hr \/>\n<p><strong>Personal de Polic\u00eda Local<\/strong> logr\u00f3 <strong>aprehender a dos personas<\/strong> en la zona c\u00e9ntrica de Olavarr\u00eda acusadas de <strong>diversos delitos<\/strong> en un control policial y tras hallar una importante<strong> suma de dinero en su poder<\/strong>.<\/p>\n<p>&nbsp;<\/p>\n<p>Se trat\u00f3 de un <strong>operativo<\/strong> de interceptaci\u00f3n vehicular e identificaci\u00f3n de personas realizado este domingo en <strong>Col\u00f3n y Rivadavia<\/strong>.<\/p>\n<p>&nbsp;<\/p>\n<p>Los acusados, dos <strong>j\u00f3venes de 21 y 28 a\u00f1os<\/strong>, transitaban en una <strong>moto<\/strong>. Seg\u00fan se explic\u00f3, al ser interceptados por los efectivos <strong>ambos \u201cse mostraron hostiles, no acatando la orden de los uniformados\u201d<\/strong>.<\/p>\n<p>&nbsp;<\/p>\n<blockquote><p>Con ello se sucedi\u00f3 un forcejeo, los sospechosos fueron reducidos y en la maniobra quien iba como acompa\u00f1ante en la moto intent\u00f3 extraer un arma de fuego, lo cual no logr\u00f3.<\/p><\/blockquote>\n<p>&nbsp;<\/p>\n<p><img data-recalc-dims=\"1\" loading=\"lazy\" decoding=\"async\" class=\"size-full wp-image-92324 aligncenter\" src=\"https:\/\/i0.wp.com\/cdnoticias.com\/wp-content\/uploads\/2023\/08\/colon-y-rivadavia-aprehendidos-secuestros.jpg?resize=800%2C445&#038;ssl=1\" alt=\"\" width=\"800\" height=\"445\" srcset=\"https:\/\/i0.wp.com\/cdnoticias.com\/wp-content\/uploads\/2023\/08\/colon-y-rivadavia-aprehendidos-secuestros.jpg?w=800&amp;ssl=1 800w, https:\/\/i0.wp.com\/cdnoticias.com\/wp-content\/uploads\/2023\/08\/colon-y-rivadavia-aprehendidos-secuestros.jpg?resize=300%2C167&amp;ssl=1 300w, https:\/\/i0.wp.com\/cdnoticias.com\/wp-content\/uploads\/2023\/08\/colon-y-rivadavia-aprehendidos-secuestros.jpg?resize=768%2C427&amp;ssl=1 768w\" sizes=\"auto, (max-width: 800px) 100vw, 800px\" \/><\/p>\n<p>&nbsp;<\/p>\n<p>Los aprehendidos fueron requisados y as\u00ed se estableci\u00f3 que uno de ellos<strong> llevaba dentro de su gorra una \u201csuma considerable\u201d de dinero en efectivo<\/strong>, monto que no se detall\u00f3. Asimismo, se determin\u00f3 que <strong>la motocicleta tambi\u00e9n presentaba irregularidades<\/strong>.<\/p>\n<p>&nbsp;<\/p>\n<p><strong>Los arrestados fueron trasladados a la Comisar\u00eda Primera<\/strong> a disposici\u00f3n juzgado interviniente. De igual manera, los elementos secuestrados fueron llevados a la misma sede policial. Se trato de <strong>una moto marca Guerrero 150 cc con n\u00famero de chasis suprimido, un rev\u00f3lver calibre 32 y dinero en efectivo<\/strong>.<\/p>\n<p>&nbsp;<\/p>\n<p>Se iniciaron actuaciones por <strong>\u201cinfracci\u00f3n al art\u00edculo 289 inciso 3\u00ba del C\u00f3digo Penal, encubrimiento, desobediencia, resistencia a la autoridad, portaci\u00f3n de armas de uso civil\u201d<\/strong>. Se dio intervenci\u00f3n a la UFI N\u00ba 4 a cargo de la fiscal Paula Serrano.<\/p>\n<p>&nbsp;<\/p>\n","protected":false},"excerpt":{"rendered":"<p>Los acusados iban en una moto con el n\u00famero de chasis suprimido y llevaban dinero escondido en una gorra.<\/p>\n","protected":false},"author":4,"featured_media":92322,"comment_status":"closed","ping_status":"closed","sticky":false,"template":"","format":"standard","meta":{"_jetpack_memberships_contains_paid_content":false,"footnotes":""},"categories":[14,1],"tags":[],"class_list":["post-92321","post","type-post","status-publish","format-standard","has-post-thumbnail","hentry","category-policiales","category-portada"],"jetpack_featured_media_url":"https:\/\/i0.wp.com\/cdnoticias.com\/wp-content\/uploads\/2023\/08\/colon-y-rivadavia-aprehendidos.jpg?fit=800%2C445&ssl=1","jetpack_sharing_enabled":true,"_links":{"self":[{"href":"https:\/\/cdnoticias.com\/index.php\/wp-json\/wp\/v2\/posts\/92321","targetHints":{"allow":["GET"]}}],"collection":[{"href":"https:\/\/cdnoticias.com\/index.php\/wp-json\/wp\/v2\/posts"}],"about":[{"href":"https:\/\/cdnoticias.com\/index.php\/wp-json\/wp\/v2\/types\/post"}],"author":[{"embeddable":true,"href":"https:\/\/cdnoticias.com\/index.php\/wp-json\/wp\/v2\/users\/4"}],"replies":[{"embeddable":true,"href":"https:\/\/cdnoticias.com\/index.php\/wp-json\/wp\/v2\/comments?post=92321"}],"version-history":[{"count":0,"href":"https:\/\/cdnoticias.com\/index.php\/wp-json\/wp\/v2\/posts\/92321\/revisions"}],"wp:featuredmedia":[{"embeddable":true,"href":"https:\/\/cdnoticias.com\/index.php\/wp-json\/wp\/v2\/media\/92322"}],"wp:attachment":[{"href":"https:\/\/cdnoticias.com\/index.php\/wp-json\/wp\/v2\/media?parent=92321"}],"wp:term":[{"taxonomy":"category","embeddable":true,"href":"https:\/\/cdnoticias.com\/index.php\/wp-json\/wp\/v2\/categories?post=92321"},{"taxonomy":"post_tag","embeddable":true,"href":"https:\/\/cdnoticias.com\/index.php\/wp-json\/wp\/v2\/tags?post=92321"}],"curies":[{"name":"wp","href":"https:\/\/api.w.org\/{rel}","templated":true}]}}