{"id":92310,"date":"2023-08-07T08:27:43","date_gmt":"2023-08-07T11:27:43","guid":{"rendered":"https:\/\/www.centraldenoticias.com.ar\/?p=92310"},"modified":"2023-08-07T08:27:43","modified_gmt":"2023-08-07T11:27:43","slug":"exitosa-convocatoria-en-la-cena-anual-de-bomberos-olavarria","status":"publish","type":"post","link":"https:\/\/cdnoticias.com\/index.php\/2023\/08\/07\/exitosa-convocatoria-en-la-cena-anual-de-bomberos-olavarria\/","title":{"rendered":"Exitosa convocatoria en la Cena Anual de Bomberos Olavarr\u00eda"},"content":{"rendered":"<p>Asistieron m\u00e1s de 1.000 personas a la segunda edici\u00f3n. En el Centro de Exposiciones estuvieron autoridades y referentes de instituciones locales.<\/p>\n<p><!--more--><\/p>\n<hr \/>\n<p><strong>Este s\u00e1bado 5 de agosto<\/strong> se llev\u00f3 a cabo en instalaciones del Centro de Exposiciones Municipal (CEMO) la <strong>segunda edici\u00f3n de la Cena Anual de Bomberos Voluntarios de Olavarr\u00eda<\/strong>. Este evento se origin\u00f3 el pasado a\u00f1o, con el <strong>objetivo de destacar la labor y vocaci\u00f3n de los bomberos voluntarios<\/strong>, agasaj\u00e1ndolos con una noche especial.<\/p>\n<p>&nbsp;<\/p>\n<p>La conducci\u00f3n del evento estuvo a cargo del locutor oficial de la asociaci\u00f3n, el Sr. Luis Occhi quien comenz\u00f3 el evento dedicando palabras de agradecimiento para todos los presentes. M\u00e1s tarde le cedi\u00f3 la palabra al <strong>Sub Oficial Joaqu\u00edn Doorish, quien en representaci\u00f3n de los bomberos agradeci\u00f3 a todos los vecinos y vecinas que compraron la entrada<\/strong> para la cena. <em>&#8220;Gracias a su apoyo es que nosotros podemos comprar equipamientos para los servicios&#8221;<\/em> expres\u00f3.<\/p>\n<p>&nbsp;<\/p>\n<p><img data-recalc-dims=\"1\" loading=\"lazy\" decoding=\"async\" class=\"size-full wp-image-92311 aligncenter\" src=\"https:\/\/i0.wp.com\/cdnoticias.com\/wp-content\/uploads\/2023\/08\/cena-de-bomberos-00.jpg?resize=800%2C445&#038;ssl=1\" alt=\"\" width=\"800\" height=\"445\" srcset=\"https:\/\/i0.wp.com\/cdnoticias.com\/wp-content\/uploads\/2023\/08\/cena-de-bomberos-00.jpg?w=800&amp;ssl=1 800w, https:\/\/i0.wp.com\/cdnoticias.com\/wp-content\/uploads\/2023\/08\/cena-de-bomberos-00.jpg?resize=300%2C167&amp;ssl=1 300w, https:\/\/i0.wp.com\/cdnoticias.com\/wp-content\/uploads\/2023\/08\/cena-de-bomberos-00.jpg?resize=768%2C427&amp;ssl=1 768w\" sizes=\"auto, (max-width: 800px) 100vw, 800px\" \/><\/p>\n<p>&nbsp;<\/p>\n<p>Durante la velada, <strong>el Comandante General<\/strong> aprovech\u00f3 para expresarse y <strong>dedicar unas palabras al cuerpo activo de bomberos, la reserva y bomberos en general<\/strong>. Agradeci\u00f3 por el compromiso y el desempe\u00f1o diario de cada persona que forma parte de la instituci\u00f3n.<\/p>\n<p>&nbsp;<\/p>\n<p>El <strong>presidente del Consejo Directivo Hugo Fayan\u00e1s<\/strong> tambi\u00e9n tuvo palabras de agradecimiento, no solo para los presentes sino tambi\u00e9n para las diferentes instituciones que se involucran en los objetivos y proyectos de bomberos, como es el caso de la Uni\u00f3n Industrial y la empresa concesionaria Hauswagen.<\/p>\n<p>&nbsp;<\/p>\n<p><img data-recalc-dims=\"1\" loading=\"lazy\" decoding=\"async\" class=\"size-full wp-image-92314 aligncenter\" src=\"https:\/\/i0.wp.com\/cdnoticias.com\/wp-content\/uploads\/2023\/08\/cena-de-bomberos-03.jpg?resize=800%2C445&#038;ssl=1\" alt=\"\" width=\"800\" height=\"445\" srcset=\"https:\/\/i0.wp.com\/cdnoticias.com\/wp-content\/uploads\/2023\/08\/cena-de-bomberos-03.jpg?w=800&amp;ssl=1 800w, https:\/\/i0.wp.com\/cdnoticias.com\/wp-content\/uploads\/2023\/08\/cena-de-bomberos-03.jpg?resize=300%2C167&amp;ssl=1 300w, https:\/\/i0.wp.com\/cdnoticias.com\/wp-content\/uploads\/2023\/08\/cena-de-bomberos-03.jpg?resize=768%2C427&amp;ssl=1 768w\" sizes=\"auto, (max-width: 800px) 100vw, 800px\" \/><\/p>\n<p>&nbsp;<\/p>\n<p>En esta ocasi\u00f3n <strong>la fiesta estuvo apadrinada<\/strong> por un reconocido actor oriundo de la ciudad y allegado a la asociaci\u00f3n. Se trata de <strong>Gast\u00f3n Ricaud<\/strong> quien durante el evento aprovecho para recordar la importancia de colaborar y apoyar a este tipo de instituciones.<\/p>\n<p>&nbsp;<\/p>\n<p>M\u00e1s tarde, en el bloque musical hizo su presentaci\u00f3n la<strong> banda local &#8220;Los Kumbieros&#8221;<\/strong>, para luego dar paso al <strong>show de &#8220;Los Charros&#8221;<\/strong>. Y antes de continuar con los bloques musicales se llev\u00f3 a cabo un <strong>desfile de modas organizado por la dise\u00f1adora Lolo Valenzuela<\/strong>, acompa\u00f1ada de las modelos Micaela, Eva, Sof\u00eda, Camila, Candela, Carla y Sasha que lucieron prendas de la colecci\u00f3n personal de Valenzuela.<\/p>\n<p>&nbsp;<\/p>\n<p><img data-recalc-dims=\"1\" loading=\"lazy\" decoding=\"async\" class=\"size-full wp-image-92312 aligncenter\" src=\"https:\/\/i0.wp.com\/cdnoticias.com\/wp-content\/uploads\/2023\/08\/cena-de-bomberos-01.jpg?resize=800%2C445&#038;ssl=1\" alt=\"\" width=\"800\" height=\"445\" srcset=\"https:\/\/i0.wp.com\/cdnoticias.com\/wp-content\/uploads\/2023\/08\/cena-de-bomberos-01.jpg?w=800&amp;ssl=1 800w, https:\/\/i0.wp.com\/cdnoticias.com\/wp-content\/uploads\/2023\/08\/cena-de-bomberos-01.jpg?resize=300%2C167&amp;ssl=1 300w, https:\/\/i0.wp.com\/cdnoticias.com\/wp-content\/uploads\/2023\/08\/cena-de-bomberos-01.jpg?resize=768%2C427&amp;ssl=1 768w\" sizes=\"auto, (max-width: 800px) 100vw, 800px\" \/><\/p>\n<p>&nbsp;<\/p>\n<p>Por \u00faltimo, y antes de realizar el tradicional <strong>brindis<\/strong> de cierre, se realiz\u00f3 el <strong>sorteo<\/strong> correspondiente por un viaje y estad\u00eda completa con destino a Puerto Iguaz\u00fa, siendo el beneficiado la persona con el n\u00famero de tarjeta 335.<\/p>\n<p>&nbsp;<\/p>\n<p>&#8220;Desde la Asociaci\u00f3n de Bomberos Voluntarios de Olavarr\u00eda queremos agradecer a todas las personas que hicieron posible que este evento tan importante se pueda llevar a cabo. Gracias por colaborar e impulsar el crecimiento de esta asociaci\u00f3n&#8221; cerr\u00f3 el comunicado de la entidad.<\/p>\n<p>&nbsp;<\/p>\n<p>Fuente y fotos: <em>Prensa Bomberos Voluntarios<\/em><\/p>\n<p>&nbsp;<\/p>\n<p><img data-recalc-dims=\"1\" loading=\"lazy\" decoding=\"async\" class=\"size-full wp-image-92315 aligncenter\" src=\"https:\/\/i0.wp.com\/cdnoticias.com\/wp-content\/uploads\/2023\/08\/cena-de-bomberos-04.jpg?resize=800%2C445&#038;ssl=1\" alt=\"\" width=\"800\" height=\"445\" srcset=\"https:\/\/i0.wp.com\/cdnoticias.com\/wp-content\/uploads\/2023\/08\/cena-de-bomberos-04.jpg?w=800&amp;ssl=1 800w, https:\/\/i0.wp.com\/cdnoticias.com\/wp-content\/uploads\/2023\/08\/cena-de-bomberos-04.jpg?resize=300%2C167&amp;ssl=1 300w, https:\/\/i0.wp.com\/cdnoticias.com\/wp-content\/uploads\/2023\/08\/cena-de-bomberos-04.jpg?resize=768%2C427&amp;ssl=1 768w\" sizes=\"auto, (max-width: 800px) 100vw, 800px\" \/><\/p>\n<p><img data-recalc-dims=\"1\" loading=\"lazy\" decoding=\"async\" class=\"size-full wp-image-92316 aligncenter\" src=\"https:\/\/i0.wp.com\/cdnoticias.com\/wp-content\/uploads\/2023\/08\/cena-de-bomberos-05.jpg?resize=800%2C445&#038;ssl=1\" alt=\"\" width=\"800\" height=\"445\" srcset=\"https:\/\/i0.wp.com\/cdnoticias.com\/wp-content\/uploads\/2023\/08\/cena-de-bomberos-05.jpg?w=800&amp;ssl=1 800w, https:\/\/i0.wp.com\/cdnoticias.com\/wp-content\/uploads\/2023\/08\/cena-de-bomberos-05.jpg?resize=300%2C167&amp;ssl=1 300w, https:\/\/i0.wp.com\/cdnoticias.com\/wp-content\/uploads\/2023\/08\/cena-de-bomberos-05.jpg?resize=768%2C427&amp;ssl=1 768w\" sizes=\"auto, (max-width: 800px) 100vw, 800px\" \/><\/p>\n","protected":false},"excerpt":{"rendered":"<p>Asistieron m\u00e1s de 1.000 personas a la segunda edici\u00f3n. En el Centro de Exposiciones estuvieron autoridades y referentes de instituciones<\/p>\n","protected":false},"author":4,"featured_media":92313,"comment_status":"closed","ping_status":"closed","sticky":false,"template":"","format":"standard","meta":{"_jetpack_memberships_contains_paid_content":false,"footnotes":""},"categories":[5,1],"tags":[],"class_list":["post-92310","post","type-post","status-publish","format-standard","has-post-thumbnail","hentry","category-informacion-general","category-portada"],"jetpack_featured_media_url":"https:\/\/i0.wp.com\/cdnoticias.com\/wp-content\/uploads\/2023\/08\/cena-de-bomberos-02.jpg?fit=800%2C445&ssl=1","jetpack_sharing_enabled":true,"_links":{"self":[{"href":"https:\/\/cdnoticias.com\/index.php\/wp-json\/wp\/v2\/posts\/92310","targetHints":{"allow":["GET"]}}],"collection":[{"href":"https:\/\/cdnoticias.com\/index.php\/wp-json\/wp\/v2\/posts"}],"about":[{"href":"https:\/\/cdnoticias.com\/index.php\/wp-json\/wp\/v2\/types\/post"}],"author":[{"embeddable":true,"href":"https:\/\/cdnoticias.com\/index.php\/wp-json\/wp\/v2\/users\/4"}],"replies":[{"embeddable":true,"href":"https:\/\/cdnoticias.com\/index.php\/wp-json\/wp\/v2\/comments?post=92310"}],"version-history":[{"count":0,"href":"https:\/\/cdnoticias.com\/index.php\/wp-json\/wp\/v2\/posts\/92310\/revisions"}],"wp:featuredmedia":[{"embeddable":true,"href":"https:\/\/cdnoticias.com\/index.php\/wp-json\/wp\/v2\/media\/92313"}],"wp:attachment":[{"href":"https:\/\/cdnoticias.com\/index.php\/wp-json\/wp\/v2\/media?parent=92310"}],"wp:term":[{"taxonomy":"category","embeddable":true,"href":"https:\/\/cdnoticias.com\/index.php\/wp-json\/wp\/v2\/categories?post=92310"},{"taxonomy":"post_tag","embeddable":true,"href":"https:\/\/cdnoticias.com\/index.php\/wp-json\/wp\/v2\/tags?post=92310"}],"curies":[{"name":"wp","href":"https:\/\/api.w.org\/{rel}","templated":true}]}}