{"id":92301,"date":"2023-08-06T17:47:53","date_gmt":"2023-08-06T20:47:53","guid":{"rendered":"https:\/\/www.centraldenoticias.com.ar\/?p=92301"},"modified":"2023-08-06T19:43:01","modified_gmt":"2023-08-06T22:43:01","slug":"desde-san-vicente-expresaron-preocupacion-por-reiterados-robos","status":"publish","type":"post","link":"https:\/\/cdnoticias.com\/index.php\/2023\/08\/06\/desde-san-vicente-expresaron-preocupacion-por-reiterados-robos\/","title":{"rendered":"Desde San Vicente expresaron preocupaci\u00f3n por reiterados robos"},"content":{"rendered":"<p>Son vecinos de un sector de calle Rivadavia que se manifestaron ante la \u201cinseguridad\u201d . Expusieron que hay poco patrullaje policial y que las denuncias no han arrojado resultados positivos.<\/p>\n<p><!--more--><\/p>\n<hr \/>\n<p><strong>Vecinos de un sector del barrio San Vicente<\/strong> expresaron su <strong>preocupaci\u00f3n<\/strong> por los <strong>reiterados robos<\/strong> que se registran en las \u00faltimas semanas. Aseguraron que <strong>tienen filmaciones<\/strong> de lo sucedido y que han hecho las <strong>denuncias<\/strong> correspondientes, pero no han obtenido respuestas positivas.<\/p>\n<p>&nbsp;<\/p>\n<p>Adem\u00e1s, expusieron que <strong>hay poco patrullaje policial<\/strong> en las inmediaciones.<\/p>\n<p>&nbsp;<\/p>\n<blockquote><p>\u201cEn las \u00faltimas semanas se registraron diversos robos en el barrio San Vicente, m\u00e1s precisamente en la zona cercana a la plaza Manuel Belgrano (sobre Rivadavia)\u201d expusieron a trav\u00e9s de un comunicado difundido este domingo.<\/p><\/blockquote>\n<p>&nbsp;<\/p>\n<p>Se\u00f1alaron que varios de los casos <strong>\u201ctienen la misma modalidad\u201d<\/strong> y que los il\u00edcitos son reiterados, por lo que <strong>\u201ccrece la preocupaci\u00f3n de los vecinos\u201d<\/strong>.<\/p>\n<p>&nbsp;<\/p>\n<p><img data-recalc-dims=\"1\" loading=\"lazy\" decoding=\"async\" class=\"size-full wp-image-92302 aligncenter\" src=\"https:\/\/i0.wp.com\/cdnoticias.com\/wp-content\/uploads\/2023\/08\/rivadavia-1800-a01.jpg?resize=800%2C445&#038;ssl=1\" alt=\"\" width=\"800\" height=\"445\" srcset=\"https:\/\/i0.wp.com\/cdnoticias.com\/wp-content\/uploads\/2023\/08\/rivadavia-1800-a01.jpg?w=800&amp;ssl=1 800w, https:\/\/i0.wp.com\/cdnoticias.com\/wp-content\/uploads\/2023\/08\/rivadavia-1800-a01.jpg?resize=300%2C167&amp;ssl=1 300w, https:\/\/i0.wp.com\/cdnoticias.com\/wp-content\/uploads\/2023\/08\/rivadavia-1800-a01.jpg?resize=768%2C427&amp;ssl=1 768w\" sizes=\"auto, (max-width: 800px) 100vw, 800px\" \/><\/p>\n<p>&nbsp;<\/p>\n<blockquote><p>Con m\u00e1s detalles, comentaron que \u201cen los \u00faltimos d\u00edas en la misma manzana hubo un robo en una vivienda (a plena luz del d\u00eda), y al d\u00eda siguiente el de un veh\u00edculo. Adem\u00e1s, este s\u00e1bado, hubo un intento fallido. A su vez, recientemente se registraron diversos hechos y, en principio, se tratar\u00edan de los mismos delincuentes\u201d.<\/p><\/blockquote>\n<p>&nbsp;<\/p>\n<p>Los vecinos interpretaron que <strong>\u201cse trata de una zona que los delincuentes tienen estudiada<\/strong>, observan movimientos, y aprovechan cada oportunidad para intentar un robo ante la ausencia de los vecinos en sus viviendas. As\u00ed <strong>se vio por c\u00e1maras de seguridad<\/strong>\u201d.<\/p>\n<p>&nbsp;<\/p>\n<p>Adem\u00e1s, agregaron que efectuaron las denuncias formales <strong>\u201cpero por lo pronto no se encontraron respuestas positivas: es escasa la presencia de patrullaje por la zona\u201d<\/strong>.<\/p>\n<p>&nbsp;<\/p>\n","protected":false},"excerpt":{"rendered":"<p>Son vecinos de un sector de calle Rivadavia que se manifestaron ante la \u201cinseguridad\u201d . Expusieron que hay poco patrullaje<\/p>\n","protected":false},"author":4,"featured_media":92303,"comment_status":"closed","ping_status":"closed","sticky":false,"template":"","format":"standard","meta":{"_jetpack_memberships_contains_paid_content":false,"footnotes":""},"categories":[14,1],"tags":[],"class_list":["post-92301","post","type-post","status-publish","format-standard","has-post-thumbnail","hentry","category-policiales","category-portada"],"jetpack_featured_media_url":"https:\/\/i0.wp.com\/cdnoticias.com\/wp-content\/uploads\/2023\/08\/rivadavia-1800-a00.jpg?fit=800%2C445&ssl=1","jetpack_sharing_enabled":true,"_links":{"self":[{"href":"https:\/\/cdnoticias.com\/index.php\/wp-json\/wp\/v2\/posts\/92301","targetHints":{"allow":["GET"]}}],"collection":[{"href":"https:\/\/cdnoticias.com\/index.php\/wp-json\/wp\/v2\/posts"}],"about":[{"href":"https:\/\/cdnoticias.com\/index.php\/wp-json\/wp\/v2\/types\/post"}],"author":[{"embeddable":true,"href":"https:\/\/cdnoticias.com\/index.php\/wp-json\/wp\/v2\/users\/4"}],"replies":[{"embeddable":true,"href":"https:\/\/cdnoticias.com\/index.php\/wp-json\/wp\/v2\/comments?post=92301"}],"version-history":[{"count":0,"href":"https:\/\/cdnoticias.com\/index.php\/wp-json\/wp\/v2\/posts\/92301\/revisions"}],"wp:featuredmedia":[{"embeddable":true,"href":"https:\/\/cdnoticias.com\/index.php\/wp-json\/wp\/v2\/media\/92303"}],"wp:attachment":[{"href":"https:\/\/cdnoticias.com\/index.php\/wp-json\/wp\/v2\/media?parent=92301"}],"wp:term":[{"taxonomy":"category","embeddable":true,"href":"https:\/\/cdnoticias.com\/index.php\/wp-json\/wp\/v2\/categories?post=92301"},{"taxonomy":"post_tag","embeddable":true,"href":"https:\/\/cdnoticias.com\/index.php\/wp-json\/wp\/v2\/tags?post=92301"}],"curies":[{"name":"wp","href":"https:\/\/api.w.org\/{rel}","templated":true}]}}