{"id":92293,"date":"2023-08-06T18:50:09","date_gmt":"2023-08-06T21:50:09","guid":{"rendered":"https:\/\/www.centraldenoticias.com.ar\/?p=92293"},"modified":"2023-08-06T18:50:09","modified_gmt":"2023-08-06T21:50:09","slug":"las-ventas-minoristas-pyme-cayeron-36-anual-en-julio","status":"publish","type":"post","link":"https:\/\/cdnoticias.com\/index.php\/2023\/08\/06\/las-ventas-minoristas-pyme-cayeron-36-anual-en-julio\/","title":{"rendered":"Las ventas minoristas pyme cayeron 3,6% anual en julio"},"content":{"rendered":"<p>El dato surge del \u00cdndice de Ventas Minoristas Pymes de la CAME. Cay\u00f3 el consumo en todos los rubros de la econom\u00eda, a excepci\u00f3n del sector farmac\u00e9utico.<\/p>\n<p><!--more--><\/p>\n<hr \/>\n<p>La <strong>Confederaci\u00f3n Argentina de la Mediana Empresa (CAME)<\/strong> dio a conocer el \u00cdndice de Ventas Minoristas Pymes, elaborado en base a un relevamiento mensual entre 1.273 comercios minoristas del pa\u00eds, realizado del 1 al 4 de agosto.<\/p>\n<p>&nbsp;<\/p>\n<p>Seg\u00fan este informe las <strong>ventas minoristas pymes<\/strong> descendieron por s\u00e9ptimo mes consecutivo en <strong>julio<\/strong>, al ubicarse <strong>3,6% por debajo del mismo mes de 2022<\/strong>, en la medici\u00f3n a precios constantes. En los primeros siete meses del a\u00f1o el comercio acumula una ca\u00edda de 1,6%. Tambi\u00e9n en la comparaci\u00f3n mensual, se vendi\u00f3 3,2% menos que en junio.<\/p>\n<p>&nbsp;<\/p>\n<p>Se\u00f1alaron que <strong>\u201cla inflaci\u00f3n est\u00e1 golpeando al consumo en todos los rubros de la econom\u00eda, excepto en el sector farmac\u00e9utico\u201d.<\/strong> En ese sentido, se desprende que el sector m\u00e1s afectado durante el mes de julio fue el de <strong>Textil e Indumentaria,<\/strong> que se contrajo un 7% anual en comparaci\u00f3n con el mes anterior.<\/p>\n<p>&nbsp;<\/p>\n<p><img data-recalc-dims=\"1\" loading=\"lazy\" decoding=\"async\" class=\"aligncenter size-full wp-image-92295\" src=\"https:\/\/i0.wp.com\/cdnoticias.com\/wp-content\/uploads\/2023\/08\/came.png?resize=800%2C445&#038;ssl=1\" alt=\"\" width=\"800\" height=\"445\" srcset=\"https:\/\/i0.wp.com\/cdnoticias.com\/wp-content\/uploads\/2023\/08\/came.png?w=800&amp;ssl=1 800w, https:\/\/i0.wp.com\/cdnoticias.com\/wp-content\/uploads\/2023\/08\/came.png?resize=300%2C167&amp;ssl=1 300w, https:\/\/i0.wp.com\/cdnoticias.com\/wp-content\/uploads\/2023\/08\/came.png?resize=768%2C427&amp;ssl=1 768w\" sizes=\"auto, (max-width: 800px) 100vw, 800px\" \/><\/p>\n<p>&nbsp;<\/p>\n<p>Tambi\u00e9n se destaca el declive en <strong>Alimentos y Bebidas<\/strong>, con una significativa variaci\u00f3n interanual del 4,3%.<\/p>\n<p>&nbsp;<\/p>\n<p>Los negocios consultados se\u00f1alaron que las \u00faltimas dos semanas del mes \u201cfueron muy dif\u00edciles, con ajustes de precios diarios, proveedores suspendiendo entregas y sin valores para algunos productos\u201d.<\/p>\n<p>&nbsp;<\/p>\n<p>Mientras tanto, \u201clos comercios se ven afectados no solo por la ca\u00edda de ventas, sino por<strong> incrementos de costos en alquileres, y otros servicios<\/strong>, que reducen sus m\u00e1rgenes de ganancias\u201d.<\/p>\n<p>&nbsp;<\/p>\n","protected":false},"excerpt":{"rendered":"<p>El dato surge del \u00cdndice de Ventas Minoristas Pymes de la CAME. Cay\u00f3 el consumo en todos los rubros de<\/p>\n","protected":false},"author":5,"featured_media":67637,"comment_status":"closed","ping_status":"closed","sticky":false,"template":"","format":"standard","meta":{"_jetpack_memberships_contains_paid_content":false,"footnotes":""},"categories":[6,1],"tags":[],"class_list":["post-92293","post","type-post","status-publish","format-standard","has-post-thumbnail","hentry","category-nacionales","category-portada"],"jetpack_featured_media_url":"https:\/\/i0.wp.com\/cdnoticias.com\/wp-content\/uploads\/2022\/10\/SUPERMERCADOS_MG_8486__WEB-696x344-1.jpg?fit=696%2C344&ssl=1","jetpack_sharing_enabled":true,"_links":{"self":[{"href":"https:\/\/cdnoticias.com\/index.php\/wp-json\/wp\/v2\/posts\/92293","targetHints":{"allow":["GET"]}}],"collection":[{"href":"https:\/\/cdnoticias.com\/index.php\/wp-json\/wp\/v2\/posts"}],"about":[{"href":"https:\/\/cdnoticias.com\/index.php\/wp-json\/wp\/v2\/types\/post"}],"author":[{"embeddable":true,"href":"https:\/\/cdnoticias.com\/index.php\/wp-json\/wp\/v2\/users\/5"}],"replies":[{"embeddable":true,"href":"https:\/\/cdnoticias.com\/index.php\/wp-json\/wp\/v2\/comments?post=92293"}],"version-history":[{"count":0,"href":"https:\/\/cdnoticias.com\/index.php\/wp-json\/wp\/v2\/posts\/92293\/revisions"}],"wp:featuredmedia":[{"embeddable":true,"href":"https:\/\/cdnoticias.com\/index.php\/wp-json\/wp\/v2\/media\/67637"}],"wp:attachment":[{"href":"https:\/\/cdnoticias.com\/index.php\/wp-json\/wp\/v2\/media?parent=92293"}],"wp:term":[{"taxonomy":"category","embeddable":true,"href":"https:\/\/cdnoticias.com\/index.php\/wp-json\/wp\/v2\/categories?post=92293"},{"taxonomy":"post_tag","embeddable":true,"href":"https:\/\/cdnoticias.com\/index.php\/wp-json\/wp\/v2\/tags?post=92293"}],"curies":[{"name":"wp","href":"https:\/\/api.w.org\/{rel}","templated":true}]}}