{"id":92286,"date":"2023-08-06T10:07:00","date_gmt":"2023-08-06T13:07:00","guid":{"rendered":"https:\/\/www.centraldenoticias.com.ar\/?p=92286"},"modified":"2023-08-10T08:37:22","modified_gmt":"2023-08-10T11:37:22","slug":"todo-listo-para-una-nueva-edicion-de-la-fiesta-dia-de-la-ninez","status":"publish","type":"post","link":"https:\/\/cdnoticias.com\/index.php\/2023\/08\/06\/todo-listo-para-una-nueva-edicion-de-la-fiesta-dia-de-la-ninez\/","title":{"rendered":"Todo listo para una nueva edici\u00f3n de la Fiesta D\u00eda de la Ni\u00f1ez"},"content":{"rendered":"<p>Ser\u00e1 de 14 a 17 en el predio de La Rural. Habr\u00e1 juegos, espect\u00e1culos infantiles, talleres y exposiciones. Tambi\u00e9n se dispondr\u00e1 de recorrido gratuito de colectivos.<!--more--><\/p>\n<hr \/>\n<p>Este domingo 6 de agosto en el predio de la Sociedad Rural de Olavarr\u00eda, se vivir\u00e1 una <strong>nueva edici\u00f3n de la tradicional fiesta<\/strong> que re\u00fane a todos los ni\u00f1os y ni\u00f1as de Olavarr\u00eda y la regi\u00f3n.<\/p>\n<p>&nbsp;<\/p>\n<p>Organizada conjuntamente entre la Municipalidad de Olavarr\u00eda y MANO (Movimiento a la Alegr\u00eda del Ni\u00f1o Olavarriense), la 41\u00aa Fiesta D\u00eda de la Ni\u00f1ez contar\u00e1 con <strong>diferentes propuestas culturales y sociales, todas, de car\u00e1cter gratuito.<\/strong><\/p>\n<p>&nbsp;<\/p>\n<p>La jornada, que c<strong>omenzar\u00e1 a las 14 horas para finalizar alrededor de las 17 horas<\/strong>, tendr\u00e1 actividades para todas las edades que fueron pensadas con una fuerte mirada de inclusi\u00f3n.<\/p>\n<p>&nbsp;<\/p>\n<p><strong>Durante esta tradicional fiesta habr\u00e1:<\/strong><\/p>\n<p>Juegos inflables.<\/p>\n<p>Payasos y malabaristas.<\/p>\n<p>Estatuas vivientes.<\/p>\n<p>Parkur a cargo de Naturalfit.<\/p>\n<p>Taller de origami.<\/p>\n<p>Espect\u00e1culo y taller din\u00e1mico de acrobacia en tela en el Pabell\u00f3n Igui\u00f1iz.<\/p>\n<p>Show de circo.<\/p>\n<p>Globolog\u00eda.<\/p>\n<p>Juegos deportivos convencionales y no convencionales organizados por la Direcci\u00f3n de Deportes.<\/p>\n<p>Exhibici\u00f3n de los Bomberos Voluntarios.<\/p>\n<p>Exposici\u00f3n est\u00e1tica y juegos organizados por el Regimiento de Caballer\u00eda Tanques 2 \u201cLanceros Gral Paz\u201d.<\/p>\n<p>Pochoclos\u00a0 \u2013 Copos de az\u00facar \u2013 Cubanitos.<\/p>\n<p>Chocolate \u2013 Facturas \u2013 Golosinas<\/p>\n<p>Los espect\u00e1culos art\u00edsticos se desarrollar\u00e1n estar\u00e1n distribuidos en diferentes espacios del predio:<\/p>\n<p>&nbsp;<\/p>\n<p><strong>Escenario principal<\/strong><\/p>\n<p>14:00 &#8211; Apertura<\/p>\n<p>14:40 &#8211; Presentaci\u00f3n del grupo musical \u201cLas Rocker\u00edsticas\u201d<\/p>\n<p>16:00 &#8211; Obra infantil \u201cExpedici\u00f3n Circ\u201d<\/p>\n<p>&nbsp;<\/p>\n<p>Asimismo, se brindar\u00e1 el tradicional chocolate y las facturas elaboradas por el Servicio Penitenciario Provincial como todos los a\u00f1os. Adem\u00e1s de golosinas, pochoclos y copos de nieve.<\/p>\n<p>&nbsp;<\/p>\n<h2>Recorridos gratuitos de colectivos<\/h2>\n<p>&nbsp;<\/p>\n<p><strong>13:20<\/strong><\/p>\n<p>\u2013 Del Valle y Pellegrini \/ Del Valle y Urquiza\/ B. Fonavi (Del Valle y Amparo Castro)<\/p>\n<p>\u2013 B. Jard\u00edn (Trabajadores y Saavedra) \/ CECO II \/ Servicio Territorial Municipal N\u00ba 4 (H. Irigoyen y Berutti) \/ Sociedad De Fomento Belgrano (Urquiza y Balcarce)<\/p>\n<p>\u2013 Puente Emiliozzi\/ Jard\u00edn de Infantes Bel\u00e9n\/ Rotonda Matadero- Isaura.<\/p>\n<p>&nbsp;<\/p>\n<p><strong>13:30<\/strong><\/p>\n<p>\u2013 Parque Helios Eseverri (Trabajadores y Lavalle) \/ Servicio Territorial Municipal N\u00ba 1 (Esc.N\u00ba 6) \/ Alberdi y Sarmiento\/ B. Lourdes\/ B. Trabajadores.<\/p>\n<p>\u2013 Servicio Territorial Municipal N\u00ba 2 (Alberdi y Hornos) \/ Barrio 104 (Pueyrred\u00f3n e Ituzaing\u00f3)<\/p>\n<p>\u2013 Barrio CECO I (Escuela N\u00ba 80) \/ B. Bancario (Avellaneda y Urquiza) \/ Avellaneda y Aguilar.<\/p>\n<p>\u2013 Villa Magdalena (Circunvalaci\u00f3n y San Mart\u00edn) \/ B. Acupo I (Iglesia Del Carmen) \/ Plaza Central (Rivadavia y San Mart\u00edn)<\/p>\n<p>&nbsp;<\/p>\n<p><strong>Localidades<\/strong><\/p>\n<p><strong>13:00<\/strong><\/p>\n<p>\u2013 Colonia San Miguel: Plaza Colonia San Miguel (25 de Mayo y San Mart\u00edn) \u2013 Sierras Bayas: Terminal de \u00d3mnibus<\/p>\n<p>\u2013 Colonia Hinojo: Sal\u00f3n Parroquial (Av. Fundadores y Scharle) \u2013 Hinojo: Plaza Central (Bazterrica 1769) \u2013 Sierra Chica: Escuela Primaria N\u00ba2 (Av. Pedro Iriart Legorburu s\/n)<\/p>\n<p>\u2013 Loma Negra: Plaza Central (Av. 25 de Mayo y Av. Libertad) \u2013 Barrio AOMA (parada de \u00f3mnibus) \u2013 Escuela Agropecuaria (parada de \u00f3mnibus).<\/p>\n<p>&nbsp;<\/p>\n<p><strong>Cortes de calle<\/strong><\/p>\n<p>Avenida del Maestro e Ituzaing\u00f3<\/p>\n<p>Avenida del Maestro y Alberdi<\/p>\n<p>Cabe aclarar que el tr\u00e1nsito entre Ituzaing\u00f3 y Alberdi estar\u00e1 interrumpido. Finalizado el evento la avenida Ituzaing\u00f3 se convertir\u00e1 en mano \u00fanica y solamente se podr\u00e1 transitar de sur a norte.<\/p>\n","protected":false},"excerpt":{"rendered":"<p>Ser\u00e1 de 14 a 17 en el predio de La Rural. Habr\u00e1 juegos, espect\u00e1culos infantiles, talleres y exposiciones. Tambi\u00e9n se<\/p>\n","protected":false},"author":5,"featured_media":92287,"comment_status":"closed","ping_status":"closed","sticky":false,"template":"","format":"standard","meta":{"_jetpack_memberships_contains_paid_content":false,"footnotes":""},"categories":[9],"tags":[],"class_list":["post-92286","post","type-post","status-publish","format-standard","has-post-thumbnail","hentry","category-cultura"],"jetpack_featured_media_url":"https:\/\/i0.wp.com\/cdnoticias.com\/wp-content\/uploads\/2023\/08\/Fiesta-Dia-del-Nino-2019-2-1024x683-1.jpg?fit=800%2C445&ssl=1","jetpack_sharing_enabled":true,"_links":{"self":[{"href":"https:\/\/cdnoticias.com\/index.php\/wp-json\/wp\/v2\/posts\/92286","targetHints":{"allow":["GET"]}}],"collection":[{"href":"https:\/\/cdnoticias.com\/index.php\/wp-json\/wp\/v2\/posts"}],"about":[{"href":"https:\/\/cdnoticias.com\/index.php\/wp-json\/wp\/v2\/types\/post"}],"author":[{"embeddable":true,"href":"https:\/\/cdnoticias.com\/index.php\/wp-json\/wp\/v2\/users\/5"}],"replies":[{"embeddable":true,"href":"https:\/\/cdnoticias.com\/index.php\/wp-json\/wp\/v2\/comments?post=92286"}],"version-history":[{"count":0,"href":"https:\/\/cdnoticias.com\/index.php\/wp-json\/wp\/v2\/posts\/92286\/revisions"}],"wp:featuredmedia":[{"embeddable":true,"href":"https:\/\/cdnoticias.com\/index.php\/wp-json\/wp\/v2\/media\/92287"}],"wp:attachment":[{"href":"https:\/\/cdnoticias.com\/index.php\/wp-json\/wp\/v2\/media?parent=92286"}],"wp:term":[{"taxonomy":"category","embeddable":true,"href":"https:\/\/cdnoticias.com\/index.php\/wp-json\/wp\/v2\/categories?post=92286"},{"taxonomy":"post_tag","embeddable":true,"href":"https:\/\/cdnoticias.com\/index.php\/wp-json\/wp\/v2\/tags?post=92286"}],"curies":[{"name":"wp","href":"https:\/\/api.w.org\/{rel}","templated":true}]}}