{"id":92281,"date":"2023-08-05T17:19:41","date_gmt":"2023-08-06T11:51:10","guid":{"rendered":"https:\/\/www.centraldenoticias.com.ar\/?p=92281"},"modified":"2025-02-11T20:47:27","modified_gmt":"2025-02-11T23:47:27","slug":"el-9-cross-del-terraplen-consagro-a-sosa-y-giles","status":"publish","type":"post","link":"https:\/\/cdnoticias.com\/index.php\/2023\/08\/05\/el-9-cross-del-terraplen-consagro-a-sosa-y-giles\/","title":{"rendered":"El 9\u00b0 \u201cCross del Terrapl\u00e9n\u201d consagr\u00f3 a Sosa y Giles"},"content":{"rendered":"<p>En la tarde de este s\u00e1bado y en inmediaciones del barrio CECO se corri\u00f3 la 9\u00b0 edici\u00f3n del \u201cCross del Terrapl\u00e9n\u201d y hubo festejos para Luciano Sosa y Sof\u00eda Giles.<!--more--><\/p>\n<hr \/>\n<p>Organizado por el Centro de Educaci\u00f3n F\u00edsica N\u00b044 y la fiscalizaci\u00f3n del Circulo de Atletas Veteranos de Olavarr\u00eda, la carrera homenaje a Cecilia Marcobechio consagr\u00f3 a Luciano Sosa y Sof\u00eda Giles en los 6K que se completaron dando dos vueltas al espacio.<\/p>\n<p>&nbsp;<\/p>\n<p>Hubo m\u00e1s de 100 atletas presentes en la \u00fanica prueba pedestre que tendr\u00e1 Olavarr\u00eda en el mes de agosto.<\/p>\n<p>&nbsp;<\/p>\n<p>[soliloquy id=&#8221;39643&#8243;]<\/p>\n<p>&nbsp;<\/p>\n<h6><strong>Los resultados:<\/strong><\/h6>\n<p>&nbsp;<\/p>\n<h6>6K:<\/h6>\n<p>Caballeros:<\/p>\n<p><strong>1\u00b0 Luciano Sosa<\/strong><br \/>\n2\u00b0 Lucas Mart\u00edn<br \/>\n3\u00b0 Salvador Silvero<br \/>\n4\u00b0 Miguel Bisconti<br \/>\n5\u00b0 Iv\u00e1n Zarate<\/p>\n<p>Damas:<\/p>\n<p><strong>1\u00b0 Sof\u00eda Giles<\/strong><br \/>\n2\u00b0 Florencia Ju\u00e1rez<br \/>\n3\u00b0Nayla Merlo<\/p>\n<p>4\u00b0 Maira Cardozo<br \/>\n5\u00b0 Julieta Mitre<\/p>\n","protected":false},"excerpt":{"rendered":"<p>En la tarde de este s\u00e1bado y en inmediaciones del barrio CECO se corri\u00f3 la 9\u00b0 edici\u00f3n del \u201cCross del<\/p>\n","protected":false},"author":96739694,"featured_media":156650,"comment_status":"closed","ping_status":"closed","sticky":false,"template":"","format":"standard","meta":{"_jetpack_memberships_contains_paid_content":false,"footnotes":""},"categories":[38,1],"tags":[],"class_list":["post-92281","post","type-post","status-publish","format-standard","has-post-thumbnail","hentry","category-pedestrismo","category-portada"],"jetpack_featured_media_url":"https:\/\/i0.wp.com\/cdnoticias.com\/wp-content\/uploads\/2023\/08\/cross-4.jpeg?fit=1280%2C897&ssl=1","jetpack_sharing_enabled":true,"_links":{"self":[{"href":"https:\/\/cdnoticias.com\/index.php\/wp-json\/wp\/v2\/posts\/92281","targetHints":{"allow":["GET"]}}],"collection":[{"href":"https:\/\/cdnoticias.com\/index.php\/wp-json\/wp\/v2\/posts"}],"about":[{"href":"https:\/\/cdnoticias.com\/index.php\/wp-json\/wp\/v2\/types\/post"}],"author":[{"embeddable":true,"href":"https:\/\/cdnoticias.com\/index.php\/wp-json\/wp\/v2\/users\/96739694"}],"replies":[{"embeddable":true,"href":"https:\/\/cdnoticias.com\/index.php\/wp-json\/wp\/v2\/comments?post=92281"}],"version-history":[{"count":0,"href":"https:\/\/cdnoticias.com\/index.php\/wp-json\/wp\/v2\/posts\/92281\/revisions"}],"wp:featuredmedia":[{"embeddable":true,"href":"https:\/\/cdnoticias.com\/index.php\/wp-json\/wp\/v2\/media\/156650"}],"wp:attachment":[{"href":"https:\/\/cdnoticias.com\/index.php\/wp-json\/wp\/v2\/media?parent=92281"}],"wp:term":[{"taxonomy":"category","embeddable":true,"href":"https:\/\/cdnoticias.com\/index.php\/wp-json\/wp\/v2\/categories?post=92281"},{"taxonomy":"post_tag","embeddable":true,"href":"https:\/\/cdnoticias.com\/index.php\/wp-json\/wp\/v2\/tags?post=92281"}],"curies":[{"name":"wp","href":"https:\/\/api.w.org\/{rel}","templated":true}]}}