{"id":92262,"date":"2023-08-05T21:01:58","date_gmt":"2023-08-06T00:01:58","guid":{"rendered":"https:\/\/www.centraldenoticias.com.ar\/?p=92262"},"modified":"2023-08-05T21:01:58","modified_gmt":"2023-08-06T00:01:58","slug":"diputada-luciana-padulo-olavarria-necesita-un-intendente-como-eduardo-rodriguez","status":"publish","type":"post","link":"https:\/\/cdnoticias.com\/index.php\/2023\/08\/05\/diputada-luciana-padulo-olavarria-necesita-un-intendente-como-eduardo-rodriguez\/","title":{"rendered":"Diputada Luciana Padulo: \u201cOlavarr\u00eda necesita un Intendente como Eduardo Rodr\u00edguez\u201d"},"content":{"rendered":"<p>La legisladora del Frente Renovador en Uni\u00f3n por la Patria estuvo en Olavarr\u00eda este s\u00e1bado para apoyar la campa\u00f1a de Eduardo Rodr\u00edguez y resalt\u00f3 su compromiso, experiencia y dedicaci\u00f3n.<\/p>\n<p><!--more--><\/p>\n<hr \/>\n<p><strong>En la tarde de este s\u00e1bado<\/strong>, la <strong>Diputada Provincial<\/strong> del Frente Renovador en Uni\u00f3n por la Patria, <strong>Luciana Padulo, visit\u00f3 Olavarr\u00eda<\/strong> para acompa\u00f1ar y apoyar la <strong>campa\u00f1a a la Intendencia de Eduardo Rodr\u00edguez<\/strong>.<\/p>\n<p>&nbsp;<\/p>\n<p>La Diputada lleg\u00f3 pasado el mediod\u00eda del s\u00e1bado a la <strong>Casa Eduardo \u201cChino\u201d Correa<\/strong>, sede oficial del Foro Olavarr\u00eda &#8211; Frente Renovador, donde <em>fue recibida por el candidato a Intendente de la Lista 4 Celeste y Blanca en Uni\u00f3n por la Patria, Eduardo Rodr\u00edguez, el concejal Gast\u00f3n Sarachu y los candidatos a Concejales que integran la lista Ra\u00fal Kuhn, Eva Cura, Carlos Bettiga y Gladys Ram\u00f3n.<\/em><\/p>\n<p>&nbsp;<\/p>\n<p>Luego se dirigieron para la <strong>zona del parque Mitre para recorrer casa por casa<\/strong> donde entregaron la boleta que integran <strong>Sergio Massa<\/strong> como candidato a Presidente de la Naci\u00f3n y Eduardo Rodr\u00edguez como candidato a Intendente.<\/p>\n<p>&nbsp;<\/p>\n<blockquote><p>\u201cCon mucha alegr\u00eda vengo a militar esta boleta con este gran compa\u00f1ero que es Eduardo Rodr\u00edguez\u201d, dijo la Diputada Luciana Padulo. \u201cOlavarr\u00eda necesita un Intendente como \u00e9l\u201d, agreg\u00f3.<\/p><\/blockquote>\n<p>&nbsp;<\/p>\n<p>Luego, la Diputada Provincial dirigi\u00f3 unas palabras a los vecinos de Olavarr\u00eda indicando que <strong>\u201ceste 13 de agosto, Olavarr\u00eda est\u00e1 en sus manos\u201d<\/strong> invitando a que <strong>\u201cdecidan que un equipo como el de Eduardo, profesional, con experiencia y mucho compromiso, tome las riendas del Municipio para bien de los olavarrienses\u201d<\/strong>.<\/p>\n<p>&nbsp;<\/p>\n<p><img data-recalc-dims=\"1\" loading=\"lazy\" decoding=\"async\" class=\"size-full wp-image-92264 aligncenter\" src=\"https:\/\/i0.wp.com\/cdnoticias.com\/wp-content\/uploads\/2023\/08\/Luciana-Padulo-Eduardo-Reunion.jpeg?resize=800%2C500&#038;ssl=1\" alt=\"\" width=\"800\" height=\"500\" srcset=\"https:\/\/i0.wp.com\/cdnoticias.com\/wp-content\/uploads\/2023\/08\/Luciana-Padulo-Eduardo-Reunion.jpeg?w=800&amp;ssl=1 800w, https:\/\/i0.wp.com\/cdnoticias.com\/wp-content\/uploads\/2023\/08\/Luciana-Padulo-Eduardo-Reunion.jpeg?resize=300%2C188&amp;ssl=1 300w, https:\/\/i0.wp.com\/cdnoticias.com\/wp-content\/uploads\/2023\/08\/Luciana-Padulo-Eduardo-Reunion.jpeg?resize=768%2C480&amp;ssl=1 768w\" sizes=\"auto, (max-width: 800px) 100vw, 800px\" \/><\/p>\n<p>&nbsp;<\/p>\n<h2>Reuni\u00f3n con mujeres emprendedoras<\/h2>\n<p>&nbsp;<\/p>\n<p>M\u00e1s tarde, la Diputada Luciana Padulo junto al candidato a Intendente Eduardo Rodr\u00edguez y los candidatos a concejales de la Lista 4 se dirigieron al <strong>barrio Lourdes<\/strong> donde se reunieron con <strong>emprendedoras que integran \u201cLa Minga\u201d<\/strong>. En dicha ocasi\u00f3n, tambi\u00e9n estuvo presente la <strong>presidenta de la organizaci\u00f3n de Econom\u00eda Social, Patricia Bahl<\/strong>.<\/p>\n<p>&nbsp;<\/p>\n<p>En esa oportunidad, las distintas emprendedoras mostraron sus productos y expusieron sus historias de los respectivos proyectos ante la atenta escucha de la Diputada Padulo, Eduardo Rodr\u00edguez, Ra\u00fal Kuhn, Eva Cura, Carlos Bettiga y Gladys Ram\u00f3n.<\/p>\n<p>&nbsp;<\/p>\n<p>Luciana Padulo destac\u00f3 el trabajo de Patricia Bahl y de todas las emprendedoras de la econom\u00eda social destacando que \u201clas mujeres somos fuertes, nos ponemos al frente de las situaciones de crisis y siempre salimos adelante, incluso tomando las riendas del grupo familiar\u201d.<\/p>\n<p>&nbsp;<\/p>\n","protected":false},"excerpt":{"rendered":"<p>La legisladora del Frente Renovador en Uni\u00f3n por la Patria estuvo en Olavarr\u00eda este s\u00e1bado para apoyar la campa\u00f1a de<\/p>\n","protected":false},"author":4,"featured_media":92263,"comment_status":"closed","ping_status":"closed","sticky":false,"template":"","format":"standard","meta":{"_jetpack_memberships_contains_paid_content":false,"footnotes":""},"categories":[4,1],"tags":[],"class_list":["post-92262","post","type-post","status-publish","format-standard","has-post-thumbnail","hentry","category-politica","category-portada"],"jetpack_featured_media_url":"https:\/\/i0.wp.com\/cdnoticias.com\/wp-content\/uploads\/2023\/08\/Luciana-Padulo-Eduardo-Rodriguez-recorrida.jpeg?fit=800%2C500&ssl=1","jetpack_sharing_enabled":true,"_links":{"self":[{"href":"https:\/\/cdnoticias.com\/index.php\/wp-json\/wp\/v2\/posts\/92262","targetHints":{"allow":["GET"]}}],"collection":[{"href":"https:\/\/cdnoticias.com\/index.php\/wp-json\/wp\/v2\/posts"}],"about":[{"href":"https:\/\/cdnoticias.com\/index.php\/wp-json\/wp\/v2\/types\/post"}],"author":[{"embeddable":true,"href":"https:\/\/cdnoticias.com\/index.php\/wp-json\/wp\/v2\/users\/4"}],"replies":[{"embeddable":true,"href":"https:\/\/cdnoticias.com\/index.php\/wp-json\/wp\/v2\/comments?post=92262"}],"version-history":[{"count":0,"href":"https:\/\/cdnoticias.com\/index.php\/wp-json\/wp\/v2\/posts\/92262\/revisions"}],"wp:featuredmedia":[{"embeddable":true,"href":"https:\/\/cdnoticias.com\/index.php\/wp-json\/wp\/v2\/media\/92263"}],"wp:attachment":[{"href":"https:\/\/cdnoticias.com\/index.php\/wp-json\/wp\/v2\/media?parent=92262"}],"wp:term":[{"taxonomy":"category","embeddable":true,"href":"https:\/\/cdnoticias.com\/index.php\/wp-json\/wp\/v2\/categories?post=92262"},{"taxonomy":"post_tag","embeddable":true,"href":"https:\/\/cdnoticias.com\/index.php\/wp-json\/wp\/v2\/tags?post=92262"}],"curies":[{"name":"wp","href":"https:\/\/api.w.org\/{rel}","templated":true}]}}