{"id":92260,"date":"2023-08-05T21:52:02","date_gmt":"2023-08-06T00:52:02","guid":{"rendered":"https:\/\/www.centraldenoticias.com.ar\/?p=92260"},"modified":"2023-08-06T10:07:10","modified_gmt":"2023-08-06T13:07:10","slug":"dalton-jauregui-el-intendente-se-esta-alejando-del-eje-de-juntos-por-el-cambio","status":"publish","type":"post","link":"https:\/\/cdnoticias.com\/index.php\/2023\/08\/05\/dalton-jauregui-el-intendente-se-esta-alejando-del-eje-de-juntos-por-el-cambio\/","title":{"rendered":"Dalton J\u00e1uregui: \u201cEl intendente se est\u00e1 alejando del eje de Juntos por el Cambio\u201d"},"content":{"rendered":"<p>El precandidato a la Intendencia consider\u00f3 que \u201choy la pol\u00edtica tiene que mutar m\u00e1s al servidor p\u00fablico\u201d. Su trayectoria en el Municipio, el Concejo Deliberante \u201cno autom\u00e1tico\u201d y el liderazgo de Patricia Bullrich.<\/p>\n<p><!--more--><\/p>\n<hr \/>\n<p><strong>Dalton J\u00e1uregui<\/strong> es <strong>precandidato a intendente de la lista PR en Juntos por el Cambio<\/strong> que competir\u00e1 en la PASO contra otras dos n\u00f3minas, una encabezada por Ezequiel Galli y la otra por Marcelo Spina.<\/p>\n<p>&nbsp;<\/p>\n<p><strong>\u201cEl intendente se est\u00e1 alejando del eje de Juntos por el Cambio\u201d<\/strong> defini\u00f3 en una entrevista con <strong>Central de Noticias<\/strong> donde dej\u00f3 algunas cr\u00edticas al jefe comunal en cuya primera gesti\u00f3n fue funcionario de primera l\u00ednea.<\/p>\n<p>&nbsp;<\/p>\n<p>En ese sentido, <em>resalt\u00f3 su visi\u00f3n de la gesti\u00f3n, su trayectoria en el Municipio, prefiri\u00f3 un Concejo Deliberante \u201cno autom\u00e1tico\u201d y el liderazgo de Patricia Bullrich<\/em>.<\/p>\n<p>&nbsp;<\/p>\n<blockquote class=\"instagram-media\" style=\"background: #FFF; border: 0; border-radius: 3px; box-shadow: 0 0 1px 0 rgba(0,0,0,0.5),0 1px 10px 0 rgba(0,0,0,0.15); margin: 1px; max-width: 540px; min-width: 326px; padding: 0; width: calc(100% - 2px);\" data-instgrm-permalink=\"https:\/\/www.instagram.com\/reel\/CvlV_qag7cc\/?utm_source=ig_embed&amp;utm_campaign=loading\" data-instgrm-version=\"14\">\n<div style=\"padding: 16px;\">\n<p>&nbsp;<\/p>\n<div style=\"display: flex; flex-direction: row; align-items: center;\">\n<div style=\"background-color: #f4f4f4; border-radius: 50%; flex-grow: 0; height: 40px; margin-right: 14px; width: 40px;\"><\/div>\n<div style=\"display: flex; flex-direction: column; flex-grow: 1; justify-content: center;\">\n<div style=\"background-color: #f4f4f4; border-radius: 4px; flex-grow: 0; height: 14px; margin-bottom: 6px; width: 100px;\"><\/div>\n<div style=\"background-color: #f4f4f4; border-radius: 4px; flex-grow: 0; height: 14px; width: 60px;\"><\/div>\n<\/div>\n<\/div>\n<div style=\"padding: 19% 0;\"><\/div>\n<div style=\"display: block; height: 50px; margin: 0 auto 12px; width: 50px;\"><\/div>\n<div style=\"padding-top: 8px;\">\n<div style=\"color: #3897f0; font-family: Arial,sans-serif; font-size: 14px; font-style: normal; font-weight: 550; line-height: 18px;\">Ver esta publicaci\u00f3n en Instagram<\/div>\n<\/div>\n<div style=\"padding: 12.5% 0;\"><\/div>\n<div style=\"display: flex; flex-direction: row; margin-bottom: 14px; align-items: center;\">\n<div>\n<div style=\"background-color: #f4f4f4; border-radius: 50%; height: 12.5px; width: 12.5px; transform: translateX(0px) translateY(7px);\"><\/div>\n<div style=\"background-color: #f4f4f4; height: 12.5px; transform: rotate(-45deg) translateX(3px) translateY(1px); width: 12.5px; flex-grow: 0; margin-right: 14px; margin-left: 2px;\"><\/div>\n<div style=\"background-color: #f4f4f4; border-radius: 50%; height: 12.5px; width: 12.5px; transform: translateX(9px) translateY(-18px);\"><\/div>\n<\/div>\n<div style=\"margin-left: 8px;\">\n<div style=\"background-color: #f4f4f4; border-radius: 50%; flex-grow: 0; height: 20px; width: 20px;\"><\/div>\n<div style=\"width: 0; height: 0; border-top: 2px solid transparent; border-left: 6px solid #f4f4f4; border-bottom: 2px solid transparent; transform: translateX(16px) translateY(-4px) rotate(30deg);\"><\/div>\n<\/div>\n<div style=\"margin-left: auto;\">\n<div style=\"width: 0px; border-top: 8px solid #F4F4F4; border-right: 8px solid transparent; transform: translateY(16px);\"><\/div>\n<div style=\"background-color: #f4f4f4; flex-grow: 0; height: 12px; width: 16px; transform: translateY(-4px);\"><\/div>\n<div style=\"width: 0; height: 0; border-top: 8px solid #F4F4F4; border-left: 8px solid transparent; transform: translateY(-4px) translateX(8px);\"><\/div>\n<\/div>\n<\/div>\n<div style=\"display: flex; flex-direction: column; flex-grow: 1; justify-content: center; margin-bottom: 24px;\">\n<div style=\"background-color: #f4f4f4; border-radius: 4px; flex-grow: 0; height: 14px; margin-bottom: 6px; width: 224px;\"><\/div>\n<div style=\"background-color: #f4f4f4; border-radius: 4px; flex-grow: 0; height: 14px; width: 144px;\"><\/div>\n<\/div>\n<p>&nbsp;<\/p>\n<p style=\"color: #c9c8cd; font-family: Arial,sans-serif; font-size: 14px; line-height: 17px; margin-bottom: 0; margin-top: 8px; overflow: hidden; padding: 8px 0 7px; text-align: center; text-overflow: ellipsis; white-space: nowrap;\"><a style=\"color: #c9c8cd; font-family: Arial,sans-serif; font-size: 14px; font-style: normal; font-weight: normal; line-height: 17px; text-decoration: none;\" href=\"https:\/\/www.instagram.com\/reel\/CvlV_qag7cc\/?utm_source=ig_embed&amp;utm_campaign=loading\" target=\"_blank\" rel=\"noopener\">Una publicaci\u00f3n compartida por Central de Noticias Olavarr\u00eda (@cdnolavarria)<\/a><\/p>\n<\/div>\n<\/blockquote>\n<p><script async src=\"\/\/www.instagram.com\/embed.js\"><\/script><\/p>\n<p>&nbsp;<\/p>\n<p><strong>-\u00bfPor qu\u00e9 quer\u00e9s ser intendente?<\/strong><\/p>\n<p>Creo en la alternancia, creo que es sana la rotaci\u00f3n y <strong>es sano no eternizarse en un cargo<\/strong>. Todas las instituciones hoy tienen rotaciones en sus cargos m\u00e1s altos, en ese liderazgo que tambi\u00e9n lo pensamos m\u00e1s horizontal. Por eso vuelvo a esos valores de Juntos por el Cambio que son la rotaci\u00f3n. Es m\u00e1s, te dir\u00eda que ni siquiera 8 a\u00f1os, creemos en los per\u00edodos m\u00e1s cortos.<\/p>\n<blockquote><p>Tengo la capacidad, demostr\u00e9 en el a\u00f1o 2017 despu\u00e9s de un escenario complejo como fue el recital del Indio Solari, tener la capacidad de gestionar, de hablar con todos. Creo que hoy la pol\u00edtica tiene que mutar m\u00e1s al servidor p\u00fablico y con todas las instituciones, con todos los actores dentro de la pol\u00edtica, con un Concejo Deliberante que no hay mayor\u00eda y me parece que es sensato eso y es a donde tiene que ir un poco ese servidor p\u00fablico y dejar de lado la pol\u00edtica.<\/p><\/blockquote>\n<p>&nbsp;<\/p>\n<p><strong>-\u00bfCrees que el camino es el del di\u00e1logo y lograr acuerdos?<\/strong><\/p>\n<p>Yo creo no hay otro camino. Es un escenario en el que la gente le exige m\u00e1s al servidor p\u00fablico ese ida y vuelta, no solo con un equipo t\u00e9cnico que te devuelva esa idoneidad, sino tambi\u00e9n con otros espacios pol\u00edticos. <strong>Tenemos que construir todos juntos<\/strong>. Por eso hice hincapi\u00e9 en <strong>un Concejo Deliberante no autom\u00e1tico<\/strong> como hoy tiene la gesti\u00f3n del intendente Galli, que en el caso de tener la suerte de ser gobierno, evidentemente no lo vamos a tener. Te pongo un ejemplo <em>como fue el tema de la regulaci\u00f3n de la producci\u00f3n artesanal de cerveza. Hab\u00eda varios proyectos, los centralizamos, me sent\u00e9 en ese momento con Federico Aguilera, Emilio Vitale, que era concejal, nos pusimos de acuerdo, armamos un proyecto, se regul\u00f3, se sancion\u00f3<\/em>. Hoy Olavarr\u00eda tiene una marca que est\u00e1 reconocida a nivel mundial. En ese ejemplo de la producci\u00f3n artesanal de cerveza, ten\u00e9s lo que yo planteo para Olavarr\u00eda, que es con todos.<\/p>\n<p>&nbsp;<\/p>\n<p><img data-recalc-dims=\"1\" loading=\"lazy\" decoding=\"async\" class=\"size-large wp-image-90928 aligncenter\" src=\"https:\/\/i0.wp.com\/cdnoticias.com\/wp-content\/uploads\/2023\/07\/dalton-jauregui5.jpg?resize=800%2C445&#038;ssl=1\" alt=\"\" width=\"800\" height=\"445\" srcset=\"https:\/\/i0.wp.com\/cdnoticias.com\/wp-content\/uploads\/2023\/07\/dalton-jauregui5.jpg?resize=1024%2C570&amp;ssl=1 1024w, https:\/\/i0.wp.com\/cdnoticias.com\/wp-content\/uploads\/2023\/07\/dalton-jauregui5.jpg?resize=300%2C167&amp;ssl=1 300w, https:\/\/i0.wp.com\/cdnoticias.com\/wp-content\/uploads\/2023\/07\/dalton-jauregui5.jpg?resize=768%2C428&amp;ssl=1 768w, https:\/\/i0.wp.com\/cdnoticias.com\/wp-content\/uploads\/2023\/07\/dalton-jauregui5.jpg?resize=800%2C445&amp;ssl=1 800w, https:\/\/i0.wp.com\/cdnoticias.com\/wp-content\/uploads\/2023\/07\/dalton-jauregui5.jpg?w=1072&amp;ssl=1 1072w\" sizes=\"auto, (max-width: 800px) 100vw, 800px\" \/><\/p>\n<p>&nbsp;<\/p>\n<p><strong>-\u00bfC\u00f3mo ves la interna en lo local y lo que se plantea a nivel provincial y nacional?<\/strong><\/p>\n<p>Yo lo veo sano en la medida que tambi\u00e9n se cumple con la norma. Las primarias, abiertas, simult\u00e1neas y obligatorias es una norma que establece esa finalidad: dirimir una interna dentro de un espacio y <strong>que el mejor candidato es el que est\u00e9 en la boleta decidido por la gente<\/strong>, por el votante, por el ciudadano. Y tambi\u00e9n es una manera de medir gesti\u00f3n. \u00bfPor qu\u00e9 no puede haber dos diferencias en una misma bandera? Hoy nosotros estamos encolumnados con <strong>Patricia Bullrich porque creemos que es la mejor opci\u00f3n dentro de Juntos por el Cambio<\/strong> y hay otras. Me parece sano que haya distintas alternativas y que la gente pueda decidir. Si te digo, que me parece que habr\u00eda que avanzar en modificar la herramienta electoral, porque hoy la lista s\u00e1bana no termina de cautivar al votante a participar.<\/p>\n<p>&nbsp;<\/p>\n<p><strong>-Respecto a la interna en lo local \u00bfqu\u00e9 diferencias encontr\u00e1s con Ezequiel Galli?<\/strong><\/p>\n<p>El verticalismo. En alg\u00fan momento se dej\u00f3 de lado. <strong>En este escenario de 2017 se hablaba con todos y hoy volvi\u00f3 ese verticalismo<\/strong>. Y tambi\u00e9n fue un poco la idea que le plante\u00e9 a Cristian Ritondo de poder presentar una alternativa en Olavarr\u00eda, amarilla, hoy dentro de Juntos por el Cambio, porque creemos que <strong>el intendente se est\u00e1 alejando del eje de Juntos por el Cambio.<\/strong><\/p>\n<p>&nbsp;<\/p>\n<p><img data-recalc-dims=\"1\" loading=\"lazy\" decoding=\"async\" class=\"size-large wp-image-90926 aligncenter\" src=\"https:\/\/i0.wp.com\/cdnoticias.com\/wp-content\/uploads\/2023\/07\/dalton-jauregui3.jpg?resize=800%2C445&#038;ssl=1\" alt=\"\" width=\"800\" height=\"445\" srcset=\"https:\/\/i0.wp.com\/cdnoticias.com\/wp-content\/uploads\/2023\/07\/dalton-jauregui3.jpg?resize=1024%2C570&amp;ssl=1 1024w, https:\/\/i0.wp.com\/cdnoticias.com\/wp-content\/uploads\/2023\/07\/dalton-jauregui3.jpg?resize=300%2C167&amp;ssl=1 300w, https:\/\/i0.wp.com\/cdnoticias.com\/wp-content\/uploads\/2023\/07\/dalton-jauregui3.jpg?resize=768%2C428&amp;ssl=1 768w, https:\/\/i0.wp.com\/cdnoticias.com\/wp-content\/uploads\/2023\/07\/dalton-jauregui3.jpg?resize=800%2C445&amp;ssl=1 800w, https:\/\/i0.wp.com\/cdnoticias.com\/wp-content\/uploads\/2023\/07\/dalton-jauregui3.jpg?w=1029&amp;ssl=1 1029w\" sizes=\"auto, (max-width: 800px) 100vw, 800px\" \/><\/p>\n<p>&nbsp;<\/p>\n<p><strong>-\u00bfHabl\u00e1s de personalismo? \u00bfCrees que la gesti\u00f3n est\u00e1 centrada en una sola persona tomando decisiones?<\/strong><\/p>\n<p>Yo creo que s\u00ed, es el ejemplo de las TUVI. <strong>Un intendente que no se apoya en su equipo de t\u00e9cnicos comete un error<\/strong> cuando el equipo de t\u00e9cnicos le dec\u00eda que no era viable y el colmo de los colmos, en la capital del cemento. Un ejemplo entre miles.<\/p>\n<blockquote><p>Uno tiene que nutrirse de gente id\u00f3nea, capacitada, no amigos, no primos, no parientes, pero s\u00ed que sea id\u00f3nea. Me parece que la gente hoy exige idoneidad en el cargo. Por eso vuelvo a la misma idea de los cuatro a\u00f1os, porque es sano, porque despu\u00e9s uno se confunde porque si uno no tiene la capacidad de administrar bien el poder, te confund\u00eds. Si uno ejerce un liderazgo sano, con un faro en com\u00fan y siendo horizontal, la cosa va a cambiar.<\/p><\/blockquote>\n<p>&nbsp;<\/p>\n<p><img data-recalc-dims=\"1\" loading=\"lazy\" decoding=\"async\" class=\"size-full wp-image-92027 aligncenter\" src=\"https:\/\/i0.wp.com\/cdnoticias.com\/wp-content\/uploads\/2023\/08\/bullrich-olavarria-10.jpg?resize=800%2C445&#038;ssl=1\" alt=\"\" width=\"800\" height=\"445\" srcset=\"https:\/\/i0.wp.com\/cdnoticias.com\/wp-content\/uploads\/2023\/08\/bullrich-olavarria-10.jpg?w=800&amp;ssl=1 800w, https:\/\/i0.wp.com\/cdnoticias.com\/wp-content\/uploads\/2023\/08\/bullrich-olavarria-10.jpg?resize=300%2C167&amp;ssl=1 300w, https:\/\/i0.wp.com\/cdnoticias.com\/wp-content\/uploads\/2023\/08\/bullrich-olavarria-10.jpg?resize=768%2C427&amp;ssl=1 768w\" sizes=\"auto, (max-width: 800px) 100vw, 800px\" \/><\/p>\n<p>&nbsp;<\/p>\n<p><strong>-\u00bfC\u00f3mo ha sido el trabajo con tus \u201caliados\u201d de la lista?<\/strong><\/p>\n<p>La verdad que <strong>no fue muy dif\u00edcil m\u00e1s all\u00e1 del poco tiempo que tuvimos en el cierre<\/strong>, esperando un poco al radicalismo si estaba o no dentro Juntos por el Cambio. El armado de la lista llev\u00f3 veinte minutos. Tenemos tambi\u00e9n gente del Partido Autonomista que con orgullo lo cuento porque tenemos otro referente pol\u00edtico en la lista.<\/p>\n<blockquote><p>No hubo problema por los lugares, tenemos el mismo horizonte, queremos crear una alternativa en Olavarr\u00eda y estamos trabajando cada uno en su \u00e1mbito, en su lugar de idoneidad. Con Juan (Zyla) que viene del \u00e1mbito de salud, con Andrea (Coronel) que viene con un trabajo muy importante en las localidades y los barrios. Y la verdad que no nos cost\u00f3. S\u00ed, nos cost\u00f3 con el radicalismo que no logramos un acuerdo.<\/p><\/blockquote>\n<p>&nbsp;<\/p>\n<p><strong>-\u00bfC\u00f3mo te ves el 13 de agosto?<\/strong><\/p>\n<p>Me veo tranquilo, con el deber de haber cumplido, <strong>con el deber de tener las ganas y de organizar la posibilidad de ser una alternativa en Olavarr\u00eda<\/strong>, de darle al ciudadano una alternativa. M\u00e1s all\u00e1 del resultado, me veo muy contento de haber estado en un acto electoral.<\/p>\n<p>&nbsp;<\/p>\n<blockquote class=\"wp-embedded-content\" data-secret=\"bKwV6slZd7\"><p><a href=\"https:\/\/cdnoticias.com\/index.php\/2023\/07\/31\/seguridad-salud-publica-y-obras-para-la-ciudad-jauregui-presento-las-principales-propuestas-para-olavarria\/\">Seguridad, salud p\u00fablica y obras para la ciudad: J\u00e1uregui present\u00f3 las principales propuestas para Olavarr\u00eda<\/a><\/p><\/blockquote>\n<p><iframe loading=\"lazy\" class=\"wp-embedded-content\" sandbox=\"allow-scripts\" security=\"restricted\" style=\"position: absolute; clip: rect(1px, 1px, 1px, 1px);\" title=\"&#8220;Seguridad, salud p\u00fablica y obras para la ciudad: J\u00e1uregui present\u00f3 las principales propuestas para Olavarr\u00eda&#8221; &#8212; Central de Noticias | Olavarr\u00eda\" src=\"https:\/\/cdnoticias.com\/index.php\/2023\/07\/31\/seguridad-salud-publica-y-obras-para-la-ciudad-jauregui-presento-las-principales-propuestas-para-olavarria\/embed\/#?secret=BrXwEs4FHA#?secret=bKwV6slZd7\" data-secret=\"bKwV6slZd7\" width=\"600\" height=\"338\" frameborder=\"0\" marginwidth=\"0\" marginheight=\"0\" scrolling=\"no\"><\/iframe><\/p>\n<p>&nbsp;<\/p>\n","protected":false},"excerpt":{"rendered":"<p>El precandidato a la Intendencia consider\u00f3 que \u201choy la pol\u00edtica tiene que mutar m\u00e1s al servidor p\u00fablico\u201d. Su trayectoria en<\/p>\n","protected":false},"author":4,"featured_media":90931,"comment_status":"closed","ping_status":"closed","sticky":false,"template":"","format":"standard","meta":{"_jetpack_memberships_contains_paid_content":false,"footnotes":""},"categories":[4,1],"tags":[],"class_list":["post-92260","post","type-post","status-publish","format-standard","has-post-thumbnail","hentry","category-politica","category-portada"],"jetpack_featured_media_url":"https:\/\/i0.wp.com\/cdnoticias.com\/wp-content\/uploads\/2023\/07\/dalton-jauregui8.jpg?fit=1208%2C672&ssl=1","jetpack_sharing_enabled":true,"_links":{"self":[{"href":"https:\/\/cdnoticias.com\/index.php\/wp-json\/wp\/v2\/posts\/92260","targetHints":{"allow":["GET"]}}],"collection":[{"href":"https:\/\/cdnoticias.com\/index.php\/wp-json\/wp\/v2\/posts"}],"about":[{"href":"https:\/\/cdnoticias.com\/index.php\/wp-json\/wp\/v2\/types\/post"}],"author":[{"embeddable":true,"href":"https:\/\/cdnoticias.com\/index.php\/wp-json\/wp\/v2\/users\/4"}],"replies":[{"embeddable":true,"href":"https:\/\/cdnoticias.com\/index.php\/wp-json\/wp\/v2\/comments?post=92260"}],"version-history":[{"count":0,"href":"https:\/\/cdnoticias.com\/index.php\/wp-json\/wp\/v2\/posts\/92260\/revisions"}],"wp:featuredmedia":[{"embeddable":true,"href":"https:\/\/cdnoticias.com\/index.php\/wp-json\/wp\/v2\/media\/90931"}],"wp:attachment":[{"href":"https:\/\/cdnoticias.com\/index.php\/wp-json\/wp\/v2\/media?parent=92260"}],"wp:term":[{"taxonomy":"category","embeddable":true,"href":"https:\/\/cdnoticias.com\/index.php\/wp-json\/wp\/v2\/categories?post=92260"},{"taxonomy":"post_tag","embeddable":true,"href":"https:\/\/cdnoticias.com\/index.php\/wp-json\/wp\/v2\/tags?post=92260"}],"curies":[{"name":"wp","href":"https:\/\/api.w.org\/{rel}","templated":true}]}}