{"id":92222,"date":"2023-08-07T17:09:39","date_gmt":"2023-08-07T20:09:39","guid":{"rendered":"https:\/\/www.centraldenoticias.com.ar\/?p=92222"},"modified":"2023-08-07T17:09:39","modified_gmt":"2023-08-07T20:09:39","slug":"comenzo-el-recambio-de-veredas-en-el-barrio-ceco-i","status":"publish","type":"post","link":"https:\/\/cdnoticias.com\/index.php\/2023\/08\/07\/comenzo-el-recambio-de-veredas-en-el-barrio-ceco-i\/","title":{"rendered":"Comenz\u00f3 el recambio de veredas en el barrio CECO I"},"content":{"rendered":"<p>Las tareas se llevan a cabo sobre el paseo comercial de calle 16 e Islas Malvinas. La inversi\u00f3n municipal es de poco m\u00e1s de 20 millones de pesos.<\/p>\n<p><!--more--><\/p>\n<hr \/>\n<p>En el mediod\u00eda de este viernes <strong>el intendente municipal Ezequiel Galli recorri\u00f3 el barrio CECO<\/strong>, m\u00e1s precisamente el sector donde se llevan a cabo las tareas de <strong>recambios de veredas y embellecimiento del paseo comercial<\/strong> ubicado sobre calle 16 e Islas Malvinas, frente a la sede fomentista de ese punto de la ciudad.\u00a0En la recorrida por el lugar el jefe comunal estuvo acompa\u00f1ado por el secretario Julio Ferraro y ambos no solo pudieron ver el avance de los trabajos, sino que adem\u00e1s <strong>dialogaron con los trabajadores y vecinos del barrio<\/strong>.<\/p>\n<p>&nbsp;<\/p>\n<p><a href=\"https:\/\/cdnoticias.com\/index.php\/2023\/05\/20\/se-licito-la-segunda-etapa-de-arreglos-de-veredas-en-ceco-i\/\" target=\"_blank\" rel=\"noopener\">Los trabajos para esta obra se licitaron en mayo<\/a> y la inversi\u00f3n municipal es de<strong> poco m\u00e1s de 20 millones de pesos<\/strong>.<\/p>\n<p>&nbsp;<\/p>\n<figure id=\"attachment_85683\" aria-describedby=\"caption-attachment-85683\" style=\"width: 800px\" class=\"wp-caption aligncenter\"><img data-recalc-dims=\"1\" loading=\"lazy\" decoding=\"async\" class=\"wp-image-85683 size-full\" src=\"https:\/\/i0.wp.com\/cdnoticias.com\/wp-content\/uploads\/2023\/05\/veredas-barrio-ceco-2.jpg?resize=800%2C446&#038;ssl=1\" alt=\"\" width=\"800\" height=\"446\" srcset=\"https:\/\/i0.wp.com\/cdnoticias.com\/wp-content\/uploads\/2023\/05\/veredas-barrio-ceco-2.jpg?w=800&amp;ssl=1 800w, https:\/\/i0.wp.com\/cdnoticias.com\/wp-content\/uploads\/2023\/05\/veredas-barrio-ceco-2.jpg?resize=300%2C167&amp;ssl=1 300w, https:\/\/i0.wp.com\/cdnoticias.com\/wp-content\/uploads\/2023\/05\/veredas-barrio-ceco-2.jpg?resize=768%2C428&amp;ssl=1 768w\" sizes=\"auto, (max-width: 800px) 100vw, 800px\" \/><figcaption id=\"caption-attachment-85683\" class=\"wp-caption-text\">Importante deterioro mostraba el sector del barrio CECO.<\/figcaption><\/figure>\n<p>&nbsp;<\/p>\n<p>Vale mencionar que adem\u00e1s del recambio de veredas, la obra contempla el <em>reemplazo de ca\u00f1er\u00edas de gas, bajadas pluviales, adem\u00e1s de instalaci\u00f3n el\u00e9ctrica, colocaci\u00f3n de bancos, cestos e inclusive \u00e1rboles<\/em>.<\/p>\n<p>&nbsp;<\/p>\n<blockquote><p>\u201cEstas nuevas veredas permitir\u00e1n mejorar las condiciones de circulaci\u00f3n para quienes concurren a diario a realizar diferentes compras, tr\u00e1mites y servicios, adem\u00e1s de la concurrida circulaci\u00f3n que de por s\u00ed posee ese punto del citado barrio\u201d se destac\u00f3.<\/p><\/blockquote>\n<p>&nbsp;<\/p>\n","protected":false},"excerpt":{"rendered":"<p>Las tareas se llevan a cabo sobre el paseo comercial de calle 16 e Islas Malvinas. La inversi\u00f3n municipal es<\/p>\n","protected":false},"author":4,"featured_media":92214,"comment_status":"closed","ping_status":"closed","sticky":false,"template":"","format":"standard","meta":{"_jetpack_memberships_contains_paid_content":false,"footnotes":""},"categories":[5,1],"tags":[],"class_list":["post-92222","post","type-post","status-publish","format-standard","has-post-thumbnail","hentry","category-informacion-general","category-portada"],"jetpack_featured_media_url":"https:\/\/i0.wp.com\/cdnoticias.com\/wp-content\/uploads\/2023\/08\/obra-de-veredas-en-el-barrio-CECO.jpg?fit=800%2C445&ssl=1","jetpack_sharing_enabled":true,"_links":{"self":[{"href":"https:\/\/cdnoticias.com\/index.php\/wp-json\/wp\/v2\/posts\/92222","targetHints":{"allow":["GET"]}}],"collection":[{"href":"https:\/\/cdnoticias.com\/index.php\/wp-json\/wp\/v2\/posts"}],"about":[{"href":"https:\/\/cdnoticias.com\/index.php\/wp-json\/wp\/v2\/types\/post"}],"author":[{"embeddable":true,"href":"https:\/\/cdnoticias.com\/index.php\/wp-json\/wp\/v2\/users\/4"}],"replies":[{"embeddable":true,"href":"https:\/\/cdnoticias.com\/index.php\/wp-json\/wp\/v2\/comments?post=92222"}],"version-history":[{"count":0,"href":"https:\/\/cdnoticias.com\/index.php\/wp-json\/wp\/v2\/posts\/92222\/revisions"}],"wp:featuredmedia":[{"embeddable":true,"href":"https:\/\/cdnoticias.com\/index.php\/wp-json\/wp\/v2\/media\/92214"}],"wp:attachment":[{"href":"https:\/\/cdnoticias.com\/index.php\/wp-json\/wp\/v2\/media?parent=92222"}],"wp:term":[{"taxonomy":"category","embeddable":true,"href":"https:\/\/cdnoticias.com\/index.php\/wp-json\/wp\/v2\/categories?post=92222"},{"taxonomy":"post_tag","embeddable":true,"href":"https:\/\/cdnoticias.com\/index.php\/wp-json\/wp\/v2\/tags?post=92222"}],"curies":[{"name":"wp","href":"https:\/\/api.w.org\/{rel}","templated":true}]}}