{"id":92213,"date":"2023-08-05T11:00:49","date_gmt":"2023-08-05T14:00:49","guid":{"rendered":"https:\/\/www.centraldenoticias.com.ar\/?p=92213"},"modified":"2023-08-05T13:27:15","modified_gmt":"2023-08-05T16:27:15","slug":"sierra-chica-galli-presento-el-proyecto-de-zonificacion-a-los-vecinos","status":"publish","type":"post","link":"https:\/\/cdnoticias.com\/index.php\/2023\/08\/05\/sierra-chica-galli-presento-el-proyecto-de-zonificacion-a-los-vecinos\/","title":{"rendered":"Sierra Chica: Galli present\u00f3 el proyecto de zonificaci\u00f3n a los vecinos"},"content":{"rendered":"<p>En la sede del Club Sierra Chica estuvieron funcionarios municipales y vecinos de la localidad. El jefe comunal subray\u00f3 el objetivo de \u201cdialogar, consensuar, ponernos de acuerdo y que sepan qu\u00e9 es lo que estamos pensando para la localidad\u201d.<\/p>\n<p><!--more--><\/p>\n<hr \/>\n<p>El jueves <strong>el intendente Ezequiel Galli visit\u00f3 Sierra Chica<\/strong>, donde se llev\u00f3 a cabo <strong>una reuni\u00f3n con vecinos y vecinas de la localidad<\/strong>, a quienes les fue <strong>presentado el proyecto de ordenanza de zonificaci\u00f3n<\/strong> que a futuro permitir\u00e1 no s\u00f3lo <strong>planificar el crecimiento del casco urbano<\/strong>, sino tambi\u00e9n poder hacer <strong>zonas destinadas a la industria, a la miner\u00eda<\/strong>, como as\u00ed tambi\u00e9n la <strong>generaci\u00f3n de lotes para el banco de tierras municipal<\/strong>.<\/p>\n<p>&nbsp;<\/p>\n<p><a href=\"https:\/\/cdnoticias.com\/index.php\/2023\/07\/19\/se-presento-el-proyecto-de-zonificacion-y-ampliacion-de-la-planta-urbana-de-sierra-chica\/\" target=\"_blank\" rel=\"noopener\">Tal como se dio a conocer a mediados de julio<\/a>, el Municipio desarroll\u00f3 el proyecto para la localidad a trav\u00e9s del trabajo de varias \u00e1reas municipales.<\/p>\n<p>&nbsp;<\/p>\n<p>Es por eso que para la presentaci\u00f3n en la localidad tambi\u00e9n estuvieron<em> el subsecretario de Gobierno Emilio Vitale y los directores de Miner\u00eda y Planeamiento, Daniel Lencina y Florencia Mar\u00edn<\/em> respectivamente. La iniciativa cuenta con la labor conjunta de la <em>Secretar\u00eda de Mantenimiento y Obras P\u00fablicas a trav\u00e9s de las Direcciones de Catastro y de Planeamiento, la Secretar\u00eda de Desarrollo Econ\u00f3mico mediante la Subsecretar\u00eda de Modernizaci\u00f3n, Planificaci\u00f3n y Transparencia, por medio de la Direcci\u00f3n de Miner\u00eda y la Direcci\u00f3n de Desarrollo Sustentable, adem\u00e1s de la Secretar\u00eda y Subsecretar\u00eda de Gobierno<\/em>.<\/p>\n<p>&nbsp;<\/p>\n<p><img data-recalc-dims=\"1\" loading=\"lazy\" decoding=\"async\" class=\"size-full wp-image-92217 aligncenter\" src=\"https:\/\/i0.wp.com\/cdnoticias.com\/wp-content\/uploads\/2023\/08\/zonificacion-de-sierra-chica-galli-02.jpg?resize=800%2C445&#038;ssl=1\" alt=\"\" width=\"800\" height=\"445\" srcset=\"https:\/\/i0.wp.com\/cdnoticias.com\/wp-content\/uploads\/2023\/08\/zonificacion-de-sierra-chica-galli-02.jpg?w=800&amp;ssl=1 800w, https:\/\/i0.wp.com\/cdnoticias.com\/wp-content\/uploads\/2023\/08\/zonificacion-de-sierra-chica-galli-02.jpg?resize=300%2C167&amp;ssl=1 300w, https:\/\/i0.wp.com\/cdnoticias.com\/wp-content\/uploads\/2023\/08\/zonificacion-de-sierra-chica-galli-02.jpg?resize=768%2C427&amp;ssl=1 768w\" sizes=\"auto, (max-width: 800px) 100vw, 800px\" \/><\/p>\n<p>&nbsp;<\/p>\n<blockquote><p>\u201cSierra Chica es la primera localidad en la que vamos avanzar sobre un proyecto de zonificaci\u00f3n y ordenamiento territorial, que es lo que nosotros pretendemos para todas las localidades del Partido\u201d, inici\u00f3 la presentaci\u00f3n el intendente municipal.<\/p><\/blockquote>\n<p>&nbsp;<\/p>\n<p>Del encuentro, que se llev\u00f3 a cabo<strong> en la sede del club Sierra Chica<\/strong>, tomaron parte no s\u00f3lo <strong>vecinos y vecinas<\/strong>, sino tambi\u00e9n <strong>instituciones de diversa \u00edndole<\/strong>, tales como <em>industriales, comerciales, educativas, vecinales, deportivas<\/em> e inclusive la invitaci\u00f3n se hizo extensiva a la <em>seccional policial y las unidades penitenciarias<\/em> que funcionan en la localidad.<\/p>\n<p>&nbsp;<\/p>\n<p><img data-recalc-dims=\"1\" loading=\"lazy\" decoding=\"async\" class=\"size-full wp-image-92216 aligncenter\" src=\"https:\/\/i0.wp.com\/cdnoticias.com\/wp-content\/uploads\/2023\/08\/zonificacion-de-sierra-chica-galli-01.jpg?resize=800%2C445&#038;ssl=1\" alt=\"\" width=\"800\" height=\"445\" srcset=\"https:\/\/i0.wp.com\/cdnoticias.com\/wp-content\/uploads\/2023\/08\/zonificacion-de-sierra-chica-galli-01.jpg?w=800&amp;ssl=1 800w, https:\/\/i0.wp.com\/cdnoticias.com\/wp-content\/uploads\/2023\/08\/zonificacion-de-sierra-chica-galli-01.jpg?resize=300%2C167&amp;ssl=1 300w, https:\/\/i0.wp.com\/cdnoticias.com\/wp-content\/uploads\/2023\/08\/zonificacion-de-sierra-chica-galli-01.jpg?resize=768%2C427&amp;ssl=1 768w\" sizes=\"auto, (max-width: 800px) 100vw, 800px\" \/><\/p>\n<p>&nbsp;<\/p>\n<p>\u201cLo que venimos a mostrar es lo que venimos trabajando. <strong>En la \u00faltima reuni\u00f3n surgi\u00f3 la necesidad, dentro del debate que tuvimos con el equipo, de socializar lo que estamos trabajando<\/strong> para que no sea algo que viene impuesto desde arriba y que el Municipio decide tal o cual cosa para la localidad y no se escucha a las instituciones, que son los que viven ac\u00e1 y que en el d\u00eda a d\u00eda conocen m\u00e1s la realidad\u201d, agreg\u00f3 Galli. \u201cEs pensar la localidad, c\u00f3mo queremos que crezca\u201d, explic\u00f3.<\/p>\n<p>&nbsp;<\/p>\n<p>En ese sentido, concluy\u00f3 que <strong>el objetivo del encuentro fue \u201cbuscar un consenso, que haya un acuerdo<\/strong>, porque hay cuestiones que van surgiendo y est\u00e1 bueno que se hable antes. Lo mejor, como siempre, es dialogar, consensuar, ponernos de acuerdo y que sepan qu\u00e9 es lo que estamos pensando para la localidad\u201d.<\/p>\n<blockquote class=\"wp-embedded-content\" data-secret=\"iO8BEwu4ma\"><p><a href=\"https:\/\/cdnoticias.com\/index.php\/2023\/08\/01\/emilio-vitale-ninguna-de-las-localidades-tiene-una-ordenanza-especifica\/\">Emilio Vitale: \u201cNinguna de las localidades tiene una ordenanza espec\u00edfica\u201d<\/a><\/p><\/blockquote>\n<p><iframe loading=\"lazy\" class=\"wp-embedded-content\" sandbox=\"allow-scripts\" security=\"restricted\" style=\"position: absolute; clip: rect(1px, 1px, 1px, 1px);\" title=\"&#8220;Emilio Vitale: \u201cNinguna de las localidades tiene una ordenanza espec\u00edfica\u201d&#8221; &#8212; Central de Noticias | Olavarr\u00eda\" src=\"https:\/\/cdnoticias.com\/index.php\/2023\/08\/01\/emilio-vitale-ninguna-de-las-localidades-tiene-una-ordenanza-especifica\/embed\/#?secret=BN4miPR7h3#?secret=iO8BEwu4ma\" data-secret=\"iO8BEwu4ma\" width=\"600\" height=\"338\" frameborder=\"0\" marginwidth=\"0\" marginheight=\"0\" scrolling=\"no\"><\/iframe><\/p>\n<p>&nbsp;<\/p>\n","protected":false},"excerpt":{"rendered":"<p>En la sede del Club Sierra Chica estuvieron funcionarios municipales y vecinos de la localidad. El jefe comunal subray\u00f3 el<\/p>\n","protected":false},"author":4,"featured_media":92215,"comment_status":"closed","ping_status":"closed","sticky":false,"template":"","format":"standard","meta":{"_jetpack_memberships_contains_paid_content":false,"footnotes":""},"categories":[5,1],"tags":[],"class_list":["post-92213","post","type-post","status-publish","format-standard","has-post-thumbnail","hentry","category-informacion-general","category-portada"],"jetpack_featured_media_url":"https:\/\/i0.wp.com\/cdnoticias.com\/wp-content\/uploads\/2023\/08\/zonificacion-de-sierra-chica-galli-00.jpg?fit=800%2C445&ssl=1","jetpack_sharing_enabled":true,"_links":{"self":[{"href":"https:\/\/cdnoticias.com\/index.php\/wp-json\/wp\/v2\/posts\/92213","targetHints":{"allow":["GET"]}}],"collection":[{"href":"https:\/\/cdnoticias.com\/index.php\/wp-json\/wp\/v2\/posts"}],"about":[{"href":"https:\/\/cdnoticias.com\/index.php\/wp-json\/wp\/v2\/types\/post"}],"author":[{"embeddable":true,"href":"https:\/\/cdnoticias.com\/index.php\/wp-json\/wp\/v2\/users\/4"}],"replies":[{"embeddable":true,"href":"https:\/\/cdnoticias.com\/index.php\/wp-json\/wp\/v2\/comments?post=92213"}],"version-history":[{"count":0,"href":"https:\/\/cdnoticias.com\/index.php\/wp-json\/wp\/v2\/posts\/92213\/revisions"}],"wp:featuredmedia":[{"embeddable":true,"href":"https:\/\/cdnoticias.com\/index.php\/wp-json\/wp\/v2\/media\/92215"}],"wp:attachment":[{"href":"https:\/\/cdnoticias.com\/index.php\/wp-json\/wp\/v2\/media?parent=92213"}],"wp:term":[{"taxonomy":"category","embeddable":true,"href":"https:\/\/cdnoticias.com\/index.php\/wp-json\/wp\/v2\/categories?post=92213"},{"taxonomy":"post_tag","embeddable":true,"href":"https:\/\/cdnoticias.com\/index.php\/wp-json\/wp\/v2\/tags?post=92213"}],"curies":[{"name":"wp","href":"https:\/\/api.w.org\/{rel}","templated":true}]}}