{"id":92160,"date":"2023-08-04T22:35:42","date_gmt":"2023-08-05T01:35:42","guid":{"rendered":"https:\/\/www.centraldenoticias.com.ar\/?p=92160"},"modified":"2023-08-05T11:01:28","modified_gmt":"2023-08-05T14:01:28","slug":"van-a-encontrar-un-intendente-de-puertas-abiertas-que-va-a-trabajar-para-todos-y-por-todos","status":"publish","type":"post","link":"https:\/\/cdnoticias.com\/index.php\/2023\/08\/04\/van-a-encontrar-un-intendente-de-puertas-abiertas-que-va-a-trabajar-para-todos-y-por-todos\/","title":{"rendered":"&#8220;Van a encontrar un Intendente de puertas abiertas que va a trabajar para todos y por todos&#8221;"},"content":{"rendered":"<p>Lo dijo el precandidato Maximiliano Wesner en el masivo acto de presentaci\u00f3n de sus propuestas que se llev\u00f3 a cabo en el gimnasio del Club Pueblo Nuevo. Seis ejes, diversos temas de gesti\u00f3n local y un pedido de cara al 13 de agosto: &#8220;Tenemos que redoblar esfuerzos&#8221;. <!--more--><\/p>\n<hr \/>\n<p>En la tarde de este viernes, el precandidato a Intendente <strong>Maximiliano Wesner realiz\u00f3 el acto de presentaci\u00f3n de sus propuestas<\/strong> en el gimnasio del Club Pueblo Nuevo ante un<strong> gran marco de p\u00fablico<\/strong> que colm\u00f3 las instalaciones para escuchar los <strong>seis ejes<\/strong> que el dirigente expres\u00f3 ante la mirada atenta, adem\u00e1s, de funcionarios, dirigentes, militantes y tambi\u00e9n de quienes lo acompa\u00f1an en la lista.<\/p>\n<p>&nbsp;<\/p>\n<p>Estuvieron presentes concejalas y concejales del bloque, consejeros escolares, dirigentes sindicales, agrupaciones que integran Uni\u00f3n por la Patria, referentes de instituciones locales entre otros simpatizantes.<strong> Se estim\u00f3 la presencia de m\u00e1s de 700 personas.<\/strong><\/p>\n<p>&nbsp;<\/p>\n<p><img data-recalc-dims=\"1\" loading=\"lazy\" decoding=\"async\" class=\"alignnone size-large wp-image-92193\" src=\"https:\/\/i0.wp.com\/cdnoticias.com\/wp-content\/uploads\/2023\/08\/wesner-propu22.jpg?resize=800%2C445&#038;ssl=1\" alt=\"\" width=\"800\" height=\"445\" srcset=\"https:\/\/i0.wp.com\/cdnoticias.com\/wp-content\/uploads\/2023\/08\/wesner-propu22.jpg?resize=1024%2C570&amp;ssl=1 1024w, https:\/\/i0.wp.com\/cdnoticias.com\/wp-content\/uploads\/2023\/08\/wesner-propu22.jpg?resize=300%2C167&amp;ssl=1 300w, https:\/\/i0.wp.com\/cdnoticias.com\/wp-content\/uploads\/2023\/08\/wesner-propu22.jpg?resize=768%2C427&amp;ssl=1 768w, https:\/\/i0.wp.com\/cdnoticias.com\/wp-content\/uploads\/2023\/08\/wesner-propu22.jpg?resize=800%2C445&amp;ssl=1 800w, https:\/\/i0.wp.com\/cdnoticias.com\/wp-content\/uploads\/2023\/08\/wesner-propu22.jpg?w=1030&amp;ssl=1 1030w\" sizes=\"auto, (max-width: 800px) 100vw, 800px\" \/><\/p>\n<p>&nbsp;<\/p>\n<p><img data-recalc-dims=\"1\" loading=\"lazy\" decoding=\"async\" class=\"alignnone size-large wp-image-92192\" src=\"https:\/\/i0.wp.com\/cdnoticias.com\/wp-content\/uploads\/2023\/08\/wesner-propu21.jpg?resize=800%2C445&#038;ssl=1\" alt=\"\" width=\"800\" height=\"445\" srcset=\"https:\/\/i0.wp.com\/cdnoticias.com\/wp-content\/uploads\/2023\/08\/wesner-propu21.jpg?resize=1024%2C570&amp;ssl=1 1024w, https:\/\/i0.wp.com\/cdnoticias.com\/wp-content\/uploads\/2023\/08\/wesner-propu21.jpg?resize=300%2C167&amp;ssl=1 300w, https:\/\/i0.wp.com\/cdnoticias.com\/wp-content\/uploads\/2023\/08\/wesner-propu21.jpg?resize=768%2C428&amp;ssl=1 768w, https:\/\/i0.wp.com\/cdnoticias.com\/wp-content\/uploads\/2023\/08\/wesner-propu21.jpg?resize=800%2C445&amp;ssl=1 800w, https:\/\/i0.wp.com\/cdnoticias.com\/wp-content\/uploads\/2023\/08\/wesner-propu21.jpg?w=1072&amp;ssl=1 1072w\" sizes=\"auto, (max-width: 800px) 100vw, 800px\" \/><\/p>\n<p>&nbsp;<\/p>\n<p><em>&#8220;Much\u00edsimas gracias a todos los vecinos y vecinas que se acercaron, que me vienen acompa\u00f1ando, y que se vienen sumando semana tras semana. La verdad es una inmensa alegr\u00eda para m\u00ed, para mi equipo, poder concretar esas reuniones, ese acompa\u00f1amiento y ese afecto que me muestran todos los d\u00edas en las redes sociales, en cada visita, pero tambi\u00e9n en cada ma\u00f1ana de s\u00e1bado donde recorremos todos los barrios y nuestras queridas localidades&#8221;<\/em> expreso Wesner al comienzo de acto.<\/p>\n<p>&nbsp;<\/p>\n<p>Adem\u00e1s, Wesner sostuvo: &#8220;<em><strong>Si me toca ser Intendente a partir del 10 de diciembre les quiero contar que en m\u00ed van a encontrar una persona de di\u00e1logo, una persona con mucha escucha, una persona de puertas abiertas, pero por sobre todo van a encontrar aqu\u00ed una persona con la que van a poder trabajar de manera conjunta&#8221;.<\/strong><\/em><\/p>\n<p>&nbsp;<\/p>\n<p><img data-recalc-dims=\"1\" loading=\"lazy\" decoding=\"async\" class=\"alignnone size-large wp-image-92179\" src=\"https:\/\/i0.wp.com\/cdnoticias.com\/wp-content\/uploads\/2023\/08\/wesner-propu8.jpg?resize=800%2C445&#038;ssl=1\" alt=\"\" width=\"800\" height=\"445\" srcset=\"https:\/\/i0.wp.com\/cdnoticias.com\/wp-content\/uploads\/2023\/08\/wesner-propu8.jpg?resize=1024%2C569&amp;ssl=1 1024w, https:\/\/i0.wp.com\/cdnoticias.com\/wp-content\/uploads\/2023\/08\/wesner-propu8.jpg?resize=300%2C167&amp;ssl=1 300w, https:\/\/i0.wp.com\/cdnoticias.com\/wp-content\/uploads\/2023\/08\/wesner-propu8.jpg?resize=768%2C427&amp;ssl=1 768w, https:\/\/i0.wp.com\/cdnoticias.com\/wp-content\/uploads\/2023\/08\/wesner-propu8.jpg?resize=800%2C445&amp;ssl=1 800w, https:\/\/i0.wp.com\/cdnoticias.com\/wp-content\/uploads\/2023\/08\/wesner-propu8.jpg?w=1072&amp;ssl=1 1072w\" sizes=\"auto, (max-width: 800px) 100vw, 800px\" \/><\/p>\n<p>&nbsp;<\/p>\n<blockquote><p>&#8220;La Olavarr\u00eda que queremos la tenemos que construir entre todos y entre todas. Es necesario e imprescindible dejar de lado esas discusiones t\u00e9cnicas que en alg\u00fan momento estuvieron en la sobremesa de los asados, que estuvieron en esas discusiones familiares. Nos tenemos que encontrar en esa comuni\u00f3n y poner a Olavarr\u00eda por encima de todas las cuestiones. Ac\u00e1 van a encontrar un dirigente, un candidato que no va a estar ni en contra de uno o de otro sector. Van a encontrar un Intendente de puertas abiertas que va a trabajar para todos y por todos&#8221; resalt\u00f3 el precandidato a Intendente.<\/p><\/blockquote>\n<p>&nbsp;<\/p>\n<p>Sobre sus propuestas, Wesner present\u00f3 seis ejes: <strong>Obra P\u00fablica, Desarrollo Econ\u00f3mico y Producci\u00f3n, Desarrollo Social, Salud P\u00fablica, Localidades y Seguridad Urbana y Control Urbano.<\/strong><\/p>\n<p>&nbsp;<\/p>\n<p><strong>Propuestas en Salud<\/strong><\/p>\n<p>&nbsp;<\/p>\n<p><img data-recalc-dims=\"1\" loading=\"lazy\" decoding=\"async\" class=\"alignnone size-large wp-image-92181\" src=\"https:\/\/i0.wp.com\/cdnoticias.com\/wp-content\/uploads\/2023\/08\/wesner-propu10.jpg?resize=800%2C445&#038;ssl=1\" alt=\"\" width=\"800\" height=\"445\" srcset=\"https:\/\/i0.wp.com\/cdnoticias.com\/wp-content\/uploads\/2023\/08\/wesner-propu10.jpg?resize=1024%2C570&amp;ssl=1 1024w, https:\/\/i0.wp.com\/cdnoticias.com\/wp-content\/uploads\/2023\/08\/wesner-propu10.jpg?resize=300%2C167&amp;ssl=1 300w, https:\/\/i0.wp.com\/cdnoticias.com\/wp-content\/uploads\/2023\/08\/wesner-propu10.jpg?resize=768%2C428&amp;ssl=1 768w, https:\/\/i0.wp.com\/cdnoticias.com\/wp-content\/uploads\/2023\/08\/wesner-propu10.jpg?resize=800%2C445&amp;ssl=1 800w, https:\/\/i0.wp.com\/cdnoticias.com\/wp-content\/uploads\/2023\/08\/wesner-propu10.jpg?w=1072&amp;ssl=1 1072w\" sizes=\"auto, (max-width: 800px) 100vw, 800px\" \/><\/p>\n<p>&nbsp;<\/p>\n<p>En materia de salud, Wesner manifest\u00f3: &#8220;Vamos a crear un <strong>acceso gratuito al sistema de salud. No es posible que los vecinos de Olavarr\u00eda tengan que pagar para ir al Hospital. Vamos a eliminar las restricciones vigentes para el acceso a sistemas de salud p\u00fablico<\/strong>&#8221; dijo, ante la ovaci\u00f3n de los presentes en uno de los grandes vitoreos del acto desarrollado en la tarde noche de este viernes.<\/p>\n<p>&nbsp;<\/p>\n<blockquote><p><em>&#8220;En mi gesti\u00f3n, los vecinos se atender\u00e1n gratis. Es importante pensar el sistema de salud de manera integral, poder optimizar los recursos, los recursos tecnol\u00f3gicos, los recursos humanos. Para poder llevar adelante esto es necesario conformar una mesa de salud en Olavarr\u00eda, donde est\u00e9 el sector privado y tambi\u00e9n el sector p\u00fablico&#8221;.<\/em><\/p><\/blockquote>\n<p>&nbsp;<\/p>\n<p>Adem\u00e1s, habl\u00f3 sobre el sistema de turnos unificado: <strong>\u201cHoy sucede que los vecinos y vecinas de Olavarr\u00eda no pueden acceder al tema p\u00fablico de salud intentan mandar un WhatsApp, atraviesan toda la ciudad para pedir un turno en un box y no lo tiene. La salud es lo primero por eso vamos a unificar el sistema de turnos&#8221;.\u00a0<\/strong><\/p>\n<p>&nbsp;<\/p>\n<p>En la misma l\u00ednea, garantizo el acceso a la salud gratuita en el Hospital Municipal, hospitales serranos y en los CAPS eliminando las diferentes condiciones restrictivas vigentes. Adem\u00e1s resalt\u00f3 que condonar\u00e1 cualquier deuda que se genere por consultas a aquellas personas que no cuenten con cobertura m\u00e9dica o no puedan afrontar el pago.<\/p>\n<p>&nbsp;<\/p>\n<p><strong>Propuestas en Vivienda<\/strong><\/p>\n<p>&nbsp;<\/p>\n<p><img data-recalc-dims=\"1\" loading=\"lazy\" decoding=\"async\" class=\"alignnone size-large wp-image-92184\" src=\"https:\/\/i0.wp.com\/cdnoticias.com\/wp-content\/uploads\/2023\/08\/wesner-propu13.jpg?resize=800%2C445&#038;ssl=1\" alt=\"\" width=\"800\" height=\"445\" srcset=\"https:\/\/i0.wp.com\/cdnoticias.com\/wp-content\/uploads\/2023\/08\/wesner-propu13.jpg?resize=1024%2C570&amp;ssl=1 1024w, https:\/\/i0.wp.com\/cdnoticias.com\/wp-content\/uploads\/2023\/08\/wesner-propu13.jpg?resize=300%2C167&amp;ssl=1 300w, https:\/\/i0.wp.com\/cdnoticias.com\/wp-content\/uploads\/2023\/08\/wesner-propu13.jpg?resize=768%2C428&amp;ssl=1 768w, https:\/\/i0.wp.com\/cdnoticias.com\/wp-content\/uploads\/2023\/08\/wesner-propu13.jpg?resize=800%2C445&amp;ssl=1 800w, https:\/\/i0.wp.com\/cdnoticias.com\/wp-content\/uploads\/2023\/08\/wesner-propu13.jpg?w=1072&amp;ssl=1 1072w\" sizes=\"auto, (max-width: 800px) 100vw, 800px\" \/><\/p>\n<p>&nbsp;<\/p>\n<p>En materia de vivienda Wesner expres\u00f3: &#8220;Me toc\u00f3 participar en las gestiones con el Ministerio de H\u00e1bitat y Naci\u00f3n. Son las 52 viviendas en Pueyrred\u00f3n, pasando Eva Per\u00f3n de mano derecha, donde 52 familias mineras hoy est\u00e1n viviendo gracias a una gesti\u00f3n que hemos llevado adelante con el Ministerio de Habilidad y Educaci\u00f3n<strong>. Si me toca ser Intendente, vamos a tener much\u00edsimas m\u00e1s herramientas para que m\u00e1s familias de Olavarr\u00eda puedan contar con el suelo de la casa propia y tambi\u00e9n vamos a llegar con la vivienda a los sectores m\u00e1s vulnerables&#8221;.<\/strong><\/p>\n<p>&nbsp;<\/p>\n<p>Adem\u00e1s manifest\u00f3: &#8220;En nuestro partido hay un d\u00e9ficit habitacional tremendo. <strong>Son much\u00edsimas las familias que no tienen casa propia.<\/strong> Si me toca ser Intendente <strong>voy a crear el Instituto Municipal de la Vivienda<\/strong> para que los olavarrienses <strong>cumplan el sue\u00f1o de la casa propia<\/strong>. Es necesario generar lotes con servicios para poder contar con un plan ambicioso de viviendas si hay algo que nos caracteriza a los olavarrienses es el trabajo, por eso tenemos que poner de pie el modelo de producci\u00f3n para poder hacer viviendas en cantidad y calidad&#8221;.<\/p>\n<p>&nbsp;<\/p>\n<p><strong>Propuestas en Educaci\u00f3n<\/strong><\/p>\n<p>&nbsp;<\/p>\n<p><img data-recalc-dims=\"1\" loading=\"lazy\" decoding=\"async\" class=\"alignnone size-large wp-image-92178\" src=\"https:\/\/i0.wp.com\/cdnoticias.com\/wp-content\/uploads\/2023\/08\/wesner-propu7.jpg?resize=800%2C445&#038;ssl=1\" alt=\"\" width=\"800\" height=\"445\" srcset=\"https:\/\/i0.wp.com\/cdnoticias.com\/wp-content\/uploads\/2023\/08\/wesner-propu7.jpg?resize=1024%2C570&amp;ssl=1 1024w, https:\/\/i0.wp.com\/cdnoticias.com\/wp-content\/uploads\/2023\/08\/wesner-propu7.jpg?resize=300%2C167&amp;ssl=1 300w, https:\/\/i0.wp.com\/cdnoticias.com\/wp-content\/uploads\/2023\/08\/wesner-propu7.jpg?resize=768%2C428&amp;ssl=1 768w, https:\/\/i0.wp.com\/cdnoticias.com\/wp-content\/uploads\/2023\/08\/wesner-propu7.jpg?resize=800%2C445&amp;ssl=1 800w, https:\/\/i0.wp.com\/cdnoticias.com\/wp-content\/uploads\/2023\/08\/wesner-propu7.jpg?w=1072&amp;ssl=1 1072w\" sizes=\"auto, (max-width: 800px) 100vw, 800px\" \/><\/p>\n<p>&nbsp;<\/p>\n<p>En principio, Wesner indic\u00f3 que &#8220;es importante tomar decisiones en materia educativa y formar de manera peri\u00f3dica la<strong> Mesa Educativa Olavarriense<\/strong>. Una mesa que tenga como prioridad saber d\u00f3nde va a ir destinado el Fondo Educativo, ese fondo que llega de la Provincia de Buenos Aires, que en m\u00ed van a encontrar la continuidad de la priorizaci\u00f3n de volcarlo a infraestructura, pero con la diferencia de que la urgencia y la necesidad de obras y mejoras en todos los establecimientos educativos de la ciudad y de las localidades va a surgir de esa mesa donde van a estar los consejeros escolares, donde van a estar los directores de todos los establecimientos&#8221;.<\/p>\n<p>&nbsp;<\/p>\n<blockquote><p>&#8220;Vamos a crear los<strong> jardines maternales vespertinos.<\/strong> Olavarr\u00eda cuenta con jardines maternales muy pero muy buenos, con mucha historia. Crear el turno verpertino va a permitir que much\u00edsimos chicos y chicas puedan terminar la secundaria, puedan estudiar, pero tambi\u00e9n puedan trabajar. Muchas veces no se sale a trabajar porque se tiene que pagar a alguien para que se quede en casa con los pibes&#8221; agreg\u00f3.<\/p><\/blockquote>\n<p>&nbsp;<\/p>\n<p>En cuanto a las<strong> Escuelas Art\u00edsticas Municipales,<\/strong> Wesner sostuvo que &#8220;tienen mucha historia, pero con <strong>muchas carencias y muchas demandas, m\u00e1s que nada en materia de infraestructura<\/strong>. Hablamos con los talleristas y nos plantean que se tienen que estar mudando, que tienen que estar corriendo las cosas por filtraciones. Vamos a poner y fortalecer el acompa\u00f1amiento en nuestras queridas escuelas municipales para que much\u00edsimos pibes, adultos, pero tambi\u00e9n los docentes que llevan adelante las clases puedan estar en un lugar amigable, c\u00f3modo, c\u00e1lido. <strong>As\u00ed que si me toca ser intendente me voy a ocupar de la infraestructura de las escuelas art\u00edsticas municipales&#8221;.<\/strong><\/p>\n<p>&nbsp;<\/p>\n<p><img data-recalc-dims=\"1\" loading=\"lazy\" decoding=\"async\" class=\"alignnone size-large wp-image-92183\" src=\"https:\/\/i0.wp.com\/cdnoticias.com\/wp-content\/uploads\/2023\/08\/wesner-propu12.jpg?resize=800%2C445&#038;ssl=1\" alt=\"\" width=\"800\" height=\"445\" srcset=\"https:\/\/i0.wp.com\/cdnoticias.com\/wp-content\/uploads\/2023\/08\/wesner-propu12.jpg?resize=1024%2C570&amp;ssl=1 1024w, https:\/\/i0.wp.com\/cdnoticias.com\/wp-content\/uploads\/2023\/08\/wesner-propu12.jpg?resize=300%2C167&amp;ssl=1 300w, https:\/\/i0.wp.com\/cdnoticias.com\/wp-content\/uploads\/2023\/08\/wesner-propu12.jpg?resize=768%2C428&amp;ssl=1 768w, https:\/\/i0.wp.com\/cdnoticias.com\/wp-content\/uploads\/2023\/08\/wesner-propu12.jpg?resize=800%2C445&amp;ssl=1 800w, https:\/\/i0.wp.com\/cdnoticias.com\/wp-content\/uploads\/2023\/08\/wesner-propu12.jpg?w=1072&amp;ssl=1 1072w\" sizes=\"auto, (max-width: 800px) 100vw, 800px\" \/><\/p>\n<p>&nbsp;<\/p>\n<blockquote><p>&#8220;Otro de los puntos que tenemos detallado son las<strong> residencias de estudiantiles,<\/strong> para poder garantizarle a aquellos pibes y aquellas pibas que eligen una carrera terminada la secundaria, ya sea terciaria o universitaria, donde la oferta educativa no est\u00e9 en nuestra ciudad, puedan ir a Mar del Plata, La Plata, Buenos Aires y encontrar una residencia donde el Estado municipal nos est\u00e9 acompa\u00f1ando en esta trayectoria educativa&#8221;.<\/p><\/blockquote>\n<p>&nbsp;<\/p>\n<p>&#8220;Tambi\u00e9n vamos a garantizar la <strong>Casa para Estudiantes de Olavarr\u00eda<\/strong>. Pienso en los hijos de los trabajadores rurales que terminan la trayectoria secundaria y se tienen que quedar en el campo porque no tienen una oferta educativa cercana. Les voy a garantizar una residencia en la ciudad de Olavarr\u00eda para que puedan venir y estar todas las semanas y puedan estudiar, puedan acceder a la oferta educativa terciaria y universitaria de calidad con que contamos en nuestra ciudad&#8221;.<\/p>\n<p>&nbsp;<\/p>\n<p>En la misma l\u00ednea, agreg\u00f3: &#8220;Vamos a apuntalarlos con<strong> becas para que puedan estudiar,<\/strong> con becas que sean un est\u00edmulo econ\u00f3mico que los ayude en los insumos y en el transporte para que no r\u00e1pidamente tengan que salir a buscar un empleo donde por ah\u00ed significa much\u00edsimas horas y tengan que resignar el estudio. Ah\u00ed tiene que estar presente el Estado Municipal, ah\u00ed vamos a estar nosotros&#8221;.<\/p>\n<p>&nbsp;<\/p>\n<p><img data-recalc-dims=\"1\" loading=\"lazy\" decoding=\"async\" class=\"alignnone size-large wp-image-92175\" src=\"https:\/\/i0.wp.com\/cdnoticias.com\/wp-content\/uploads\/2023\/08\/wesner-propu4.jpg?resize=800%2C445&#038;ssl=1\" alt=\"\" width=\"800\" height=\"445\" srcset=\"https:\/\/i0.wp.com\/cdnoticias.com\/wp-content\/uploads\/2023\/08\/wesner-propu4.jpg?resize=1024%2C570&amp;ssl=1 1024w, https:\/\/i0.wp.com\/cdnoticias.com\/wp-content\/uploads\/2023\/08\/wesner-propu4.jpg?resize=300%2C167&amp;ssl=1 300w, https:\/\/i0.wp.com\/cdnoticias.com\/wp-content\/uploads\/2023\/08\/wesner-propu4.jpg?resize=768%2C428&amp;ssl=1 768w, https:\/\/i0.wp.com\/cdnoticias.com\/wp-content\/uploads\/2023\/08\/wesner-propu4.jpg?resize=800%2C445&amp;ssl=1 800w, https:\/\/i0.wp.com\/cdnoticias.com\/wp-content\/uploads\/2023\/08\/wesner-propu4.jpg?w=1072&amp;ssl=1 1072w\" sizes=\"auto, (max-width: 800px) 100vw, 800px\" \/><\/p>\n<p>&nbsp;<\/p>\n<p>Para finalizar el eje en educaci\u00f3n cerr\u00f3: &#8220;El otro punto es la articulaci\u00f3n con los<strong> centros de formaci\u00f3n profesional<\/strong> y tenemos una experiencia reciente con el centro de formaci\u00f3n 401 y la gesti\u00f3n que hicimos para poder llevar el curso de instalador de equipos de aire acondicionado a Hinojo. La idea de este punto es poder descentralizar la oferta educativa, la oferta de los cursos de formaci\u00f3n y poder llevarlos a las localidades, poder llevarlos a los barrios m\u00e1s alejados de los centros de formaci\u00f3n que tenemos en la parte c\u00e9ntrica de la ciudad&#8221;.<\/p>\n<p>&nbsp;<\/p>\n<p><strong>Propuesta en Desarrollo Econ\u00f3mico y Producci\u00f3n<\/strong><\/p>\n<p>&nbsp;<\/p>\n<p><img data-recalc-dims=\"1\" loading=\"lazy\" decoding=\"async\" class=\"alignnone size-large wp-image-92180\" src=\"https:\/\/i0.wp.com\/cdnoticias.com\/wp-content\/uploads\/2023\/08\/wesner-propu9.jpg?resize=800%2C445&#038;ssl=1\" alt=\"\" width=\"800\" height=\"445\" srcset=\"https:\/\/i0.wp.com\/cdnoticias.com\/wp-content\/uploads\/2023\/08\/wesner-propu9.jpg?resize=1024%2C570&amp;ssl=1 1024w, https:\/\/i0.wp.com\/cdnoticias.com\/wp-content\/uploads\/2023\/08\/wesner-propu9.jpg?resize=300%2C167&amp;ssl=1 300w, https:\/\/i0.wp.com\/cdnoticias.com\/wp-content\/uploads\/2023\/08\/wesner-propu9.jpg?resize=768%2C428&amp;ssl=1 768w, https:\/\/i0.wp.com\/cdnoticias.com\/wp-content\/uploads\/2023\/08\/wesner-propu9.jpg?resize=800%2C445&amp;ssl=1 800w, https:\/\/i0.wp.com\/cdnoticias.com\/wp-content\/uploads\/2023\/08\/wesner-propu9.jpg?w=1072&amp;ssl=1 1072w\" sizes=\"auto, (max-width: 800px) 100vw, 800px\" \/><\/p>\n<p>&nbsp;<\/p>\n<p>En materia de desarrollo econ\u00f3mico, el precandidato a intendente propuso la<strong> creaci\u00f3n de un polo tecnol\u00f3gico y del conocimiento<\/strong>. &#8220;Si me toca ser Intendente voy a crear el Polo Tecnol\u00f3gico: un lugar con infraestructura, un lugar con conectividad, con servicios, para radicar empresas que desarrollen software, que desarrollen conocimiento&#8221; mencion\u00f3.<\/p>\n<p>&nbsp;<\/p>\n<blockquote><p>Con respecto a esto sentenci\u00f3: &#8220;No podemos esperar m\u00e1s. La industria del conocimiento es ahora. Tenemos muchos pibes y pibas que desarrollan software, que se capacitan, que se forman. Es necesario desde el Estado municipal poder acompa\u00f1arlos y brindarles apoyo&#8221;.<\/p><\/blockquote>\n<p>&nbsp;<\/p>\n<p>Otra de las propuestas para el sector industrial es la de crear un<strong> Fondo Municipal para Obras y Mejoras en Parques Industriales.<\/strong> Wesner expres\u00f3 que se trata de un fondo &#8220;para garantizar los servicios b\u00e1sicos que necesitan nuestras PYMES para poder producir, para poder comunicarse, para poder vender, para poder comprar&#8221;. Por \u00faltimo mencion\u00f3 que ser\u00e1 afectado a trav\u00e9s de la tasa de seguridad e higiene &#8220;que todos nuestros empresarios PYMES pagan y que muchas veces no le devuelven nada&#8221;.<\/p>\n<p>&nbsp;<\/p>\n<p>Entre otras de sus propuestas, se refiri\u00f3 al <strong>Matadero Municipal<\/strong> y expres\u00f3 que &#8220;no podemos esperar m\u00e1s en materia c\u00e1rnica. Sinceramente, lament\u00e9 mucho como lo lamentaron ustedes cuando se cerr\u00f3 el matadero Municipal, con much\u00edsima falencias, pero ac\u00e1 trabajaban 35 familias. Pero no solo eso, sino que todos los que estamos ac\u00e1 somos consumidores, vamos a la carnicer\u00eda y en el mostrador siempre terminamos pagando un pesito m\u00e1s que en el resto de los municipios. Si me toca ser Intendente vamos a llevar adelante la instalaci\u00f3n de un frigor\u00edfico municipal en Olavarr\u00eda&#8221;.<\/p>\n<p>&nbsp;<\/p>\n<p><strong>Propuesta de Desarrollo social, Cultura y Deporte<\/strong><\/p>\n<p>&nbsp;<\/p>\n<p><img data-recalc-dims=\"1\" loading=\"lazy\" decoding=\"async\" class=\"alignnone size-large wp-image-92176\" src=\"https:\/\/i0.wp.com\/cdnoticias.com\/wp-content\/uploads\/2023\/08\/wesner-propu5.jpg?resize=800%2C445&#038;ssl=1\" alt=\"\" width=\"800\" height=\"445\" srcset=\"https:\/\/i0.wp.com\/cdnoticias.com\/wp-content\/uploads\/2023\/08\/wesner-propu5.jpg?resize=1024%2C570&amp;ssl=1 1024w, https:\/\/i0.wp.com\/cdnoticias.com\/wp-content\/uploads\/2023\/08\/wesner-propu5.jpg?resize=300%2C167&amp;ssl=1 300w, https:\/\/i0.wp.com\/cdnoticias.com\/wp-content\/uploads\/2023\/08\/wesner-propu5.jpg?resize=768%2C428&amp;ssl=1 768w, https:\/\/i0.wp.com\/cdnoticias.com\/wp-content\/uploads\/2023\/08\/wesner-propu5.jpg?resize=800%2C445&amp;ssl=1 800w, https:\/\/i0.wp.com\/cdnoticias.com\/wp-content\/uploads\/2023\/08\/wesner-propu5.jpg?w=1072&amp;ssl=1 1072w\" sizes=\"auto, (max-width: 800px) 100vw, 800px\" \/><\/p>\n<p>&nbsp;<\/p>\n<p>La propuesta fue dividida en tres ejes principales: Eje territorial, Deporte y Cultura. El primer punto parte de descentralizar la oferta educativa, la oferta de los cursos de formaci\u00f3n y llevarlo a las localidades y a los barrios m\u00e1s alejados del centro de la ciudad. &#8220;<strong>Eso en mi gesti\u00f3n va a ser prioridad<\/strong>&#8221; manifest\u00f3.<\/p>\n<p>&nbsp;<\/p>\n<p>En materia deportiva habl\u00f3 de &#8220;fortalecer las instituciones donde todos los d\u00edas van nuestros pibes y nuestras pibas a practicar deporte. Nos importa el deporte por lo que genera para la comunidad, por la recreaci\u00f3n, por la sana competencia y por los ni\u00f1os y ni\u00f1as que transitan todos los d\u00edas del club&#8221;.<\/p>\n<p>&nbsp;<\/p>\n<p>&#8220;Vamos a crear el <strong>Ente Municipal de Deportes.<\/strong> Se trata de un equipo multidisciplinario, que contenga profesionales, m\u00e9dicos, psic\u00f3logos, nutricionistas, que sea itinerante y que pueda acompa\u00f1arnos en todas las actividades deportivas a todos los clubes de Olavarr\u00eda&#8221; expres\u00f3 Wesner.<\/p>\n<p>&nbsp;<\/p>\n<p>En materia de Cultura propuso recuperar <strong>encuentros de teatro y festivales de m\u00fasica<\/strong> que supieron estar en la agenda cultural municipal. Adem\u00e1s, llam\u00f3 a <strong>fortalecer las fiestas populares de las localidades.<\/strong> &#8220;Van a tener un fortalecimiento. Son las fiestas que generan arraigo, son las fiestas que todos nosotros visitamos&#8221; afirm\u00f3.<\/p>\n<p>&nbsp;<\/p>\n<p><img data-recalc-dims=\"1\" loading=\"lazy\" decoding=\"async\" class=\"alignnone size-large wp-image-92172\" src=\"https:\/\/i0.wp.com\/cdnoticias.com\/wp-content\/uploads\/2023\/08\/wesner-propu1.jpg?resize=800%2C445&#038;ssl=1\" alt=\"\" width=\"800\" height=\"445\" srcset=\"https:\/\/i0.wp.com\/cdnoticias.com\/wp-content\/uploads\/2023\/08\/wesner-propu1.jpg?resize=1024%2C569&amp;ssl=1 1024w, https:\/\/i0.wp.com\/cdnoticias.com\/wp-content\/uploads\/2023\/08\/wesner-propu1.jpg?resize=300%2C167&amp;ssl=1 300w, https:\/\/i0.wp.com\/cdnoticias.com\/wp-content\/uploads\/2023\/08\/wesner-propu1.jpg?resize=768%2C427&amp;ssl=1 768w, https:\/\/i0.wp.com\/cdnoticias.com\/wp-content\/uploads\/2023\/08\/wesner-propu1.jpg?resize=800%2C445&amp;ssl=1 800w, https:\/\/i0.wp.com\/cdnoticias.com\/wp-content\/uploads\/2023\/08\/wesner-propu1.jpg?w=1072&amp;ssl=1 1072w\" sizes=\"auto, (max-width: 800px) 100vw, 800px\" \/><\/p>\n<p>&nbsp;<\/p>\n<p>Al final del acto, enfatiz\u00f3 sobre toda la plataforma de propuestas. &#8220;Nuestra plataforma surge del seno de la comunidad, surge de reuniones con dirigentes de diferentes disciplinas. Surge de reuniones con sociedades de fomento, con centros de jubilados, con empresarios, con sindicatos, con toda la comunidad. Es una plataforma que se escribi\u00f3 con conciencia, pero por sobre todas las cosas con el sentimiento de <strong>volver a poner de pie Olavarr\u00eda<\/strong> en el centro de la provincia de Buenos Aires&#8221; manifest\u00f3.<\/p>\n<p>&nbsp;<\/p>\n<p><img data-recalc-dims=\"1\" loading=\"lazy\" decoding=\"async\" class=\"alignnone size-large wp-image-92198\" src=\"https:\/\/i0.wp.com\/cdnoticias.com\/wp-content\/uploads\/2023\/08\/wesner-propu27.jpg?resize=800%2C445&#038;ssl=1\" alt=\"\" width=\"800\" height=\"445\" srcset=\"https:\/\/i0.wp.com\/cdnoticias.com\/wp-content\/uploads\/2023\/08\/wesner-propu27.jpg?resize=1024%2C570&amp;ssl=1 1024w, https:\/\/i0.wp.com\/cdnoticias.com\/wp-content\/uploads\/2023\/08\/wesner-propu27.jpg?resize=300%2C167&amp;ssl=1 300w, https:\/\/i0.wp.com\/cdnoticias.com\/wp-content\/uploads\/2023\/08\/wesner-propu27.jpg?resize=768%2C428&amp;ssl=1 768w, https:\/\/i0.wp.com\/cdnoticias.com\/wp-content\/uploads\/2023\/08\/wesner-propu27.jpg?resize=800%2C445&amp;ssl=1 800w, https:\/\/i0.wp.com\/cdnoticias.com\/wp-content\/uploads\/2023\/08\/wesner-propu27.jpg?w=1072&amp;ssl=1 1072w\" sizes=\"auto, (max-width: 800px) 100vw, 800px\" \/><\/p>\n<p>&nbsp;<\/p>\n<p>Por \u00faltimo, convoc\u00f3 a todas las instituciones y vecinos presentes: &#8220;<em><strong>Tenemos que redoblar esfuerzos, quedan nueve d\u00edas para ir a las urnas, para ir a las PASO. \u00a1Merecemos una Olavarr\u00eda mejor! \u00a1Vamos para adelante! Acomp\u00e1\u00f1enme. Ustedes tienen el term\u00f3metro de Olavarr\u00eda. Hag\u00e1moslo juntos&#8221;<\/strong><\/em> concluy\u00f3.<\/p>\n","protected":false},"excerpt":{"rendered":"<p>Lo dijo el precandidato Maximiliano Wesner en el masivo acto de presentaci\u00f3n de sus propuestas que se llev\u00f3 a cabo<\/p>\n","protected":false},"author":6,"featured_media":92189,"comment_status":"closed","ping_status":"closed","sticky":false,"template":"","format":"standard","meta":{"_jetpack_memberships_contains_paid_content":false,"footnotes":""},"categories":[4,1],"tags":[],"class_list":["post-92160","post","type-post","status-publish","format-standard","has-post-thumbnail","hentry","category-politica","category-portada"],"jetpack_featured_media_url":"https:\/\/i0.wp.com\/cdnoticias.com\/wp-content\/uploads\/2023\/08\/wesner-propu18.jpg?fit=1072%2C597&ssl=1","jetpack_sharing_enabled":true,"_links":{"self":[{"href":"https:\/\/cdnoticias.com\/index.php\/wp-json\/wp\/v2\/posts\/92160","targetHints":{"allow":["GET"]}}],"collection":[{"href":"https:\/\/cdnoticias.com\/index.php\/wp-json\/wp\/v2\/posts"}],"about":[{"href":"https:\/\/cdnoticias.com\/index.php\/wp-json\/wp\/v2\/types\/post"}],"author":[{"embeddable":true,"href":"https:\/\/cdnoticias.com\/index.php\/wp-json\/wp\/v2\/users\/6"}],"replies":[{"embeddable":true,"href":"https:\/\/cdnoticias.com\/index.php\/wp-json\/wp\/v2\/comments?post=92160"}],"version-history":[{"count":0,"href":"https:\/\/cdnoticias.com\/index.php\/wp-json\/wp\/v2\/posts\/92160\/revisions"}],"wp:featuredmedia":[{"embeddable":true,"href":"https:\/\/cdnoticias.com\/index.php\/wp-json\/wp\/v2\/media\/92189"}],"wp:attachment":[{"href":"https:\/\/cdnoticias.com\/index.php\/wp-json\/wp\/v2\/media?parent=92160"}],"wp:term":[{"taxonomy":"category","embeddable":true,"href":"https:\/\/cdnoticias.com\/index.php\/wp-json\/wp\/v2\/categories?post=92160"},{"taxonomy":"post_tag","embeddable":true,"href":"https:\/\/cdnoticias.com\/index.php\/wp-json\/wp\/v2\/tags?post=92160"}],"curies":[{"name":"wp","href":"https:\/\/api.w.org\/{rel}","templated":true}]}}