{"id":9207,"date":"2020-12-17T09:39:01","date_gmt":"2020-12-17T12:39:01","guid":{"rendered":"http:\/\/www.centraldenoticias.com.ar\/?p=9207"},"modified":"2020-12-17T12:16:40","modified_gmt":"2020-12-17T15:16:40","slug":"detienen-a-un-hombre-en-un-allanamiento-por-una-causa-de-violencia-familiar","status":"publish","type":"post","link":"https:\/\/cdnoticias.com\/index.php\/2020\/12\/17\/detienen-a-un-hombre-en-un-allanamiento-por-una-causa-de-violencia-familiar\/","title":{"rendered":"Detienen a un hombre en un allanamiento por una causa de violencia familiar"},"content":{"rendered":"<p>Fue en la jornada del mi\u00e9rcoles, en un domicilio ubicado en Amparo Castro al 5700. Est\u00e1 acusado de \u201cCoacci\u00f3n simple, amenazas agravadas, amenazas simples, desobediencia\u201d.<!--more--><\/p>\n<hr \/>\n<p>En la jornada del mi\u00e9rcoles, <strong>efectivos policiales detuvieron a un hombre de 33 a\u00f1os con pedido de captura.<\/strong> El hecho se registr\u00f3 en Amparo Castro al 5700.<\/p>\n<p>&nbsp;<\/p>\n<p>El procedimiento judicial fue encabezado por personal de Comisar\u00eda Primera en conjunto con Comisar\u00eda Segunda, Polic\u00eda Local, Comando de Prevenci\u00f3n Rural y Grupo GAD.<\/p>\n<p>&nbsp;<\/p>\n<p>Tras llegar al domicilio, diversas investigaciones lograron <strong>interceptar al hombre en cuesti\u00f3n, identificado como Maximiliano Alberto Rojas, en 9 de Julio y San Mart\u00edn.<\/strong><\/p>\n<p>&nbsp;<\/p>\n<p><img data-recalc-dims=\"1\" loading=\"lazy\" decoding=\"async\" class=\"alignnone size-full wp-image-9209\" src=\"https:\/\/i0.wp.com\/cdnoticias.com\/wp-content\/uploads\/2020\/12\/WhatsApp-Image-2020-12-17-at-08.48.33.jpeg?resize=563%2C500&#038;ssl=1\" alt=\"\" width=\"563\" height=\"500\" srcset=\"https:\/\/i0.wp.com\/cdnoticias.com\/wp-content\/uploads\/2020\/12\/WhatsApp-Image-2020-12-17-at-08.48.33.jpeg?w=563&amp;ssl=1 563w, https:\/\/i0.wp.com\/cdnoticias.com\/wp-content\/uploads\/2020\/12\/WhatsApp-Image-2020-12-17-at-08.48.33.jpeg?resize=300%2C266&amp;ssl=1 300w\" sizes=\"auto, (max-width: 563px) 100vw, 563px\" \/><\/p>\n<p>&nbsp;<\/p>\n<p>En el allanamiento, a su vez, <strong>secuestraron diversos elementos de inter\u00e9s para la causa<\/strong>, caratulada como <em>\u201cCoacci\u00f3n Simple, Amenazas Agravadas, Amenazas Simples -2 hechos- Desobediencia\u201d<\/em> con intervenci\u00f3n de la Secretar\u00eda Especializada en Violencia de G\u00e9nero y Familiar Olavarr\u00eda, a cargo de la UFI N\u00b0 10 de la doctora Viviana Beyt\u00eda.<\/p>\n<p>&nbsp;<\/p>\n<p><strong>El hombre fue trasladado a la Comisar\u00eda Primera<\/strong> y qued\u00f3 a disposici\u00f3n del magistrado que interviene en la causa judicial.<\/p>\n","protected":false},"excerpt":{"rendered":"<p>Fue en la jornada del mi\u00e9rcoles, en un domicilio ubicado en Amparo Castro al 5700. Est\u00e1 acusado de \u201cCoacci\u00f3n simple,<\/p>\n","protected":false},"author":2,"featured_media":9208,"comment_status":"closed","ping_status":"closed","sticky":false,"template":"","format":"standard","meta":{"_jetpack_memberships_contains_paid_content":false,"footnotes":""},"categories":[14,1],"tags":[],"class_list":["post-9207","post","type-post","status-publish","format-standard","has-post-thumbnail","hentry","category-policiales","category-portada"],"jetpack_featured_media_url":"https:\/\/i0.wp.com\/cdnoticias.com\/wp-content\/uploads\/2020\/12\/WhatsApp-Image-2020-12-17-at-08.48.32.jpeg?fit=1280%2C576&ssl=1","jetpack_sharing_enabled":true,"_links":{"self":[{"href":"https:\/\/cdnoticias.com\/index.php\/wp-json\/wp\/v2\/posts\/9207","targetHints":{"allow":["GET"]}}],"collection":[{"href":"https:\/\/cdnoticias.com\/index.php\/wp-json\/wp\/v2\/posts"}],"about":[{"href":"https:\/\/cdnoticias.com\/index.php\/wp-json\/wp\/v2\/types\/post"}],"author":[{"embeddable":true,"href":"https:\/\/cdnoticias.com\/index.php\/wp-json\/wp\/v2\/users\/2"}],"replies":[{"embeddable":true,"href":"https:\/\/cdnoticias.com\/index.php\/wp-json\/wp\/v2\/comments?post=9207"}],"version-history":[{"count":0,"href":"https:\/\/cdnoticias.com\/index.php\/wp-json\/wp\/v2\/posts\/9207\/revisions"}],"wp:featuredmedia":[{"embeddable":true,"href":"https:\/\/cdnoticias.com\/index.php\/wp-json\/wp\/v2\/media\/9208"}],"wp:attachment":[{"href":"https:\/\/cdnoticias.com\/index.php\/wp-json\/wp\/v2\/media?parent=9207"}],"wp:term":[{"taxonomy":"category","embeddable":true,"href":"https:\/\/cdnoticias.com\/index.php\/wp-json\/wp\/v2\/categories?post=9207"},{"taxonomy":"post_tag","embeddable":true,"href":"https:\/\/cdnoticias.com\/index.php\/wp-json\/wp\/v2\/tags?post=9207"}],"curies":[{"name":"wp","href":"https:\/\/api.w.org\/{rel}","templated":true}]}}