{"id":92061,"date":"2023-08-03T20:32:04","date_gmt":"2023-08-03T23:32:04","guid":{"rendered":"https:\/\/www.centraldenoticias.com.ar\/?p=92061"},"modified":"2023-08-04T08:15:04","modified_gmt":"2023-08-04T11:15:04","slug":"detuvieron-a-un-olavarriense-acusado-de-abuso-sexual-agravado","status":"publish","type":"post","link":"https:\/\/cdnoticias.com\/index.php\/2023\/08\/03\/detuvieron-a-un-olavarriense-acusado-de-abuso-sexual-agravado\/","title":{"rendered":"Detuvieron a un olavarriense acusado de abuso sexual agravado"},"content":{"rendered":"<p>Es contra una menor de edad. Fue atrapado en una Cantera del Partido de Azul. <!--more--><\/p>\n<hr \/>\n<p>Este jueves, personal de Comisar\u00eda Segunda en conjunto con otras fuerzas policiales<strong> detuvieron a un olavarriense acusado de abusar sexualmente de una menor de edad.<\/strong><\/p>\n<p>&nbsp;<\/p>\n<p>Seg\u00fan se explic\u00f3 oficialmente, tras un pedido de detenci\u00f3n dictaminado por el Juzgado de Garant\u00edas N\u00b02 a cargo del doctor Carlos Villamar\u00edn<strong>, detectaron que el acusado trabajaba en Cantera Cerro del \u00c1guila, en jurisdicci\u00f3n del Partido de Azul.<\/strong><\/p>\n<p>&nbsp;<\/p>\n<blockquote><p>Se realiz\u00f3 un operativo en conjunto con personal de la subcomisar\u00eda de Sierras Bayas y all\u00ed el acusado fue detenido y trasladado a la Comisar\u00eda Segunda, lugar donde quedar\u00e1 a disposici\u00f3n del Juzgado interviniente.<\/p><\/blockquote>\n<p>&nbsp;<\/p>\n<p>La causa est\u00e1 caratulada como <em>\u201cAbuso sexual gravemente ultrajante agravado por ser cometido contra una menor de 18 a\u00f1os de edad aprovechando la situaci\u00f3n de convivencia<\/em>\u201d e interviene la fiscal Paula Serrano, quien por estas horas subroga la UFI N\u00b05 especializada en Violencia de G\u00e9nero y Familiar.<\/p>\n","protected":false},"excerpt":{"rendered":"<p>Es contra una menor de edad. Fue atrapado en una Cantera del Partido de Azul.<\/p>\n","protected":false},"author":2,"featured_media":92062,"comment_status":"closed","ping_status":"closed","sticky":false,"template":"","format":"standard","meta":{"_jetpack_memberships_contains_paid_content":false,"footnotes":""},"categories":[14,1],"tags":[],"class_list":["post-92061","post","type-post","status-publish","format-standard","has-post-thumbnail","hentry","category-policiales","category-portada"],"jetpack_featured_media_url":"https:\/\/i0.wp.com\/cdnoticias.com\/wp-content\/uploads\/2023\/08\/WhatsApp-Image-2023-08-03-at-19.38.14.jpeg?fit=1071%2C616&ssl=1","jetpack_sharing_enabled":true,"_links":{"self":[{"href":"https:\/\/cdnoticias.com\/index.php\/wp-json\/wp\/v2\/posts\/92061","targetHints":{"allow":["GET"]}}],"collection":[{"href":"https:\/\/cdnoticias.com\/index.php\/wp-json\/wp\/v2\/posts"}],"about":[{"href":"https:\/\/cdnoticias.com\/index.php\/wp-json\/wp\/v2\/types\/post"}],"author":[{"embeddable":true,"href":"https:\/\/cdnoticias.com\/index.php\/wp-json\/wp\/v2\/users\/2"}],"replies":[{"embeddable":true,"href":"https:\/\/cdnoticias.com\/index.php\/wp-json\/wp\/v2\/comments?post=92061"}],"version-history":[{"count":0,"href":"https:\/\/cdnoticias.com\/index.php\/wp-json\/wp\/v2\/posts\/92061\/revisions"}],"wp:featuredmedia":[{"embeddable":true,"href":"https:\/\/cdnoticias.com\/index.php\/wp-json\/wp\/v2\/media\/92062"}],"wp:attachment":[{"href":"https:\/\/cdnoticias.com\/index.php\/wp-json\/wp\/v2\/media?parent=92061"}],"wp:term":[{"taxonomy":"category","embeddable":true,"href":"https:\/\/cdnoticias.com\/index.php\/wp-json\/wp\/v2\/categories?post=92061"},{"taxonomy":"post_tag","embeddable":true,"href":"https:\/\/cdnoticias.com\/index.php\/wp-json\/wp\/v2\/tags?post=92061"}],"curies":[{"name":"wp","href":"https:\/\/api.w.org\/{rel}","templated":true}]}}