{"id":92059,"date":"2023-08-03T20:23:47","date_gmt":"2023-08-03T23:23:47","guid":{"rendered":"https:\/\/www.centraldenoticias.com.ar\/?p=92059"},"modified":"2023-08-03T20:32:13","modified_gmt":"2023-08-03T23:32:13","slug":"fuerte-choque-entre-un-auto-y-una-moto-un-herido","status":"publish","type":"post","link":"https:\/\/cdnoticias.com\/index.php\/2023\/08\/03\/fuerte-choque-entre-un-auto-y-una-moto-un-herido\/","title":{"rendered":"Fuerte choque entre un auto y una moto: un herido"},"content":{"rendered":"<p>Fue en la tarde de este jueves, en Lamadrid entre Saenz Pe\u00f1a y Col\u00f3n. <!--more--><\/p>\n<hr \/>\n<p>En la tarde de este jueves, <strong>un fuerte choque entre un auto y una moto tuvo como saldo a una persona herida, que fue trasladado al Hospital Municipal.<\/strong><\/p>\n<p>&nbsp;<\/p>\n<p>El hecho se produjo en barrio Mariano Moreno, m\u00e1s precisamente en Lamadrid entre S\u00e1enz Pe\u00f1a y Col\u00f3n,<strong> por causas que se intentan esclarecer, entre una moto 110cc y un Citroen C3 Picasso.<\/strong><\/p>\n<p>&nbsp;<\/p>\n<p>Las primeras versiones dan cuenta de que <strong>un problema en una prenda de vestir que se enganch\u00f3 en la moto le hizo perder el control al motociclista, que impact\u00f3 contra el auto que circulaba en esa direcci\u00f3n.<\/strong><\/p>\n<p>&nbsp;<\/p>\n<p>Por el golpe, <strong>el conductor del rodado menor debi\u00f3 ser trasladado al Hospital Municipal para evaluar sus heridas.<\/strong> La calle qued\u00f3 cortada para tareas de peritaje.<\/p>\n<p>&nbsp;<\/p>\n<p>En paralelo, intervino personal del Comando de Patrullas local.<\/p>\n","protected":false},"excerpt":{"rendered":"<p>Fue en la tarde de este jueves, en Lamadrid entre Saenz Pe\u00f1a y Col\u00f3n.<\/p>\n","protected":false},"author":2,"featured_media":92058,"comment_status":"closed","ping_status":"closed","sticky":false,"template":"","format":"standard","meta":{"_jetpack_memberships_contains_paid_content":false,"footnotes":""},"categories":[14,1],"tags":[],"class_list":["post-92059","post","type-post","status-publish","format-standard","has-post-thumbnail","hentry","category-policiales","category-portada"],"jetpack_featured_media_url":"https:\/\/i0.wp.com\/cdnoticias.com\/wp-content\/uploads\/2023\/08\/WhatsApp-Image-2023-08-03-at-19.02.58.jpeg?fit=1280%2C960&ssl=1","jetpack_sharing_enabled":true,"_links":{"self":[{"href":"https:\/\/cdnoticias.com\/index.php\/wp-json\/wp\/v2\/posts\/92059","targetHints":{"allow":["GET"]}}],"collection":[{"href":"https:\/\/cdnoticias.com\/index.php\/wp-json\/wp\/v2\/posts"}],"about":[{"href":"https:\/\/cdnoticias.com\/index.php\/wp-json\/wp\/v2\/types\/post"}],"author":[{"embeddable":true,"href":"https:\/\/cdnoticias.com\/index.php\/wp-json\/wp\/v2\/users\/2"}],"replies":[{"embeddable":true,"href":"https:\/\/cdnoticias.com\/index.php\/wp-json\/wp\/v2\/comments?post=92059"}],"version-history":[{"count":0,"href":"https:\/\/cdnoticias.com\/index.php\/wp-json\/wp\/v2\/posts\/92059\/revisions"}],"wp:featuredmedia":[{"embeddable":true,"href":"https:\/\/cdnoticias.com\/index.php\/wp-json\/wp\/v2\/media\/92058"}],"wp:attachment":[{"href":"https:\/\/cdnoticias.com\/index.php\/wp-json\/wp\/v2\/media?parent=92059"}],"wp:term":[{"taxonomy":"category","embeddable":true,"href":"https:\/\/cdnoticias.com\/index.php\/wp-json\/wp\/v2\/categories?post=92059"},{"taxonomy":"post_tag","embeddable":true,"href":"https:\/\/cdnoticias.com\/index.php\/wp-json\/wp\/v2\/tags?post=92059"}],"curies":[{"name":"wp","href":"https:\/\/api.w.org\/{rel}","templated":true}]}}