{"id":92043,"date":"2023-08-03T18:05:05","date_gmt":"2023-08-03T21:05:05","guid":{"rendered":"https:\/\/www.centraldenoticias.com.ar\/?p=92043"},"modified":"2023-08-05T21:20:15","modified_gmt":"2023-08-06T00:20:15","slug":"fiesta-del-dia-de-la-ninez-conoce-el-cronograma-completo","status":"publish","type":"post","link":"https:\/\/cdnoticias.com\/index.php\/2023\/08\/03\/fiesta-del-dia-de-la-ninez-conoce-el-cronograma-completo\/","title":{"rendered":"Fiesta del D\u00eda de la Ni\u00f1ez: Conoc\u00e9 el cronograma completo"},"content":{"rendered":"<p>Tal como se adelant\u00f3, ser\u00e1 este domingo 6 en el predio de la Sociedad Rural de Olavarr\u00eda. La jornada comenzar\u00e1\u00a0 a las 14 horas. <!--more--><\/p>\n<hr \/>\n<p>El <strong>6 de agosto<\/strong> en el predio de la<strong> Sociedad Rural de Olavarr\u00eda<\/strong>, se realizar\u00e1 una nueva edici\u00f3n de la <strong>tradicional fiesta que re\u00fane a todos los ni\u00f1os y ni\u00f1as<\/strong> de Olavarr\u00eda y la regi\u00f3n.<\/p>\n<p>&nbsp;<\/p>\n<p>Organizada conjuntamente entre la Municipalidad de Olavarr\u00eda y MANO (Movimiento a la Alegr\u00eda del Ni\u00f1o Olavarriense) esta fiesta contar\u00e1 con diferentes propuestas culturales y sociales, todas, de car\u00e1cter gratuito.<\/p>\n<p>&nbsp;<\/p>\n<p>La jornada, comenzar\u00e1 a las <strong>14 horas<\/strong> y finalizar\u00e1 alrededor de las <strong>17 horas. <\/strong>&#8220;<em>Tendr\u00e1 actividades para todas las edades que fueron pensadas con una fuerte mirada de inclusi\u00f3n<\/em>&#8221; expresaron desde el \u00e1rea de Cultura. Asimismo, se brindar\u00e1 el tradicional chocolate y las facturas elaboradas por el Servicio Penitenciario Provincial como todos los a\u00f1os, adem\u00e1s de golosinas, pochoclos y copos de nieve.<\/p>\n<p>&nbsp;<\/p>\n<p><strong>Durante esta tradicional fiesta habr\u00e1:\u00a0<\/strong><\/p>\n<p>Juegos inflables.<\/p>\n<p>Payasos y malabaristas.<\/p>\n<p>Estatuas vivientes.<\/p>\n<p>Parkur a cargo de Naturalfit.<\/p>\n<p>Taller de origami.<\/p>\n<p>Espect\u00e1culo y taller din\u00e1mico de acrobacia en tela en el Pabell\u00f3n Igui\u00f1iz.<\/p>\n<p>Show de circo.<\/p>\n<p>Globolog\u00eda.<\/p>\n<p>Juegos deportivos convencionales y no convencionales organizados por la Direcci\u00f3n de Deportes.<\/p>\n<p>Exhibici\u00f3n de los Bomberos Voluntarios.<\/p>\n<p>Exposici\u00f3n est\u00e1tica y juegos organizados por el Regimiento de Caballer\u00eda Tanques 2 \u201cLanceros Gral Paz\u201d.<\/p>\n<p>Pochoclos\u00a0 \u2013 Copos de az\u00facar \u2013 Cubanitos.<\/p>\n<p>Chocolate \u2013 Facturas \u2013 Golosinas<\/p>\n<p>Los espect\u00e1culos art\u00edsticos se desarrollar\u00e1n estar\u00e1n distribuidos en diferentes espacios del predio:<\/p>\n<p>&nbsp;<\/p>\n<p><strong>Escenario principal<\/strong><\/p>\n<p>14:00 &#8211; Apertura.<\/p>\n<p>14:40 &#8211; Presentaci\u00f3n del grupo musical \u201cLas Rockeristicas\u201d.<\/p>\n<p>16:00 &#8211; Obra infantil \u201cExpedici\u00f3n Circ\u201d.<\/p>\n<p>&nbsp;<\/p>\n","protected":false},"excerpt":{"rendered":"<p>Tal como se adelant\u00f3, ser\u00e1 este domingo 6 en el predio de la Sociedad Rural de Olavarr\u00eda. La jornada comenzar\u00e1\u00a0<\/p>\n","protected":false},"author":6,"featured_media":62843,"comment_status":"closed","ping_status":"closed","sticky":false,"template":"","format":"standard","meta":{"_jetpack_memberships_contains_paid_content":false,"footnotes":""},"categories":[5,1],"tags":[],"class_list":["post-92043","post","type-post","status-publish","format-standard","has-post-thumbnail","hentry","category-informacion-general","category-portada"],"jetpack_featured_media_url":"https:\/\/i0.wp.com\/cdnoticias.com\/wp-content\/uploads\/2022\/08\/Cultura-Fiesta-Dia-de-la-Ninez-1024x683-1.jpg?fit=1024%2C683&ssl=1","jetpack_sharing_enabled":true,"_links":{"self":[{"href":"https:\/\/cdnoticias.com\/index.php\/wp-json\/wp\/v2\/posts\/92043","targetHints":{"allow":["GET"]}}],"collection":[{"href":"https:\/\/cdnoticias.com\/index.php\/wp-json\/wp\/v2\/posts"}],"about":[{"href":"https:\/\/cdnoticias.com\/index.php\/wp-json\/wp\/v2\/types\/post"}],"author":[{"embeddable":true,"href":"https:\/\/cdnoticias.com\/index.php\/wp-json\/wp\/v2\/users\/6"}],"replies":[{"embeddable":true,"href":"https:\/\/cdnoticias.com\/index.php\/wp-json\/wp\/v2\/comments?post=92043"}],"version-history":[{"count":0,"href":"https:\/\/cdnoticias.com\/index.php\/wp-json\/wp\/v2\/posts\/92043\/revisions"}],"wp:featuredmedia":[{"embeddable":true,"href":"https:\/\/cdnoticias.com\/index.php\/wp-json\/wp\/v2\/media\/62843"}],"wp:attachment":[{"href":"https:\/\/cdnoticias.com\/index.php\/wp-json\/wp\/v2\/media?parent=92043"}],"wp:term":[{"taxonomy":"category","embeddable":true,"href":"https:\/\/cdnoticias.com\/index.php\/wp-json\/wp\/v2\/categories?post=92043"},{"taxonomy":"post_tag","embeddable":true,"href":"https:\/\/cdnoticias.com\/index.php\/wp-json\/wp\/v2\/tags?post=92043"}],"curies":[{"name":"wp","href":"https:\/\/api.w.org\/{rel}","templated":true}]}}