{"id":92032,"date":"2023-08-03T15:18:14","date_gmt":"2023-08-03T18:18:14","guid":{"rendered":"https:\/\/www.centraldenoticias.com.ar\/?p=92032"},"modified":"2023-08-03T18:05:18","modified_gmt":"2023-08-03T21:05:18","slug":"el-poder-es-el-mensaje","status":"publish","type":"post","link":"https:\/\/cdnoticias.com\/index.php\/2023\/08\/03\/el-poder-es-el-mensaje\/","title":{"rendered":"El poder es el mensaje"},"content":{"rendered":"<p>La precandidata presidencial Patricia Bullrich, bien recibida en Olavarr\u00eda y con mensaje para el kirchnerismo: \u201cMinga que van a seguir gobernando, vamos a tomar el poder de verdad\u201d.<\/p>\n<p><!--more--><\/p>\n<hr \/>\n<p><strong>Las calles de Olavarr\u00eda recibieron con calidez a Patricia Bullrich.<\/strong> Saludos, abrazos y fotos a pleno sol por el centro de la ciudad donde la precandidata presidencial iba<strong> flanqueada por N\u00e9stor Grindetti, Dalton J\u00e1uregui y Marcelo Spina<\/strong>, m\u00e1s los encargados de prensa de todos ellos y personal de seguridad. Hizo hincapi\u00e9 en su <em>intenci\u00f3n de asumir el poder, generar \u201cel cambio\u201d y hasta dej\u00f3 un mensaje para Ezequiel Galli.<\/em><\/p>\n<p>&nbsp;<\/p>\n<p>Numerosos vecinos se acercaron al Paseo Mend\u00eda y la plaza central. La recorrida por el centro de la ciudad tuvo apenas <strong>un chispazo con gritos de rechazo ante un cartel de Ezequiel Galli<\/strong>, aunque alcanza para evidenciar<strong> la tensi\u00f3n en Juntos por el Cambio<\/strong> que es de la dirigencia, pero tambi\u00e9n en parte de la militancia.<\/p>\n<p>&nbsp;<\/p>\n<p><img data-recalc-dims=\"1\" loading=\"lazy\" decoding=\"async\" class=\"size-full wp-image-92011 aligncenter\" src=\"https:\/\/i0.wp.com\/cdnoticias.com\/wp-content\/uploads\/2023\/08\/bullrich-olavarria-plaza-02.jpg?resize=800%2C445&#038;ssl=1\" alt=\"\" width=\"800\" height=\"445\" srcset=\"https:\/\/i0.wp.com\/cdnoticias.com\/wp-content\/uploads\/2023\/08\/bullrich-olavarria-plaza-02.jpg?w=800&amp;ssl=1 800w, https:\/\/i0.wp.com\/cdnoticias.com\/wp-content\/uploads\/2023\/08\/bullrich-olavarria-plaza-02.jpg?resize=300%2C167&amp;ssl=1 300w, https:\/\/i0.wp.com\/cdnoticias.com\/wp-content\/uploads\/2023\/08\/bullrich-olavarria-plaza-02.jpg?resize=768%2C427&amp;ssl=1 768w\" sizes=\"auto, (max-width: 800px) 100vw, 800px\" \/><\/p>\n<p>&nbsp;<\/p>\n<p><img data-recalc-dims=\"1\" loading=\"lazy\" decoding=\"async\" class=\"size-full wp-image-92012 aligncenter\" src=\"https:\/\/i0.wp.com\/cdnoticias.com\/wp-content\/uploads\/2023\/08\/bullrich-olavarria-plaza-01.jpg?resize=800%2C445&#038;ssl=1\" alt=\"\" width=\"800\" height=\"445\" srcset=\"https:\/\/i0.wp.com\/cdnoticias.com\/wp-content\/uploads\/2023\/08\/bullrich-olavarria-plaza-01.jpg?w=800&amp;ssl=1 800w, https:\/\/i0.wp.com\/cdnoticias.com\/wp-content\/uploads\/2023\/08\/bullrich-olavarria-plaza-01.jpg?resize=300%2C167&amp;ssl=1 300w, https:\/\/i0.wp.com\/cdnoticias.com\/wp-content\/uploads\/2023\/08\/bullrich-olavarria-plaza-01.jpg?resize=768%2C427&amp;ssl=1 768w\" sizes=\"auto, (max-width: 800px) 100vw, 800px\" \/><\/p>\n<p>&nbsp;<\/p>\n<p>En el Paseo Mend\u00eda se hab\u00eda montado un escenario a metros del acceso al Palacio Municipal. Un grupo esperaba por Bullrich<strong> con banderas argentinas<\/strong> y a pocos pasos de su llegada <strong>se alz\u00f3 el cartel de \u201cMujeres Bullrichistas\u201d<\/strong> con el sector que reuni\u00f3 Andrea Coronel. R\u00e1pidamente la candidata presidencial se sum\u00f3 para la foto y la siguieron los restantes dirigentes. <strong>\u201cPatricia presidenta\u201d empezaron a cantar<\/strong> algunos asistentes para arengar al resto. M\u00e1s pedido de fotos y saludos.<\/p>\n<p>&nbsp;<\/p>\n<p><strong>Cristian Ritondo<\/strong> tom\u00f3 el micr\u00f3fono,<em> \u201c\u00bfqui\u00e9n va a ser la pr\u00f3xima presidenta?\u201d<\/em> abri\u00f3 su discurso mientras se escuchaban gritos para quienes estaban en el escenario junto a Bullrich. Pidi\u00f3 el apoyo para todos los candidatos de la lista y <strong>\u201chablar con los que quieren escuchar, es imposible hablar con quienes no quieren escuchar.<\/strong> Vamos a hablar con todos los que quieran construir una Argentina en serio y que est\u00e9n convencidos del cambio\u201d.<\/p>\n<p>&nbsp;<\/p>\n<p><img data-recalc-dims=\"1\" loading=\"lazy\" decoding=\"async\" class=\"size-full wp-image-92010 aligncenter\" src=\"https:\/\/i0.wp.com\/cdnoticias.com\/wp-content\/uploads\/2023\/08\/bullrich-olavarria-plaza-03.jpg?resize=800%2C445&#038;ssl=1\" alt=\"\" width=\"800\" height=\"445\" srcset=\"https:\/\/i0.wp.com\/cdnoticias.com\/wp-content\/uploads\/2023\/08\/bullrich-olavarria-plaza-03.jpg?w=800&amp;ssl=1 800w, https:\/\/i0.wp.com\/cdnoticias.com\/wp-content\/uploads\/2023\/08\/bullrich-olavarria-plaza-03.jpg?resize=300%2C167&amp;ssl=1 300w, https:\/\/i0.wp.com\/cdnoticias.com\/wp-content\/uploads\/2023\/08\/bullrich-olavarria-plaza-03.jpg?resize=768%2C427&amp;ssl=1 768w\" sizes=\"auto, (max-width: 800px) 100vw, 800px\" \/><\/p>\n<p>&nbsp;<\/p>\n<p><img data-recalc-dims=\"1\" loading=\"lazy\" decoding=\"async\" class=\"size-full wp-image-92023 aligncenter\" src=\"https:\/\/i0.wp.com\/cdnoticias.com\/wp-content\/uploads\/2023\/08\/bullrich-olavarria-06.jpg?resize=800%2C445&#038;ssl=1\" alt=\"\" width=\"800\" height=\"445\" srcset=\"https:\/\/i0.wp.com\/cdnoticias.com\/wp-content\/uploads\/2023\/08\/bullrich-olavarria-06.jpg?w=800&amp;ssl=1 800w, https:\/\/i0.wp.com\/cdnoticias.com\/wp-content\/uploads\/2023\/08\/bullrich-olavarria-06.jpg?resize=300%2C167&amp;ssl=1 300w, https:\/\/i0.wp.com\/cdnoticias.com\/wp-content\/uploads\/2023\/08\/bullrich-olavarria-06.jpg?resize=768%2C427&amp;ssl=1 768w\" sizes=\"auto, (max-width: 800px) 100vw, 800px\" \/><\/p>\n<p>&nbsp;<\/p>\n<p><strong>Maximiliano Abad<\/strong> destac\u00f3 que la campa\u00f1a del sector \u201cse hizo con entusiasmo, rodeada de convicciones, de principios, pero fundamentalmente de una gran expectativa que es poder construir una bisagra en la historia de Argentina y de la provincia de Buenos Aires\u201d. En cuanto a Bullrich la defini\u00f3 como quien<strong> tiene \u201cel liderazgo que nos da la esperanza de construir una Argentina mejor\u201d.<\/strong><\/p>\n<p>&nbsp;<\/p>\n<p><strong>N\u00e9stor Grindetti<\/strong> hizo hincapi\u00e9 en la composici\u00f3n del \u201cequipo que lidera Patricia\u201d para destacar que \u201ces gente como ustedes, no somos pol\u00edticos que estamos a kil\u00f3metros de distancia de lo que la gente est\u00e1 preocupada\u201d. A ello sigui\u00f3 con<strong> cr\u00edticas al actual gobernador Kicillof y su gesti\u00f3n por \u201cfalta de cercan\u00eda\u201d.<\/strong> M\u00e1s adelante habl\u00f3 de sus visi\u00f3n de la educaci\u00f3n.\u00a0El dirigente apel\u00f3 a los militantes y simpatizantes para \u201cfiscalizar en un sistema vetusto y tramposo que nosotros vamos a cambiar\u201d.<\/p>\n<p>&nbsp;<\/p>\n<p><img data-recalc-dims=\"1\" loading=\"lazy\" decoding=\"async\" class=\"size-full wp-image-92024 aligncenter\" src=\"https:\/\/i0.wp.com\/cdnoticias.com\/wp-content\/uploads\/2023\/08\/bullrich-olavarria-07.jpg?resize=800%2C445&#038;ssl=1\" alt=\"\" width=\"800\" height=\"445\" srcset=\"https:\/\/i0.wp.com\/cdnoticias.com\/wp-content\/uploads\/2023\/08\/bullrich-olavarria-07.jpg?w=800&amp;ssl=1 800w, https:\/\/i0.wp.com\/cdnoticias.com\/wp-content\/uploads\/2023\/08\/bullrich-olavarria-07.jpg?resize=300%2C167&amp;ssl=1 300w, https:\/\/i0.wp.com\/cdnoticias.com\/wp-content\/uploads\/2023\/08\/bullrich-olavarria-07.jpg?resize=768%2C427&amp;ssl=1 768w\" sizes=\"auto, (max-width: 800px) 100vw, 800px\" \/><\/p>\n<p><img data-recalc-dims=\"1\" loading=\"lazy\" decoding=\"async\" class=\"size-full wp-image-92029 aligncenter\" src=\"https:\/\/i0.wp.com\/cdnoticias.com\/wp-content\/uploads\/2023\/08\/bullrich-olavarria-12.jpg?resize=800%2C445&#038;ssl=1\" alt=\"\" width=\"800\" height=\"445\" srcset=\"https:\/\/i0.wp.com\/cdnoticias.com\/wp-content\/uploads\/2023\/08\/bullrich-olavarria-12.jpg?w=800&amp;ssl=1 800w, https:\/\/i0.wp.com\/cdnoticias.com\/wp-content\/uploads\/2023\/08\/bullrich-olavarria-12.jpg?resize=300%2C167&amp;ssl=1 300w, https:\/\/i0.wp.com\/cdnoticias.com\/wp-content\/uploads\/2023\/08\/bullrich-olavarria-12.jpg?resize=768%2C427&amp;ssl=1 768w\" sizes=\"auto, (max-width: 800px) 100vw, 800px\" \/><\/p>\n<p>&nbsp;<\/p>\n<p>Para el intendente de Lan\u00fas,<strong> \u201cPatricia es la l\u00edder que hoy Argentina necesita\u201d<\/strong>, enfatiz\u00f3 que<strong> en esta etapa de la campa\u00f1a \u201cse discute liderazgo\u201d<\/strong> y subray\u00f3 \u201ccon el kirchnerismo no se puede negociar, con Moyano y Baradel no se puede negociar\u201d.<\/p>\n<p>&nbsp;<\/p>\n<p>La \u00faltima en tomar la palabra fue<strong> Patricia Bullrich<\/strong>. <em>\u201cDar pelea\u201d, \u201cla fuerza del cambio\u201d, \u201ccoraje\u201d, \u201cconvicciones\u201d, \u201cdejar atr\u00e1s la decadencia\u201d, \u201cliderazgo\u201d, \u201ccertezas\u201d<\/em> fueron las definiciones que los oradores previos dejaron sobre la candidata. Y ese fue el eje central de su intervenci\u00f3n: tras exponer con cr\u00edticas la actual situaci\u00f3n econ\u00f3mica, la gesti\u00f3n estatal \u201cburocratizada\u201d, \u201clas mafias que se interponen\u201d. Adem\u00e1s, cont\u00f3 que <strong>el mensaje que recibi\u00f3 de los comerciantes de Olavarr\u00eda fue que \u201clas tasas est\u00e1n muy altas\u201d<\/strong>, lo cual cosech\u00f3 el asentimiento de los asistentes. Aprovech\u00f3 para <em>mencionar el \u201ccompromiso\u201d de sus referentes locales y provinciales de mantener las tasas e impuestos bajos.<\/em><\/p>\n<p>&nbsp;<\/p>\n<p><img data-recalc-dims=\"1\" loading=\"lazy\" decoding=\"async\" class=\"size-full wp-image-92025 aligncenter\" src=\"https:\/\/i0.wp.com\/cdnoticias.com\/wp-content\/uploads\/2023\/08\/bullrich-olavarria-08.jpg?resize=800%2C445&#038;ssl=1\" alt=\"\" width=\"800\" height=\"445\" srcset=\"https:\/\/i0.wp.com\/cdnoticias.com\/wp-content\/uploads\/2023\/08\/bullrich-olavarria-08.jpg?w=800&amp;ssl=1 800w, https:\/\/i0.wp.com\/cdnoticias.com\/wp-content\/uploads\/2023\/08\/bullrich-olavarria-08.jpg?resize=300%2C167&amp;ssl=1 300w, https:\/\/i0.wp.com\/cdnoticias.com\/wp-content\/uploads\/2023\/08\/bullrich-olavarria-08.jpg?resize=768%2C427&amp;ssl=1 768w\" sizes=\"auto, (max-width: 800px) 100vw, 800px\" \/><\/p>\n<p><img data-recalc-dims=\"1\" loading=\"lazy\" decoding=\"async\" class=\"size-full wp-image-92026 aligncenter\" src=\"https:\/\/i0.wp.com\/cdnoticias.com\/wp-content\/uploads\/2023\/08\/bullrich-olavarria-09.jpg?resize=800%2C445&#038;ssl=1\" alt=\"\" width=\"800\" height=\"445\" srcset=\"https:\/\/i0.wp.com\/cdnoticias.com\/wp-content\/uploads\/2023\/08\/bullrich-olavarria-09.jpg?w=800&amp;ssl=1 800w, https:\/\/i0.wp.com\/cdnoticias.com\/wp-content\/uploads\/2023\/08\/bullrich-olavarria-09.jpg?resize=300%2C167&amp;ssl=1 300w, https:\/\/i0.wp.com\/cdnoticias.com\/wp-content\/uploads\/2023\/08\/bullrich-olavarria-09.jpg?resize=768%2C427&amp;ssl=1 768w\" sizes=\"auto, (max-width: 800px) 100vw, 800px\" \/><\/p>\n<p>&nbsp;<\/p>\n<p><strong>\u201cLe vamos a poner mucho orden y mucha fuerza, para desarrollarnos primero y crecer\u201d<\/strong> plante\u00f3 sobre su proyecto de gobierno. Desarroll\u00f3 los ejes de<strong> econom\u00eda<\/strong> -en donde explic\u00f3 que su propuesta de ir al Banco Central para verificar las reservas es \u201csimb\u00f3lica\u201d-, <strong>seguridad<\/strong> -donde habl\u00f3 de la labor policial, minoridad y consumos problem\u00e1ticos- y <strong>educaci\u00f3n<\/strong> -con eje en un acuerdo de dictar 190 d\u00edas de clases durante 12 a\u00f1os-. Igualmente, <em>mostr\u00f3 ante cada propuesta que present\u00f3 una advertencia: un potencial impedimento del hoy oficialismo para ejecutar una gesti\u00f3n al cual se propone hacerle frente.<\/em><\/p>\n<p>&nbsp;<\/p>\n<blockquote><p>\u201cNo importa lo dif\u00edcil que sea la situaci\u00f3n. Dici\u00e9ndole a la gente a coraz\u00f3n abierto donde estamos vamos a salir adelante porque sabemos c\u00f3mo hacerlo, y porque adem\u00e1s cuando nos quieran impedir hacer lo nuestro, minga que van a seguir gobernando, vamos a tomar el poder de verdad\u201d cerr\u00f3 la idea ya con los aplausos.<\/p><\/blockquote>\n<p>&nbsp;<\/p>\n<p><img data-recalc-dims=\"1\" loading=\"lazy\" decoding=\"async\" class=\"size-full wp-image-92028 aligncenter\" src=\"https:\/\/i0.wp.com\/cdnoticias.com\/wp-content\/uploads\/2023\/08\/bullrich-olavarria-11.jpg?resize=800%2C445&#038;ssl=1\" alt=\"\" width=\"800\" height=\"445\" srcset=\"https:\/\/i0.wp.com\/cdnoticias.com\/wp-content\/uploads\/2023\/08\/bullrich-olavarria-11.jpg?w=800&amp;ssl=1 800w, https:\/\/i0.wp.com\/cdnoticias.com\/wp-content\/uploads\/2023\/08\/bullrich-olavarria-11.jpg?resize=300%2C167&amp;ssl=1 300w, https:\/\/i0.wp.com\/cdnoticias.com\/wp-content\/uploads\/2023\/08\/bullrich-olavarria-11.jpg?resize=768%2C427&amp;ssl=1 768w\" sizes=\"auto, (max-width: 800px) 100vw, 800px\" \/><\/p>\n<p><img data-recalc-dims=\"1\" loading=\"lazy\" decoding=\"async\" class=\"size-full wp-image-92030 aligncenter\" src=\"https:\/\/i0.wp.com\/cdnoticias.com\/wp-content\/uploads\/2023\/08\/bullrich-olavarria-13.jpg?resize=800%2C445&#038;ssl=1\" alt=\"\" width=\"800\" height=\"445\" srcset=\"https:\/\/i0.wp.com\/cdnoticias.com\/wp-content\/uploads\/2023\/08\/bullrich-olavarria-13.jpg?w=800&amp;ssl=1 800w, https:\/\/i0.wp.com\/cdnoticias.com\/wp-content\/uploads\/2023\/08\/bullrich-olavarria-13.jpg?resize=300%2C167&amp;ssl=1 300w, https:\/\/i0.wp.com\/cdnoticias.com\/wp-content\/uploads\/2023\/08\/bullrich-olavarria-13.jpg?resize=768%2C427&amp;ssl=1 768w\" sizes=\"auto, (max-width: 800px) 100vw, 800px\" \/><\/p>\n<p>&nbsp;<\/p>\n<p>Luego afirm\u00f3 que \u201cvamos a trabajar para que en Argentina haya justicia, haya igualdad ante la ley\u201d y contrast\u00f3 que \u201cesta vez, cada piedra que nos tiren la vamos a transformar en una ruta 3 para llevar a la gente con seguridad. Cada piedra que nos quieran tirar va a ser para construir viviendas y puentes. <strong>No vamos a aceptar de ninguna manera que pongan en duda la gobernabilidad que ganamos con la legitimidad de las urnas\u201d.<\/strong><\/p>\n<p>&nbsp;<\/p>\n<p>Patricia Bullrich cerr\u00f3 su visita a Olavarr\u00eda cerca de las 13. Se llev\u00f3 aplausos y saludos de los olavarrienses en el Paseo Mend\u00eda.<\/p>\n<p>&nbsp;<\/p>\n<p><img data-recalc-dims=\"1\" loading=\"lazy\" decoding=\"async\" class=\"size-full wp-image-92031 aligncenter\" src=\"https:\/\/i0.wp.com\/cdnoticias.com\/wp-content\/uploads\/2023\/08\/bullrich-olavarria-14.jpg?resize=800%2C445&#038;ssl=1\" alt=\"\" width=\"800\" height=\"445\" srcset=\"https:\/\/i0.wp.com\/cdnoticias.com\/wp-content\/uploads\/2023\/08\/bullrich-olavarria-14.jpg?w=800&amp;ssl=1 800w, https:\/\/i0.wp.com\/cdnoticias.com\/wp-content\/uploads\/2023\/08\/bullrich-olavarria-14.jpg?resize=300%2C167&amp;ssl=1 300w, https:\/\/i0.wp.com\/cdnoticias.com\/wp-content\/uploads\/2023\/08\/bullrich-olavarria-14.jpg?resize=768%2C427&amp;ssl=1 768w\" sizes=\"auto, (max-width: 800px) 100vw, 800px\" \/><\/p>\n<p><img data-recalc-dims=\"1\" loading=\"lazy\" decoding=\"async\" class=\"size-full wp-image-92027 aligncenter\" src=\"https:\/\/i0.wp.com\/cdnoticias.com\/wp-content\/uploads\/2023\/08\/bullrich-olavarria-10.jpg?resize=800%2C445&#038;ssl=1\" alt=\"\" width=\"800\" height=\"445\" srcset=\"https:\/\/i0.wp.com\/cdnoticias.com\/wp-content\/uploads\/2023\/08\/bullrich-olavarria-10.jpg?w=800&amp;ssl=1 800w, https:\/\/i0.wp.com\/cdnoticias.com\/wp-content\/uploads\/2023\/08\/bullrich-olavarria-10.jpg?resize=300%2C167&amp;ssl=1 300w, https:\/\/i0.wp.com\/cdnoticias.com\/wp-content\/uploads\/2023\/08\/bullrich-olavarria-10.jpg?resize=768%2C427&amp;ssl=1 768w\" sizes=\"auto, (max-width: 800px) 100vw, 800px\" \/><\/p>\n<p>&nbsp;<\/p>\n","protected":false},"excerpt":{"rendered":"<p>La precandidata presidencial Patricia Bullrich, bien recibida en Olavarr\u00eda y con mensaje para el kirchnerismo: \u201cMinga que van a seguir<\/p>\n","protected":false},"author":4,"featured_media":92022,"comment_status":"closed","ping_status":"closed","sticky":false,"template":"","format":"standard","meta":{"_jetpack_memberships_contains_paid_content":false,"footnotes":""},"categories":[4,1],"tags":[],"class_list":["post-92032","post","type-post","status-publish","format-standard","has-post-thumbnail","hentry","category-politica","category-portada"],"jetpack_featured_media_url":"https:\/\/i0.wp.com\/cdnoticias.com\/wp-content\/uploads\/2023\/08\/bullrich-olavarria-05.jpg?fit=800%2C445&ssl=1","jetpack_sharing_enabled":true,"_links":{"self":[{"href":"https:\/\/cdnoticias.com\/index.php\/wp-json\/wp\/v2\/posts\/92032","targetHints":{"allow":["GET"]}}],"collection":[{"href":"https:\/\/cdnoticias.com\/index.php\/wp-json\/wp\/v2\/posts"}],"about":[{"href":"https:\/\/cdnoticias.com\/index.php\/wp-json\/wp\/v2\/types\/post"}],"author":[{"embeddable":true,"href":"https:\/\/cdnoticias.com\/index.php\/wp-json\/wp\/v2\/users\/4"}],"replies":[{"embeddable":true,"href":"https:\/\/cdnoticias.com\/index.php\/wp-json\/wp\/v2\/comments?post=92032"}],"version-history":[{"count":0,"href":"https:\/\/cdnoticias.com\/index.php\/wp-json\/wp\/v2\/posts\/92032\/revisions"}],"wp:featuredmedia":[{"embeddable":true,"href":"https:\/\/cdnoticias.com\/index.php\/wp-json\/wp\/v2\/media\/92022"}],"wp:attachment":[{"href":"https:\/\/cdnoticias.com\/index.php\/wp-json\/wp\/v2\/media?parent=92032"}],"wp:term":[{"taxonomy":"category","embeddable":true,"href":"https:\/\/cdnoticias.com\/index.php\/wp-json\/wp\/v2\/categories?post=92032"},{"taxonomy":"post_tag","embeddable":true,"href":"https:\/\/cdnoticias.com\/index.php\/wp-json\/wp\/v2\/tags?post=92032"}],"curies":[{"name":"wp","href":"https:\/\/api.w.org\/{rel}","templated":true}]}}