{"id":9201,"date":"2020-12-17T09:15:58","date_gmt":"2020-12-17T12:15:58","guid":{"rendered":"http:\/\/www.centraldenoticias.com.ar\/?p=9201"},"modified":"2020-12-17T09:15:58","modified_gmt":"2020-12-17T12:15:58","slug":"sigue-la-recorrida-dirigentes-radicales-estuvieron-en-hinojo","status":"publish","type":"post","link":"https:\/\/cdnoticias.com\/index.php\/2020\/12\/17\/sigue-la-recorrida-dirigentes-radicales-estuvieron-en-hinojo\/","title":{"rendered":"Sigue la recorrida: dirigentes radicales estuvieron en Hinojo"},"content":{"rendered":"<p>Con \u00e9nfasis en el \u201cconocimiento de la propuesta\u201d del presupuesto propio en las localidades, dirigentes de la UCR Olavarr\u00eda dialogaron con vecinos y funcionarios.<!--more--><\/p>\n<hr \/>\n<p>En la jornada del pasado martes, dirigentes de la UCR Olavarr\u00eda y candidatos del espacio Evoluci\u00f3n Radical recorrieron Hinojo en el marco de una visita por las localidades para <strong>fomentar el proyecto que brinda un presupuesto propio a las delegaciones del Partido.<\/strong><\/p>\n<p>&nbsp;<\/p>\n<blockquote><p>Los dirigentes estuvieron encabezados por Franco Cominotto, y tuvo adem\u00e1s de una variada charla con vecinos, una reuni\u00f3n con el delegado Ra\u00fal Kuhn.<\/p><\/blockquote>\n<p>&nbsp;<\/p>\n<p>El objetivo es que <em>\u201ctodos los habitantes del partido de Olavarr\u00eda tomen conocimiento de la propuesta y de la importancia de que cada localidad pueda contar con presupuesto propio para dar respuesta a las necesidades diarias que presenta la comunidad\u201d.<\/em><\/p>\n<p>&nbsp;<\/p>\n<p><img data-recalc-dims=\"1\" loading=\"lazy\" decoding=\"async\" class=\"alignnone size-full wp-image-9202\" src=\"https:\/\/i0.wp.com\/cdnoticias.com\/wp-content\/uploads\/2020\/12\/IMG_20201217_004308.jpg?resize=800%2C833&#038;ssl=1\" alt=\"\" width=\"800\" height=\"833\" srcset=\"https:\/\/i0.wp.com\/cdnoticias.com\/wp-content\/uploads\/2020\/12\/IMG_20201217_004308.jpg?w=956&amp;ssl=1 956w, https:\/\/i0.wp.com\/cdnoticias.com\/wp-content\/uploads\/2020\/12\/IMG_20201217_004308.jpg?resize=288%2C300&amp;ssl=1 288w, https:\/\/i0.wp.com\/cdnoticias.com\/wp-content\/uploads\/2020\/12\/IMG_20201217_004308.jpg?resize=768%2C799&amp;ssl=1 768w\" sizes=\"auto, (max-width: 800px) 100vw, 800px\" \/><\/p>\n<p>&nbsp;<\/p>\n<p>El martes estuvieron en Villa Alfredo Fortabat y <strong>continuar\u00e1 este jueves en Sierra Chica.<\/strong><\/p>\n<p>&nbsp;<\/p>\n<p>La visita <em>\u201cha tenido una muy buena recepci\u00f3n por parte de los vecinos quienes manifiestan la sensaci\u00f3n de postergaci\u00f3n que se siente en las localidades en relaci\u00f3n a la ciudad cabecera\u201d<\/em> se\u00f1alaron. En la actividad tambi\u00e9n estuvo presente el Presidente de la UCR local Francisco Gonz\u00e1lez junto a militantes del partido y de la Juventud Radical.<\/p>\n","protected":false},"excerpt":{"rendered":"<p>Con \u00e9nfasis en el \u201cconocimiento de la propuesta\u201d del presupuesto propio en las localidades, dirigentes de la UCR Olavarr\u00eda dialogaron<\/p>\n","protected":false},"author":2,"featured_media":9204,"comment_status":"closed","ping_status":"closed","sticky":false,"template":"","format":"standard","meta":{"_jetpack_memberships_contains_paid_content":false,"footnotes":""},"categories":[4,1],"tags":[],"class_list":["post-9201","post","type-post","status-publish","format-standard","has-post-thumbnail","hentry","category-politica","category-portada"],"jetpack_featured_media_url":"https:\/\/i0.wp.com\/cdnoticias.com\/wp-content\/uploads\/2020\/12\/IMG_20201217_004040.jpg?fit=1120%2C886&ssl=1","jetpack_sharing_enabled":true,"_links":{"self":[{"href":"https:\/\/cdnoticias.com\/index.php\/wp-json\/wp\/v2\/posts\/9201","targetHints":{"allow":["GET"]}}],"collection":[{"href":"https:\/\/cdnoticias.com\/index.php\/wp-json\/wp\/v2\/posts"}],"about":[{"href":"https:\/\/cdnoticias.com\/index.php\/wp-json\/wp\/v2\/types\/post"}],"author":[{"embeddable":true,"href":"https:\/\/cdnoticias.com\/index.php\/wp-json\/wp\/v2\/users\/2"}],"replies":[{"embeddable":true,"href":"https:\/\/cdnoticias.com\/index.php\/wp-json\/wp\/v2\/comments?post=9201"}],"version-history":[{"count":0,"href":"https:\/\/cdnoticias.com\/index.php\/wp-json\/wp\/v2\/posts\/9201\/revisions"}],"wp:featuredmedia":[{"embeddable":true,"href":"https:\/\/cdnoticias.com\/index.php\/wp-json\/wp\/v2\/media\/9204"}],"wp:attachment":[{"href":"https:\/\/cdnoticias.com\/index.php\/wp-json\/wp\/v2\/media?parent=9201"}],"wp:term":[{"taxonomy":"category","embeddable":true,"href":"https:\/\/cdnoticias.com\/index.php\/wp-json\/wp\/v2\/categories?post=9201"},{"taxonomy":"post_tag","embeddable":true,"href":"https:\/\/cdnoticias.com\/index.php\/wp-json\/wp\/v2\/tags?post=9201"}],"curies":[{"name":"wp","href":"https:\/\/api.w.org\/{rel}","templated":true}]}}