{"id":91996,"date":"2023-08-03T17:31:39","date_gmt":"2023-08-03T20:31:39","guid":{"rendered":"https:\/\/www.centraldenoticias.com.ar\/?p=91996"},"modified":"2023-08-03T17:31:39","modified_gmt":"2023-08-03T20:31:39","slug":"parra-prometio-construir-un-hogar-de-residencia-para-adultos-mayores","status":"publish","type":"post","link":"https:\/\/cdnoticias.com\/index.php\/2023\/08\/03\/parra-prometio-construir-un-hogar-de-residencia-para-adultos-mayores\/","title":{"rendered":"Parra prometi\u00f3 construir \u201cun hogar de residencia para adultos mayores\u201d"},"content":{"rendered":"<p>El precandidato Hern\u00e1n Parra se manifest\u00f3 sobre la necesidad de abordar y mejorar la calidad de vida de los adultos mayores. La doctora Adriana Capuano plante\u00f3 \u201cun \u00e1rea de geronto geriatr\u00eda en el hospital\u201d.<\/p>\n<p><!--more--><\/p>\n<hr \/>\n<p>El<strong> precandidato Hern\u00e1n Parra<\/strong> se manifest\u00f3 sobre la <strong>necesidad de abordar y mejorar la calidad de vida de los adultos mayores<\/strong>. En el \u00e1mbito de las propuestas para su gesti\u00f3n en salud, Parra asegur\u00f3 que<strong> \u201cser\u00e1 una clara prioridad la salud de las personas mayores&#8221;<\/strong> y anunci\u00f3 que <strong>&#8220;lo m\u00e1s relevante es que construiremos una Residencia Municipal y Centro de d\u00eda destinado a personas mayores, con 50 camas\u201d.<\/strong><\/p>\n<p>&nbsp;<\/p>\n<p>Al mismo tiempo, <strong>\u201chabr\u00e1 un \u00e1rea de geronto geriatr\u00eda en el hospital<\/strong> porque creemos que las personas mayores requieren un abordaje integral espec\u00edfico\u201d, apunt\u00f3 la <strong>Dra. Adriana Capuano, integrante del equipo de trabajo del precandidato a Intendente y actual directora de Pol\u00edticas de Adultos Mayores del Ministerio de Salud de la Naci\u00f3n.<\/strong><\/p>\n<p>&nbsp;<\/p>\n<p>\u201cEl envejecimiento poblacional es un fen\u00f3meno mundial que debemos reconocer como una enorme oportunidad.<strong> Vamos a adaptar los servicios de salud para que las personas mayores sean atendidas en forma respetuosa y adecuadamente<\/strong>, para que cada a\u00f1o de vida vivido sea de calidad, promoviendo su auto-validez y autonom\u00eda\u201d, manifest\u00f3 la m\u00e9dica, ex titular de Pami local.<\/p>\n<p>&nbsp;<\/p>\n<p>En este sentido, <strong>reconoci\u00f3 las problem\u00e1ticas de varias residencias de adultos mayores en la ciudad de Olavarr\u00eda<\/strong>, donde el 18% de la poblaci\u00f3n tiene m\u00e1s de 60 a\u00f1os. &#8220;O sea que cerca de 22 mil personas olavarrienses requerir\u00edan de una atenci\u00f3n especial, aunque no efectivamente la utilicen. <strong>Necesitamos vivir una ciudad para todas las edades,<\/strong> con servicios pensados tambi\u00e9n para los adultos mayores\u201d, agreg\u00f3 la Dra. Capuano.<\/p>\n<p>&nbsp;<\/p>\n<blockquote><p>El precandidato a intendente Hern\u00e1n Parra puntualiz\u00f3 que \u201ccomo municipio promotor, vamos a acompa\u00f1ar a due\u00f1os o administradores de las residencias no habilitadas para que regularicen su situaci\u00f3n\u201d, ya que seg\u00fan datos obtenido durante la pandemia existen unos 55 lugares que no est\u00e1n habilitados.<\/p><\/blockquote>\n<p>&nbsp;<\/p>\n<p>Adem\u00e1s, en Olavarr\u00eda hoy hay que<strong> responder a situaciones cr\u00edticas<\/strong> como <strong>\u201cla falta de atenci\u00f3n de las personas mayores de PAMI en las cl\u00ednicas y sanatorios privados<\/strong> que generan una sobrecarga y ocupaci\u00f3n de camas de hospital p\u00fablico: la idea es gestionar y coordinar esfuerzos para que sean atendidos como corresponde\u201d, concluy\u00f3 Parra.<\/p>\n<p>&nbsp;<\/p>\n","protected":false},"excerpt":{"rendered":"<p>El precandidato Hern\u00e1n Parra se manifest\u00f3 sobre la necesidad de abordar y mejorar la calidad de vida de los adultos<\/p>\n","protected":false},"author":4,"featured_media":91480,"comment_status":"closed","ping_status":"closed","sticky":false,"template":"","format":"standard","meta":{"_jetpack_memberships_contains_paid_content":false,"footnotes":""},"categories":[4,1],"tags":[],"class_list":["post-91996","post","type-post","status-publish","format-standard","has-post-thumbnail","hentry","category-politica","category-portada"],"jetpack_featured_media_url":"https:\/\/i0.wp.com\/cdnoticias.com\/wp-content\/uploads\/2023\/07\/presentacion-propuestas-parra1.jpg?fit=1072%2C596&ssl=1","jetpack_sharing_enabled":true,"_links":{"self":[{"href":"https:\/\/cdnoticias.com\/index.php\/wp-json\/wp\/v2\/posts\/91996","targetHints":{"allow":["GET"]}}],"collection":[{"href":"https:\/\/cdnoticias.com\/index.php\/wp-json\/wp\/v2\/posts"}],"about":[{"href":"https:\/\/cdnoticias.com\/index.php\/wp-json\/wp\/v2\/types\/post"}],"author":[{"embeddable":true,"href":"https:\/\/cdnoticias.com\/index.php\/wp-json\/wp\/v2\/users\/4"}],"replies":[{"embeddable":true,"href":"https:\/\/cdnoticias.com\/index.php\/wp-json\/wp\/v2\/comments?post=91996"}],"version-history":[{"count":0,"href":"https:\/\/cdnoticias.com\/index.php\/wp-json\/wp\/v2\/posts\/91996\/revisions"}],"wp:featuredmedia":[{"embeddable":true,"href":"https:\/\/cdnoticias.com\/index.php\/wp-json\/wp\/v2\/media\/91480"}],"wp:attachment":[{"href":"https:\/\/cdnoticias.com\/index.php\/wp-json\/wp\/v2\/media?parent=91996"}],"wp:term":[{"taxonomy":"category","embeddable":true,"href":"https:\/\/cdnoticias.com\/index.php\/wp-json\/wp\/v2\/categories?post=91996"},{"taxonomy":"post_tag","embeddable":true,"href":"https:\/\/cdnoticias.com\/index.php\/wp-json\/wp\/v2\/tags?post=91996"}],"curies":[{"name":"wp","href":"https:\/\/api.w.org\/{rel}","templated":true}]}}