{"id":91968,"date":"2023-08-02T21:47:03","date_gmt":"2023-08-03T00:47:03","guid":{"rendered":"https:\/\/www.centraldenoticias.com.ar\/?p=91968"},"modified":"2023-08-03T09:02:22","modified_gmt":"2023-08-03T12:02:22","slug":"el-campus-de-unicen-en-olavarria-tendra-un-playon-deportivo-techado","status":"publish","type":"post","link":"https:\/\/cdnoticias.com\/index.php\/2023\/08\/02\/el-campus-de-unicen-en-olavarria-tendra-un-playon-deportivo-techado\/","title":{"rendered":"El campus de Unicen en Olavarr\u00eda tendr\u00e1 un play\u00f3n deportivo techado"},"content":{"rendered":"<p>Lo anunci\u00f3 el rector Marcelo Aba junto al Secretario de Pol\u00edticas Universitarias de la Naci\u00f3n, Oscar Alpa. La financiaci\u00f3n rondar\u00e1 100 millones de pesos.<\/p>\n<p><!--more--><\/p>\n<hr \/>\n<p>Este martes <strong>estuvo en Olavarr\u00eda el rector de la Universidad Nacional del Centro (Unicen), Marcelo Aba<\/strong>, quien <a href=\"https:\/\/cdnoticias.com\/index.php\/2023\/08\/02\/el-secretario-de-politicas-universitarias-de-la-nacion-estuvo-en-olavarria\/\" target=\"_blank\" rel=\"noopener\">particip\u00f3 de la recorrida por la obra de ampliaci\u00f3n de la Facultad de Ciencias de Salud<\/a> junto al <strong>Secretario de Pol\u00edticas Universitarias de la Naci\u00f3n, Oscar Alpa<\/strong>.<\/p>\n<p>&nbsp;<\/p>\n<p>En ese marco, el funcionario de la cartera de Educaci\u00f3n nacional adelant\u00f3 que<strong> \u201chay licitaciones para esta universidad que est\u00e1n tambi\u00e9n por salir\u201d<\/strong>.<\/p>\n<p>&nbsp;<\/p>\n<p>Sobre ese tema <strong>Aba expuso diversas obras planificadas<\/strong> para distintas sedes de la Unicen, y entre ellas adelant\u00f3 que<strong> el campus de Olavarr\u00eda tendr\u00e1 un play\u00f3n deportivo techado<\/strong>.<\/p>\n<p>&nbsp;<\/p>\n<p>Enmarc\u00f3 la decisi\u00f3n en <strong>una obra que est\u00e1 a poco de iniciarse en Azul para hacer a nuevo el techo del Club Fanazul que pertenece a la Unicen<\/strong>. <em>\u201cRecibimos un acompa\u00f1amiento para cambiar la cubierta completa del gimnasio Fanazul, es un apoyo extraordinario del Ministerio (de Educaci\u00f3n), vehiculizado a trav\u00e9s de la Secretar\u00eda (de Pol\u00edticas Universitarias). De hecho ya est\u00e1 hecha la licitaci\u00f3n y en estos d\u00edas tiene que estar empezando la obra\u201d<\/em> dijo Aba. La inversi\u00f3n es de alrededor 40 millones de pesos.<\/p>\n<p>&nbsp;<\/p>\n<p><img data-recalc-dims=\"1\" loading=\"lazy\" decoding=\"async\" class=\"size-full wp-image-91965 aligncenter\" src=\"https:\/\/i0.wp.com\/cdnoticias.com\/wp-content\/uploads\/2023\/08\/facultad-de-salud-unicen-obra-15-marcelo-aba-oscar-arpa-hector-trebuq-1.jpg?resize=800%2C445&#038;ssl=1\" alt=\"\" width=\"800\" height=\"445\" srcset=\"https:\/\/i0.wp.com\/cdnoticias.com\/wp-content\/uploads\/2023\/08\/facultad-de-salud-unicen-obra-15-marcelo-aba-oscar-arpa-hector-trebuq-1.jpg?w=800&amp;ssl=1 800w, https:\/\/i0.wp.com\/cdnoticias.com\/wp-content\/uploads\/2023\/08\/facultad-de-salud-unicen-obra-15-marcelo-aba-oscar-arpa-hector-trebuq-1.jpg?resize=300%2C167&amp;ssl=1 300w, https:\/\/i0.wp.com\/cdnoticias.com\/wp-content\/uploads\/2023\/08\/facultad-de-salud-unicen-obra-15-marcelo-aba-oscar-arpa-hector-trebuq-1.jpg?resize=768%2C427&amp;ssl=1 768w\" sizes=\"auto, (max-width: 800px) 100vw, 800px\" \/><\/p>\n<p>&nbsp;<\/p>\n<blockquote><p>Y agreg\u00f3 que \u201csurgi\u00f3 que Olavarr\u00eda no tiene un espacio cerrado de esas caracter\u00edsticas para practicar un deporte\u201d, como s\u00ed lo tienen las sedes de Azul y Tandil. \u201cOlavarr\u00eda tiene en el campus un play\u00f3n que no tiene techo. A trav\u00e9s de la Secretar\u00eda y en di\u00e1logo con el ministro (Jaime Perczyk) obtuvimos dos apoyos y hoy me lo dijeron, ya est\u00e1n los tr\u00e1mites para llamar a licitaci\u00f3n para el techo del play\u00f3n\u201d.<\/p><\/blockquote>\n<p><u>\u00a0<\/u><\/p>\n<p>M\u00e1s adelante explic\u00f3 que<strong> \u201cel techo implica todas las columnas, por eso es una obra cara. Hemos recibido pr\u00e1cticamente lo necesario para afrontar esa licitaci\u00f3n. As\u00ed que la vamos a encarar en los pr\u00f3ximos d\u00edas\u201d<\/strong>. Aba inform\u00f3 que se estima<strong> entre 90 y 100 millones de pesos<\/strong> la inversi\u00f3n en estos trabajos.<\/p>\n<p>&nbsp;<\/p>\n<p>Adem\u00e1s, cont\u00f3 que<strong> \u201choy seguimos hablando con el ministro sobre alguna posibilidad de que podamos avanzar en el cerramiento de ese play\u00f3n<\/strong>. Pero eso ya como tom\u00e9moslo como proyecto futuro\u201d.<\/p>\n<p>&nbsp;<\/p>\n<p><img data-recalc-dims=\"1\" loading=\"lazy\" decoding=\"async\" class=\"size-full wp-image-91943 aligncenter\" src=\"https:\/\/i0.wp.com\/cdnoticias.com\/wp-content\/uploads\/2023\/08\/facultad-de-salud-unicen-obra-12.jpg?resize=800%2C445&#038;ssl=1\" alt=\"\" width=\"800\" height=\"445\" srcset=\"https:\/\/i0.wp.com\/cdnoticias.com\/wp-content\/uploads\/2023\/08\/facultad-de-salud-unicen-obra-12.jpg?w=800&amp;ssl=1 800w, https:\/\/i0.wp.com\/cdnoticias.com\/wp-content\/uploads\/2023\/08\/facultad-de-salud-unicen-obra-12.jpg?resize=300%2C167&amp;ssl=1 300w, https:\/\/i0.wp.com\/cdnoticias.com\/wp-content\/uploads\/2023\/08\/facultad-de-salud-unicen-obra-12.jpg?resize=768%2C427&amp;ssl=1 768w\" sizes=\"auto, (max-width: 800px) 100vw, 800px\" \/><\/p>\n<p>&nbsp;<\/p>\n<blockquote><p>Por otro lado, el rector destac\u00f3 que en el marco del Plan de Obra de Infraestructura Universitaria, en el que se encuentra la ampliaci\u00f3n de la Facultad de Salud, se proyectan \u201cobras de ampliaci\u00f3n en la Facultad de Ciencias Sociales y de Ingenier\u00eda. En Azul tambi\u00e9n en Agronom\u00eda y en Derecho. Son todas aulas\u201d.<\/p><\/blockquote>\n<p>&nbsp;<\/p>\n<p>\u201cSe tom\u00f3 la decisi\u00f3n de que se ampliar\u00e1 la capacidad \u00e1ulica y<strong> en el caso de las obras de Olavarr\u00eda est\u00e1n ya listas para salir\u201d<\/strong> reforz\u00f3 Marcelo Aba quien coment\u00f3 que se plante\u00f3 el tema con las autoridades del Ministerio de Educaci\u00f3n este martes en Tandil y<strong> \u201csolamente resta el poder abrir la licitaci\u00f3n\u201d.<\/strong><\/p>\n<p>&nbsp;<\/p>\n","protected":false},"excerpt":{"rendered":"<p>Lo anunci\u00f3 el rector Marcelo Aba junto al Secretario de Pol\u00edticas Universitarias de la Naci\u00f3n, Oscar Alpa. La financiaci\u00f3n rondar\u00e1<\/p>\n","protected":false},"author":4,"featured_media":91947,"comment_status":"closed","ping_status":"closed","sticky":false,"template":"","format":"standard","meta":{"_jetpack_memberships_contains_paid_content":false,"footnotes":""},"categories":[5,1],"tags":[],"class_list":["post-91968","post","type-post","status-publish","format-standard","has-post-thumbnail","hentry","category-informacion-general","category-portada"],"jetpack_featured_media_url":"https:\/\/i0.wp.com\/cdnoticias.com\/wp-content\/uploads\/2023\/08\/facultad-de-salud-unicen-obra-16-marcelo-aba.jpg?fit=800%2C445&ssl=1","jetpack_sharing_enabled":true,"_links":{"self":[{"href":"https:\/\/cdnoticias.com\/index.php\/wp-json\/wp\/v2\/posts\/91968","targetHints":{"allow":["GET"]}}],"collection":[{"href":"https:\/\/cdnoticias.com\/index.php\/wp-json\/wp\/v2\/posts"}],"about":[{"href":"https:\/\/cdnoticias.com\/index.php\/wp-json\/wp\/v2\/types\/post"}],"author":[{"embeddable":true,"href":"https:\/\/cdnoticias.com\/index.php\/wp-json\/wp\/v2\/users\/4"}],"replies":[{"embeddable":true,"href":"https:\/\/cdnoticias.com\/index.php\/wp-json\/wp\/v2\/comments?post=91968"}],"version-history":[{"count":0,"href":"https:\/\/cdnoticias.com\/index.php\/wp-json\/wp\/v2\/posts\/91968\/revisions"}],"wp:featuredmedia":[{"embeddable":true,"href":"https:\/\/cdnoticias.com\/index.php\/wp-json\/wp\/v2\/media\/91947"}],"wp:attachment":[{"href":"https:\/\/cdnoticias.com\/index.php\/wp-json\/wp\/v2\/media?parent=91968"}],"wp:term":[{"taxonomy":"category","embeddable":true,"href":"https:\/\/cdnoticias.com\/index.php\/wp-json\/wp\/v2\/categories?post=91968"},{"taxonomy":"post_tag","embeddable":true,"href":"https:\/\/cdnoticias.com\/index.php\/wp-json\/wp\/v2\/tags?post=91968"}],"curies":[{"name":"wp","href":"https:\/\/api.w.org\/{rel}","templated":true}]}}