{"id":9196,"date":"2020-12-17T08:33:37","date_gmt":"2020-12-17T11:33:37","guid":{"rendered":"http:\/\/www.centraldenoticias.com.ar\/?p=9196"},"modified":"2020-12-17T08:33:37","modified_gmt":"2020-12-17T11:33:37","slug":"emilio-alfredo-couchez-tito-q-e-p-d","status":"publish","type":"post","link":"https:\/\/cdnoticias.com\/index.php\/2020\/12\/17\/emilio-alfredo-couchez-tito-q-e-p-d\/","title":{"rendered":"Emilio Alfredo Couchez &#8220;Tito\u201d (Q.E.P.D.)"},"content":{"rendered":"<p>Falleci\u00f3 en Olavarr\u00eda el 16 de diciembre a los 74 a\u00f1os de edad. Su esposa \u00c1ngela P\u00e9rez; sus hijos Mauricio, \u00c1ngel, Lorena y Patricia Couchez; sus hijos pol\u00edticos Horacio Champanne, Rene Sambrano y Rosa Chuychuy; sus nietos Caterin Couchez y B\u00e1rbara Champanne, Alex Sambrano y Nicol\u00e1s Champanne; su bisnieto Lian Portillo; sus hermanas Elida y Marta; sus hermanos pol\u00edticos Elina Avila y Alberto Gallastegui; sus sobrinos; sus sobrinos pol\u00edticos y dem\u00e1s deudos participan su fallecimiento.<\/p>\n<p>&nbsp;<\/p>\n<p>Sus restos no ser\u00e1n velados y ser\u00e1n inhumados en el Cementerio Loma de Paz este jueves a las 9.30 horas. Nacido en Olavarr\u00eda, vecino de Sierra Chica, jubilado del Servicio Penitenciario.<\/p>\n","protected":false},"excerpt":{"rendered":"<p>Falleci\u00f3 en Olavarr\u00eda el 16 de diciembre a los 74 a\u00f1os de edad. Su esposa \u00c1ngela P\u00e9rez; sus hijos Mauricio,<\/p>\n","protected":false},"author":2,"featured_media":0,"comment_status":"closed","ping_status":"closed","sticky":false,"template":"","format":"standard","meta":{"_jetpack_memberships_contains_paid_content":false,"footnotes":""},"categories":[10],"tags":[],"class_list":["post-9196","post","type-post","status-publish","format-standard","hentry","category-necrologicas"],"jetpack_featured_media_url":"","jetpack_sharing_enabled":true,"_links":{"self":[{"href":"https:\/\/cdnoticias.com\/index.php\/wp-json\/wp\/v2\/posts\/9196","targetHints":{"allow":["GET"]}}],"collection":[{"href":"https:\/\/cdnoticias.com\/index.php\/wp-json\/wp\/v2\/posts"}],"about":[{"href":"https:\/\/cdnoticias.com\/index.php\/wp-json\/wp\/v2\/types\/post"}],"author":[{"embeddable":true,"href":"https:\/\/cdnoticias.com\/index.php\/wp-json\/wp\/v2\/users\/2"}],"replies":[{"embeddable":true,"href":"https:\/\/cdnoticias.com\/index.php\/wp-json\/wp\/v2\/comments?post=9196"}],"version-history":[{"count":0,"href":"https:\/\/cdnoticias.com\/index.php\/wp-json\/wp\/v2\/posts\/9196\/revisions"}],"wp:attachment":[{"href":"https:\/\/cdnoticias.com\/index.php\/wp-json\/wp\/v2\/media?parent=9196"}],"wp:term":[{"taxonomy":"category","embeddable":true,"href":"https:\/\/cdnoticias.com\/index.php\/wp-json\/wp\/v2\/categories?post=9196"},{"taxonomy":"post_tag","embeddable":true,"href":"https:\/\/cdnoticias.com\/index.php\/wp-json\/wp\/v2\/tags?post=9196"}],"curies":[{"name":"wp","href":"https:\/\/api.w.org\/{rel}","templated":true}]}}