{"id":91956,"date":"2023-08-02T21:08:29","date_gmt":"2023-08-03T00:08:29","guid":{"rendered":"https:\/\/www.centraldenoticias.com.ar\/?p=91956"},"modified":"2023-08-02T21:49:51","modified_gmt":"2023-08-03T00:49:51","slug":"endere-venimos-haciendo-un-camino-que-nos-da-confianza-de-cara-a-las-internas","status":"publish","type":"post","link":"https:\/\/cdnoticias.com\/index.php\/2023\/08\/02\/endere-venimos-haciendo-un-camino-que-nos-da-confianza-de-cara-a-las-internas\/","title":{"rendered":"Endere: \u201cVenimos haciendo un camino que nos da confianza de cara a las internas\u201d"},"content":{"rendered":"<p>El concejal y precandidato a diputado provincial dialog\u00f3 con Central de Noticias sobre el recorrido por los ocho distritos de la S\u00e9ptima, las problem\u00e1ticas comunes y tambi\u00e9n las particulares: seguridad vial, educaci\u00f3n, apoyo a emprendedores. El di\u00e1logo y la caminata con los candidatos.<!--more--><\/p>\n<hr \/>\n<p>A pocos d\u00edas del 13 de agosto, fecha en que <strong>Mart\u00edn Endere buscar\u00e1 superar la interna de la S\u00e9ptima Secci\u00f3n electoral<\/strong> ante Alejandra Lord\u00e9n, <strong>el concejal y precandidato a diputado provincial dialog\u00f3 con Central de Noticias<\/strong> acerca de la campa\u00f1a en los distritos donde el armado encabezado por Horacio Rodr\u00edguez Larreta, Diego Santilli y Ezequiel Galli lleva 10 precandidatos a Intendente.<\/p>\n<p>&nbsp;<\/p>\n<p>En primera instancia, <strong>Endere se\u00f1al\u00f3 su \u201corgullo\u201d del lugar que ocupa la lista<\/strong> <em>\u201cy por sobre todas las cosas de la confianza que significa que te den este lugar. Lo tomo con mucha responsabilidad y tambi\u00e9n respaldado por un equipo de gente con el que venimos caminando ya hace mucho tiempo\u201d.<\/em><\/p>\n<p>&nbsp;<\/p>\n<p>Es que si bien se enter\u00f3 al filo del cierre de listas en junio, <em>\u201csomos un gran equipo de trabajo y venimos recorriendo la S\u00e9ptima. Y eso hizo que sea m\u00e1s sencillo a la hora de recorrer, de ya conocer a los candidatos de las distintas localidades, as\u00ed que sorprendido por una parte, orgulloso, agradecido con Ezequiel (Galli) por darme esta responsabilidad y sinti\u00e9ndome parte de equipo de trabajo\u201d.<\/em><\/p>\n<p>&nbsp;<\/p>\n<h2>Las demandas<\/h2>\n<p>&nbsp;<\/p>\n<p><img data-recalc-dims=\"1\" loading=\"lazy\" decoding=\"async\" class=\"alignnone size-large wp-image-91959\" src=\"https:\/\/i0.wp.com\/cdnoticias.com\/wp-content\/uploads\/2023\/08\/endere2.jpg?resize=800%2C445&#038;ssl=1\" alt=\"\" width=\"800\" height=\"445\" srcset=\"https:\/\/i0.wp.com\/cdnoticias.com\/wp-content\/uploads\/2023\/08\/endere2.jpg?resize=1024%2C569&amp;ssl=1 1024w, https:\/\/i0.wp.com\/cdnoticias.com\/wp-content\/uploads\/2023\/08\/endere2.jpg?resize=300%2C167&amp;ssl=1 300w, https:\/\/i0.wp.com\/cdnoticias.com\/wp-content\/uploads\/2023\/08\/endere2.jpg?resize=768%2C427&amp;ssl=1 768w, https:\/\/i0.wp.com\/cdnoticias.com\/wp-content\/uploads\/2023\/08\/endere2.jpg?resize=800%2C445&amp;ssl=1 800w, https:\/\/i0.wp.com\/cdnoticias.com\/wp-content\/uploads\/2023\/08\/endere2.jpg?w=1072&amp;ssl=1 1072w\" sizes=\"auto, (max-width: 800px) 100vw, 800px\" \/><\/p>\n<p>&nbsp;<\/p>\n<p>Durante varios meses el precandidato recorri\u00f3 la S\u00e9ptima, primero como concejal y referente del Instituto Rep\u00fablica, y luego como postulante a diputado. Como situaci\u00f3n com\u00fan de los distritos destac\u00f3 que <em><strong>\u201cla infraestructura vial est\u00e1 muy deteriorada, que hay obras que han quedado a mitad de camino y por sobre todas las cosas -dado que uno ha pertenecido y pertenece a una gesti\u00f3n- a veces lo que se requiere son obras de mantenimiento, no es que uno est\u00e1 solicitando que se haga una autopista\u201d.<\/strong><\/em><\/p>\n<p>&nbsp;<\/p>\n<p>Como ejemplo, puso <em>\u201cel enlace N\u00e9stor Kirchner, que quien lo transita se da cuenta que no tiene ning\u00fan tipo de demarcaci\u00f3n.<strong> Es una zona donde habitualmente hay niebla, la infraestructura vial est\u00e1 ca\u00edda, lo mismo vemos en la ruta 51, la ruta m\u00e1s larga que tiene la Provincia, tiene tramos muy extensos sin demarcar<\/strong>, y eso afecta al trabajador, afecta al camionero, afecta al viajante, afecta a las personas que transitamos las rutas, algunos todos los d\u00edas, otros de vez en cuando, pero realmente es un peligro cierto y se ve un estado de abandono por parte de la provincia, eso es notorio\u201d.<\/em><\/p>\n<p>&nbsp;<\/p>\n<p>Luego aparecen las \u201cparticularidades\u201d de cada ciudad: <em>\u201cvimos que la falta de acompa\u00f1amiento a los sectores emprendedores es un com\u00fan denominador, aunque nos la han mencionado en Tapalqu\u00e9. Nos encontramos con vecinos que quieren realizar una inversi\u00f3n, que tienen quiz\u00e1s una metal\u00fargica chiquita y quieren expandirse, hasta tienen en caso comprado el galp\u00f3n para montarlo en Tapalqu\u00e9 y el Municipio no le da una respuesta para avanzar en ese sentido. Eso lo hemos visto y mucho\u201d.<\/em><\/p>\n<p>&nbsp;<\/p>\n<p>Tambi\u00e9n <strong>mencion\u00f3 una delicada situaci\u00f3n educativa en Saladillo<\/strong>, donde <em>\u201cuna escuela t\u00e9cnica con 900 alumnos fue vandalizada y los directivos del colegio nos contaban la falta de herramientas que ten\u00edan para poder encausar el tema, dado que dentro de quienes vandalizaron hab\u00eda dos alumnos, y nos contaban la falta de herramientas que ten\u00edan a la hora de encausar esa situaci\u00f3n.<strong> Si bien siempre va a estar a favor de la continuidad pedag\u00f3gica, de la inclusi\u00f3n escolar, tampoco podemos permitir situaciones que ponga en jaque la educaci\u00f3n de 900 alumnos porque el colegio permaneci\u00f3 cerrado mucho tiempo<\/strong>\u201d.<\/em><\/p>\n<p>&nbsp;<\/p>\n<p><img data-recalc-dims=\"1\" loading=\"lazy\" decoding=\"async\" class=\"alignnone size-large wp-image-91958\" src=\"https:\/\/i0.wp.com\/cdnoticias.com\/wp-content\/uploads\/2023\/08\/endere1.jpg?resize=800%2C445&#038;ssl=1\" alt=\"\" width=\"800\" height=\"445\" srcset=\"https:\/\/i0.wp.com\/cdnoticias.com\/wp-content\/uploads\/2023\/08\/endere1.jpg?resize=1024%2C570&amp;ssl=1 1024w, https:\/\/i0.wp.com\/cdnoticias.com\/wp-content\/uploads\/2023\/08\/endere1.jpg?resize=300%2C167&amp;ssl=1 300w, https:\/\/i0.wp.com\/cdnoticias.com\/wp-content\/uploads\/2023\/08\/endere1.jpg?resize=768%2C428&amp;ssl=1 768w, https:\/\/i0.wp.com\/cdnoticias.com\/wp-content\/uploads\/2023\/08\/endere1.jpg?resize=800%2C445&amp;ssl=1 800w, https:\/\/i0.wp.com\/cdnoticias.com\/wp-content\/uploads\/2023\/08\/endere1.jpg?w=1072&amp;ssl=1 1072w\" sizes=\"auto, (max-width: 800px) 100vw, 800px\" \/><\/p>\n<p>&nbsp;<\/p>\n<p>En este sentido, valor\u00f3 mucho a los precandidatos de cada distrito con los que comparte lista: <em>\u201cesa persona que es del lugar conoce la problem\u00e1tica y te ayuda a conocer. <strong>Hay que ser muy respetuoso cuando uno va a una localidad que no conoce: no creo que uno deba opinar por el diario.<\/strong> Si caminar, caminarlo con el candidato, hablar con los emprendedores, con los ciudadanos, con los comerciantes. En Bol\u00edvar tenemos la particularidad de que hay tres candidatos que van en la lista y cada vez que voy a Bol\u00edvar los voy a visitar a los tres, en Saladillo, en Bol\u00edvar, en Azul, en 25 de Mayo. La verdad que es muy grato. A m\u00ed me gusta mucho hacerlo\u201d.<\/em><\/p>\n<p>&nbsp;<\/p>\n<p>En la interna, destac\u00f3 <strong><em>\u201cme veo bien. Lo que uno quiere en lo personal y en cuanto al equipo es no guardarse nada. Sentir que se hizo todo lo que hab\u00eda que hacer, caminar, militar todo lo que ten\u00eda que militar\u201d. <\/em><\/strong>Destac\u00f3 que se trata de<em> \u201cun armado que viene desde hace mucho tiempo, conversando, formando ideas en com\u00fan, intercambiando ideas, el Instituto Rep\u00fablica nos ha servido como herramienta para acercar charlas de gesti\u00f3n, que eso tambi\u00e9n ha potenciado las plataformas de gobierno de los candidatos\u201d.<\/em><\/p>\n<p>&nbsp;<\/p>\n<blockquote><p>\u201cVenimos haciendo un camino que nos da confianza de cara a las internas. Despu\u00e9s el 13 de agosto del soberano decidir\u00e1 y nos pondr\u00e1 en lugar que el ciudadano decida. Es importante decir que el 14 de agosto se dirimi\u00f3 la interna, todos juntos y a caminar de cara al 22 de octubre\u201d.<\/p><\/blockquote>\n<p>&nbsp;<\/p>\n<h2>\u201cAportar un conocimiento existente\u201d<\/h2>\n<p>&nbsp;<\/p>\n<p><img data-recalc-dims=\"1\" loading=\"lazy\" decoding=\"async\" class=\"alignnone size-large wp-image-91957\" src=\"https:\/\/i0.wp.com\/cdnoticias.com\/wp-content\/uploads\/2023\/08\/endere.jpg?resize=800%2C445&#038;ssl=1\" alt=\"\" width=\"800\" height=\"445\" srcset=\"https:\/\/i0.wp.com\/cdnoticias.com\/wp-content\/uploads\/2023\/08\/endere.jpg?resize=1024%2C570&amp;ssl=1 1024w, https:\/\/i0.wp.com\/cdnoticias.com\/wp-content\/uploads\/2023\/08\/endere.jpg?resize=300%2C167&amp;ssl=1 300w, https:\/\/i0.wp.com\/cdnoticias.com\/wp-content\/uploads\/2023\/08\/endere.jpg?resize=768%2C428&amp;ssl=1 768w, https:\/\/i0.wp.com\/cdnoticias.com\/wp-content\/uploads\/2023\/08\/endere.jpg?resize=800%2C445&amp;ssl=1 800w, https:\/\/i0.wp.com\/cdnoticias.com\/wp-content\/uploads\/2023\/08\/endere.jpg?w=1072&amp;ssl=1 1072w\" sizes=\"auto, (max-width: 800px) 100vw, 800px\" \/><\/p>\n<p>&nbsp;<\/p>\n<p>Finalmente, <strong>Endere volvi\u00f3 a poner en valor el Instituto Rep\u00fablica<\/strong> -del que es titular a nivel regional- como formador de dirigentes pol\u00edticos y m\u00e1s en estos tiempos<em>: \u201ces una herramienta que los candidatos de las distintas ciudades la ponen en valor. Y cuando digo la ponen en valor es aportar un conocimiento existente que se puede tomar, lo puede tomar en parte porque podemos llevar una experiencia de gobierno concreta, pero quiz\u00e1s para la ciudad donde va, se pueda aplicar total o parcialmente&#8221;.<\/em><\/p>\n<p>&nbsp;<\/p>\n<p><em>\u201cTiene que ser una herramienta que ayude a los gobernantes locales, a los funcionarios, a quienes tienen aspiraciones para conformarse como l\u00edderes pol\u00edticos, y siempre desde la desde la discusi\u00f3n<strong>. No vamos a impartir un conocimiento, vamos a compartir de un de un profesional y de ese intercambio de ideas despu\u00e9s cada uno saca lo que lo que cree conveniente o lo que le sirve\u201d<\/strong><\/em> cerr\u00f3.<\/p>\n","protected":false},"excerpt":{"rendered":"<p>El concejal y precandidato a diputado provincial dialog\u00f3 con Central de Noticias sobre el recorrido por los ocho distritos de<\/p>\n","protected":false},"author":2,"featured_media":91962,"comment_status":"closed","ping_status":"closed","sticky":false,"template":"","format":"standard","meta":{"_jetpack_memberships_contains_paid_content":false,"footnotes":""},"categories":[4,1],"tags":[],"class_list":["post-91956","post","type-post","status-publish","format-standard","has-post-thumbnail","hentry","category-politica","category-portada"],"jetpack_featured_media_url":"https:\/\/i0.wp.com\/cdnoticias.com\/wp-content\/uploads\/2023\/08\/endere5.jpg?fit=1072%2C597&ssl=1","jetpack_sharing_enabled":true,"_links":{"self":[{"href":"https:\/\/cdnoticias.com\/index.php\/wp-json\/wp\/v2\/posts\/91956","targetHints":{"allow":["GET"]}}],"collection":[{"href":"https:\/\/cdnoticias.com\/index.php\/wp-json\/wp\/v2\/posts"}],"about":[{"href":"https:\/\/cdnoticias.com\/index.php\/wp-json\/wp\/v2\/types\/post"}],"author":[{"embeddable":true,"href":"https:\/\/cdnoticias.com\/index.php\/wp-json\/wp\/v2\/users\/2"}],"replies":[{"embeddable":true,"href":"https:\/\/cdnoticias.com\/index.php\/wp-json\/wp\/v2\/comments?post=91956"}],"version-history":[{"count":0,"href":"https:\/\/cdnoticias.com\/index.php\/wp-json\/wp\/v2\/posts\/91956\/revisions"}],"wp:featuredmedia":[{"embeddable":true,"href":"https:\/\/cdnoticias.com\/index.php\/wp-json\/wp\/v2\/media\/91962"}],"wp:attachment":[{"href":"https:\/\/cdnoticias.com\/index.php\/wp-json\/wp\/v2\/media?parent=91956"}],"wp:term":[{"taxonomy":"category","embeddable":true,"href":"https:\/\/cdnoticias.com\/index.php\/wp-json\/wp\/v2\/categories?post=91956"},{"taxonomy":"post_tag","embeddable":true,"href":"https:\/\/cdnoticias.com\/index.php\/wp-json\/wp\/v2\/tags?post=91956"}],"curies":[{"name":"wp","href":"https:\/\/api.w.org\/{rel}","templated":true}]}}