{"id":91924,"date":"2023-08-03T19:00:57","date_gmt":"2023-08-03T22:00:57","guid":{"rendered":"https:\/\/www.centraldenoticias.com.ar\/?p=91924"},"modified":"2023-08-03T19:00:57","modified_gmt":"2023-08-03T22:00:57","slug":"segunda-edicion-del-ciclo-de-jornadas-de-salud-en-los-servicios-municipales-territoriales","status":"publish","type":"post","link":"https:\/\/cdnoticias.com\/index.php\/2023\/08\/03\/segunda-edicion-del-ciclo-de-jornadas-de-salud-en-los-servicios-municipales-territoriales\/","title":{"rendered":"Segunda edici\u00f3n del Ciclo de jornadas de salud en los Servicios Municipales Territoriales"},"content":{"rendered":"<p>Ser\u00e1 el s\u00e1bado 5 de agosto a partir de las 9 horas. La jornada est\u00e1 destinada a mujeres y LGBT+ con vulva (personas con vulva).<!--more--><\/p>\n<hr \/>\n<p>Este <strong>s\u00e1bado 5 de agosto<\/strong>, se llevar\u00e1 a cabo la segunda actividad del <strong>ciclo de jornadas sanitarias<\/strong> en los diferentes<strong> Servicios Municipales Territoriales<\/strong> (SMT); el cual est\u00e1 a cargo de la Direcci\u00f3n de APS y el Programa Municipal de Salud Sexual y Reproductiva.<\/p>\n<p>&nbsp;<\/p>\n<blockquote><p>En esta ocasi\u00f3n, la propuesta se desarrollar\u00e1 en el SMT N\u00b0 2 (Alberdi y Coronel Su\u00e1rez), en el horario de 09:00 a 12:00 horas.<\/p><\/blockquote>\n<p>&nbsp;<\/p>\n<p>Las jornadas sanitarias se llevan a cabo los <strong>primeros s\u00e1bados de cada mes,<\/strong> y consisten en la realizaci\u00f3n de<strong> controles ginecol\u00f3gicos y colocaci\u00f3n de m\u00e9todos anticonceptivos de larga duraci\u00f3n.<\/strong> Est\u00e1n destinadas a <strong>mujeres y LGBT+<\/strong> con vulva (personas con vulva).<\/p>\n<p>&nbsp;<\/p>\n<p>Mediante esta iniciativa se ofrece:<\/p>\n<ul>\n<li>Consejer\u00eda en Salud sexual y reproductiva.<\/li>\n<li>Consultorio de enfermer\u00eda: controles y vacunaci\u00f3n<\/li>\n<li>Consultorio m\u00e9dico (controles)<\/li>\n<li>Realizaci\u00f3n de PAP<\/li>\n<li>Colposcopias (en casos que se requiera).<\/li>\n<li>Colocaci\u00f3n de MAC<\/li>\n<li>Ecograf\u00edas (consultorio inclusivo).<\/li>\n<\/ul>\n<p>&nbsp;<\/p>\n","protected":false},"excerpt":{"rendered":"<p>Ser\u00e1 el s\u00e1bado 5 de agosto a partir de las 9 horas. La jornada est\u00e1 destinada a mujeres y LGBT+<\/p>\n","protected":false},"author":6,"featured_media":91953,"comment_status":"closed","ping_status":"closed","sticky":false,"template":"","format":"standard","meta":{"_jetpack_memberships_contains_paid_content":false,"footnotes":""},"categories":[5,1],"tags":[],"class_list":["post-91924","post","type-post","status-publish","format-standard","has-post-thumbnail","hentry","category-informacion-general","category-portada"],"jetpack_featured_media_url":"https:\/\/i0.wp.com\/cdnoticias.com\/wp-content\/uploads\/2023\/08\/Territorial-n%C2%B02-1024x683-1.jpg?fit=1024%2C683&ssl=1","jetpack_sharing_enabled":true,"_links":{"self":[{"href":"https:\/\/cdnoticias.com\/index.php\/wp-json\/wp\/v2\/posts\/91924","targetHints":{"allow":["GET"]}}],"collection":[{"href":"https:\/\/cdnoticias.com\/index.php\/wp-json\/wp\/v2\/posts"}],"about":[{"href":"https:\/\/cdnoticias.com\/index.php\/wp-json\/wp\/v2\/types\/post"}],"author":[{"embeddable":true,"href":"https:\/\/cdnoticias.com\/index.php\/wp-json\/wp\/v2\/users\/6"}],"replies":[{"embeddable":true,"href":"https:\/\/cdnoticias.com\/index.php\/wp-json\/wp\/v2\/comments?post=91924"}],"version-history":[{"count":0,"href":"https:\/\/cdnoticias.com\/index.php\/wp-json\/wp\/v2\/posts\/91924\/revisions"}],"wp:featuredmedia":[{"embeddable":true,"href":"https:\/\/cdnoticias.com\/index.php\/wp-json\/wp\/v2\/media\/91953"}],"wp:attachment":[{"href":"https:\/\/cdnoticias.com\/index.php\/wp-json\/wp\/v2\/media?parent=91924"}],"wp:term":[{"taxonomy":"category","embeddable":true,"href":"https:\/\/cdnoticias.com\/index.php\/wp-json\/wp\/v2\/categories?post=91924"},{"taxonomy":"post_tag","embeddable":true,"href":"https:\/\/cdnoticias.com\/index.php\/wp-json\/wp\/v2\/tags?post=91924"}],"curies":[{"name":"wp","href":"https:\/\/api.w.org\/{rel}","templated":true}]}}