{"id":91913,"date":"2023-08-02T19:06:18","date_gmt":"2023-08-02T22:06:18","guid":{"rendered":"https:\/\/www.centraldenoticias.com.ar\/?p=91913"},"modified":"2023-08-02T19:06:18","modified_gmt":"2023-08-02T22:06:18","slug":"vuelven-las-noches-de-cine-y-debate-en-insurgente","status":"publish","type":"post","link":"https:\/\/cdnoticias.com\/index.php\/2023\/08\/02\/vuelven-las-noches-de-cine-y-debate-en-insurgente\/","title":{"rendered":"Vuelven las noches de cine y debate en Insurgente"},"content":{"rendered":"<p>Este jueves a las 21 horas se proyectar\u00e1 la pel\u00edcula francesa &#8220;La Haine&#8221;. Entrada libre y gratuita.<!--more--><\/p>\n<hr \/>\n<p>Este jueves <strong>regresa el ciclo de cine debate del espacio cultural Insurgente<\/strong> (Belgrano 3345). Desde las 21 horas se proyectar\u00e1 el film franc\u00e9s<em><strong> &#8220;La Haine&#8221;.<\/strong><\/em><\/p>\n<p>&nbsp;<\/p>\n<p>Esta pel\u00edcula est\u00e1 escrita y dirigida por Mathieu Kassovitz y protagonizada por Vincent Cassel, Hubert Kound\u00e9 y Sa\u00efd Taghmaoui. &#8220;<em>Se trata de un intenso film que transcurre en las afueras de Par\u00eds, a mediados de los a\u00f1os 90. La violencia, la marginalidad y la guerra entre pobres y la polic\u00eda son los ingredientes principales&#8221;<\/em> indicaron desde el espacio.<\/p>\n<p>&nbsp;<\/p>\n<p>Luego de la funci\u00f3n, tal como est\u00e1 pensada la din\u00e1mica, se realizar\u00e1 una <strong>charla debate<\/strong> grupal de an\u00e1lisis. Se indic\u00f3 que no se suspende por lluvia.<\/p>\n<p>&nbsp;<\/p>\n<p>La <strong>entrada es libre y gratuita,<\/strong> aunque los participantes podr\u00e1n realizar una colaboraci\u00f3n voluntaria. Habr\u00e1 servicio de cantina.<\/p>\n","protected":false},"excerpt":{"rendered":"<p>Este jueves a las 21 horas se proyectar\u00e1 la pel\u00edcula francesa &#8220;La Haine&#8221;. Entrada libre y gratuita.<\/p>\n","protected":false},"author":6,"featured_media":91915,"comment_status":"closed","ping_status":"closed","sticky":false,"template":"","format":"standard","meta":{"_jetpack_memberships_contains_paid_content":false,"footnotes":""},"categories":[9,1],"tags":[],"class_list":["post-91913","post","type-post","status-publish","format-standard","has-post-thumbnail","hentry","category-cultura","category-portada"],"jetpack_featured_media_url":"https:\/\/i0.wp.com\/cdnoticias.com\/wp-content\/uploads\/2023\/08\/WhatsApp-Image-2023-08-02-at-15.04.21.jpeg?fit=899%2C1599&ssl=1","jetpack_sharing_enabled":true,"_links":{"self":[{"href":"https:\/\/cdnoticias.com\/index.php\/wp-json\/wp\/v2\/posts\/91913","targetHints":{"allow":["GET"]}}],"collection":[{"href":"https:\/\/cdnoticias.com\/index.php\/wp-json\/wp\/v2\/posts"}],"about":[{"href":"https:\/\/cdnoticias.com\/index.php\/wp-json\/wp\/v2\/types\/post"}],"author":[{"embeddable":true,"href":"https:\/\/cdnoticias.com\/index.php\/wp-json\/wp\/v2\/users\/6"}],"replies":[{"embeddable":true,"href":"https:\/\/cdnoticias.com\/index.php\/wp-json\/wp\/v2\/comments?post=91913"}],"version-history":[{"count":0,"href":"https:\/\/cdnoticias.com\/index.php\/wp-json\/wp\/v2\/posts\/91913\/revisions"}],"wp:featuredmedia":[{"embeddable":true,"href":"https:\/\/cdnoticias.com\/index.php\/wp-json\/wp\/v2\/media\/91915"}],"wp:attachment":[{"href":"https:\/\/cdnoticias.com\/index.php\/wp-json\/wp\/v2\/media?parent=91913"}],"wp:term":[{"taxonomy":"category","embeddable":true,"href":"https:\/\/cdnoticias.com\/index.php\/wp-json\/wp\/v2\/categories?post=91913"},{"taxonomy":"post_tag","embeddable":true,"href":"https:\/\/cdnoticias.com\/index.php\/wp-json\/wp\/v2\/tags?post=91913"}],"curies":[{"name":"wp","href":"https:\/\/api.w.org\/{rel}","templated":true}]}}