{"id":91887,"date":"2023-08-02T11:28:29","date_gmt":"2023-08-02T14:28:29","guid":{"rendered":"https:\/\/www.centraldenoticias.com.ar\/?p=91887"},"modified":"2023-08-02T13:27:05","modified_gmt":"2023-08-02T16:27:05","slug":"recuperaron-articulos-robados-en-tres-allanamientos","status":"publish","type":"post","link":"https:\/\/cdnoticias.com\/index.php\/2023\/08\/02\/recuperaron-articulos-robados-en-tres-allanamientos\/","title":{"rendered":"Recuperaron art\u00edculos robados en tres allanamientos"},"content":{"rendered":"<p>Se concretaron operativos en los barrios 104 Viviendas e Ituzaing\u00f3 con resultado positivo y la imputaci\u00f3n de dos ladrones. Por otro lado, en el barrio Coronel Dorrego se hall\u00f3 una bicicleta robada.<\/p>\n<p><!--more--><\/p>\n<hr \/>\n<p><strong>Dos allanamientos<\/strong> realizados en sendos domicilios permitieron<strong> recuperar un tel\u00e9fono y una desmalezadora robados<\/strong> en distintos casos. Adem\u00e1s, se inform\u00f3 que <strong>dos personas est\u00e1n imputadas.<\/strong><\/p>\n<p>&nbsp;<\/p>\n<p>Este lunes el <strong>personal de la Comisar\u00eda Primera<\/strong> en tareas conjuntas con<em> Comisar\u00eda Segunda, Polic\u00eda Local y Patrulla Rural de Olavarr\u00eda<\/em> llevaron adelante las diligencias.<\/p>\n<p>&nbsp;<\/p>\n<p>El titular del <strong>Juzgado de Garant\u00edas N\u00ba 2, Carlos Villamar\u00edn,<\/strong> emiti\u00f3 las \u00f3rdenes de allanamiento a solicitud de la<strong> UFI N\u00ba 17 de Azul del Fuero Penal Juvenil<\/strong> que encabeza la fiscal Mariela Viceconte.<\/p>\n<p>&nbsp;<\/p>\n<p><img data-recalc-dims=\"1\" loading=\"lazy\" decoding=\"async\" class=\"size-full wp-image-91888 aligncenter\" src=\"https:\/\/i0.wp.com\/cdnoticias.com\/wp-content\/uploads\/2023\/08\/allanamientos-robo-y-hurto-00.jpg?resize=800%2C445&#038;ssl=1\" alt=\"\" width=\"800\" height=\"445\" srcset=\"https:\/\/i0.wp.com\/cdnoticias.com\/wp-content\/uploads\/2023\/08\/allanamientos-robo-y-hurto-00.jpg?w=800&amp;ssl=1 800w, https:\/\/i0.wp.com\/cdnoticias.com\/wp-content\/uploads\/2023\/08\/allanamientos-robo-y-hurto-00.jpg?resize=300%2C167&amp;ssl=1 300w, https:\/\/i0.wp.com\/cdnoticias.com\/wp-content\/uploads\/2023\/08\/allanamientos-robo-y-hurto-00.jpg?resize=768%2C427&amp;ssl=1 768w\" sizes=\"auto, (max-width: 800px) 100vw, 800px\" \/><\/p>\n<p>&nbsp;<\/p>\n<p>Los procedimientos tuvieron lugar en una<strong> vivienda de Pueyrred\u00f3n al 1600<\/strong> y <strong>en el barrio Ituzaing\u00f3.<\/strong><\/p>\n<p>&nbsp;<\/p>\n<blockquote><p>Se destac\u00f3 que los resultados fueron positivos. Se secuestr\u00f3 un tel\u00e9fono celular en el marco de una denuncia por \u201crobo\u201d en un local comercial. Adem\u00e1s, fue recuperada una desmalezadora marca Gamma la cual fuera denunciada por \u201churto\u201d el 5 de marzo.<\/p><\/blockquote>\n<p>&nbsp;<\/p>\n<p><strong>Ambas causas se consideraron esclarecidas<\/strong> con los hallazgos y secuestros, adem\u00e1s de la <strong>imputaci\u00f3n de un hombre de 26 a\u00f1os por los dos delitos<\/strong>. En tanto, <strong>un adolescente de 17 a\u00f1os tambi\u00e9n fue imputado en el expediente penal por \u201crobo\u201d<\/strong>.<\/p>\n<p>&nbsp;<\/p>\n<p>Cabe se\u00f1alar que en la investigaci\u00f3n de \u201crobo\u201d interviene la UFI N\u00ba 17 y en el de \u201churto\u201d act\u00faa la Ayudant\u00eda Fiscal de Autores Ignorados.<\/p>\n<p>&nbsp;<\/p>\n<h2>Bicicleta recuperada<\/h2>\n<p>&nbsp;<\/p>\n<p>Este lunes en <strong>Col\u00f3n y San Lorenzo<\/strong> fue <strong>robada una bicicleta<\/strong>, la que se recuper\u00f3 poco despu\u00e9s.<\/p>\n<p>&nbsp;<\/p>\n<p><img data-recalc-dims=\"1\" loading=\"lazy\" decoding=\"async\" class=\"size-full wp-image-91890 aligncenter\" src=\"https:\/\/i0.wp.com\/cdnoticias.com\/wp-content\/uploads\/2023\/08\/hurto-colon-y-san-lorenzo-0.jpg?resize=800%2C445&#038;ssl=1\" alt=\"\" width=\"800\" height=\"445\" srcset=\"https:\/\/i0.wp.com\/cdnoticias.com\/wp-content\/uploads\/2023\/08\/hurto-colon-y-san-lorenzo-0.jpg?w=800&amp;ssl=1 800w, https:\/\/i0.wp.com\/cdnoticias.com\/wp-content\/uploads\/2023\/08\/hurto-colon-y-san-lorenzo-0.jpg?resize=300%2C167&amp;ssl=1 300w, https:\/\/i0.wp.com\/cdnoticias.com\/wp-content\/uploads\/2023\/08\/hurto-colon-y-san-lorenzo-0.jpg?resize=768%2C427&amp;ssl=1 768w\" sizes=\"auto, (max-width: 800px) 100vw, 800px\" \/><\/p>\n<p>&nbsp;<\/p>\n<p>Tras la denuncia formal del caso, que se caratul\u00f3<strong> \u201churto\u201d<\/strong> se iniciaron las averiguaciones a cargo del personal de la Comisaria Primera con intervenci\u00f3n de la <strong>Ayudant\u00eda Fiscal de Autores Ignorados a cargo de la doctora Mirta Deroni<\/strong> dependiente de la UFI N\u00ba 10.<\/p>\n<p>&nbsp;<\/p>\n<p>Se inform\u00f3 que con colaboraci\u00f3n del Comando de Patrullas <strong>se logr\u00f3 establecer la autor\u00eda<\/strong>. Fue <strong>imputado un joven de 22 a\u00f1os.<\/strong><\/p>\n<p>&nbsp;<\/p>\n<p>Con ello se efectiviz\u00f3 <strong>un allanamiento con anuencia<\/strong> del morador de un domicilio de<strong> Belgrano al 800<\/strong> donde <strong>el rodado fue hallado y se dispuso el secuestro.<\/strong><\/p>\n<p>&nbsp;<\/p>\n","protected":false},"excerpt":{"rendered":"<p>Se concretaron operativos en los barrios 104 Viviendas e Ituzaing\u00f3 con resultado positivo y la imputaci\u00f3n de dos ladrones. Por<\/p>\n","protected":false},"author":4,"featured_media":91889,"comment_status":"closed","ping_status":"closed","sticky":false,"template":"","format":"standard","meta":{"_jetpack_memberships_contains_paid_content":false,"footnotes":""},"categories":[14,1],"tags":[],"class_list":["post-91887","post","type-post","status-publish","format-standard","has-post-thumbnail","hentry","category-policiales","category-portada"],"jetpack_featured_media_url":"https:\/\/i0.wp.com\/cdnoticias.com\/wp-content\/uploads\/2023\/08\/allanamientos-robo-y-hurto-01.jpg?fit=800%2C445&ssl=1","jetpack_sharing_enabled":true,"_links":{"self":[{"href":"https:\/\/cdnoticias.com\/index.php\/wp-json\/wp\/v2\/posts\/91887","targetHints":{"allow":["GET"]}}],"collection":[{"href":"https:\/\/cdnoticias.com\/index.php\/wp-json\/wp\/v2\/posts"}],"about":[{"href":"https:\/\/cdnoticias.com\/index.php\/wp-json\/wp\/v2\/types\/post"}],"author":[{"embeddable":true,"href":"https:\/\/cdnoticias.com\/index.php\/wp-json\/wp\/v2\/users\/4"}],"replies":[{"embeddable":true,"href":"https:\/\/cdnoticias.com\/index.php\/wp-json\/wp\/v2\/comments?post=91887"}],"version-history":[{"count":0,"href":"https:\/\/cdnoticias.com\/index.php\/wp-json\/wp\/v2\/posts\/91887\/revisions"}],"wp:featuredmedia":[{"embeddable":true,"href":"https:\/\/cdnoticias.com\/index.php\/wp-json\/wp\/v2\/media\/91889"}],"wp:attachment":[{"href":"https:\/\/cdnoticias.com\/index.php\/wp-json\/wp\/v2\/media?parent=91887"}],"wp:term":[{"taxonomy":"category","embeddable":true,"href":"https:\/\/cdnoticias.com\/index.php\/wp-json\/wp\/v2\/categories?post=91887"},{"taxonomy":"post_tag","embeddable":true,"href":"https:\/\/cdnoticias.com\/index.php\/wp-json\/wp\/v2\/tags?post=91887"}],"curies":[{"name":"wp","href":"https:\/\/api.w.org\/{rel}","templated":true}]}}