{"id":9187,"date":"2020-12-16T21:34:58","date_gmt":"2020-12-17T00:34:58","guid":{"rendered":"http:\/\/www.centraldenoticias.com.ar\/?p=9187"},"modified":"2020-12-17T08:40:13","modified_gmt":"2020-12-17T11:40:13","slug":"vecinos-de-loma-negra-iran-este-jueves-al-concejo-deliberante","status":"publish","type":"post","link":"https:\/\/cdnoticias.com\/index.php\/2020\/12\/16\/vecinos-de-loma-negra-iran-este-jueves-al-concejo-deliberante\/","title":{"rendered":"Vecinos de Loma Negra ir\u00e1n este jueves al Concejo Deliberante"},"content":{"rendered":"<p>&nbsp;<\/p>\n<p>Pedir\u00e1n que se modifique el Presupuesto 2021 para que incluya obras para las localidades. Adem\u00e1s, presentar\u00e1n una nota al Ejecutivo con un pedido de audiencia. Todo fue definido en una nueva asamblea realizada en la localidad.<!--more--><\/p>\n<hr \/>\n<p>Un numeroso grupo de vecinos de Loma Negra volvieron a reunirse durante la tarde de este mi\u00e9rcoles en la Plaza Libertad para definir acciones ante el<strong> reclamo de mejoras para la localidad<\/strong>. Tambi\u00e9n concurrieron vecinos de <strong>Villa Mi Serran\u00eda y barrio Aoma.<\/strong><\/p>\n<p>&nbsp;<\/p>\n<p>Estuvieron presentes el<strong> subsecretario de Gobierno Emilio Vitale, el director de Delegaciones C\u00e9sar Bournot y la delegada Valeria Milia.<\/strong> Incluso, Vitale mantuvo un cruce con Marcelo Url\u00e9zaga, vecino de la localidad y ex concejal.<\/p>\n<p>&nbsp;<\/p>\n<p><img data-recalc-dims=\"1\" loading=\"lazy\" decoding=\"async\" class=\"alignnone size-large wp-image-9190\" src=\"https:\/\/i0.wp.com\/cdnoticias.com\/wp-content\/uploads\/2020\/12\/lomanegra-vecinos05-1.jpg?resize=800%2C600&#038;ssl=1\" alt=\"\" width=\"800\" height=\"600\" srcset=\"https:\/\/i0.wp.com\/cdnoticias.com\/wp-content\/uploads\/2020\/12\/lomanegra-vecinos05-1.jpg?resize=1024%2C768&amp;ssl=1 1024w, https:\/\/i0.wp.com\/cdnoticias.com\/wp-content\/uploads\/2020\/12\/lomanegra-vecinos05-1.jpg?resize=300%2C225&amp;ssl=1 300w, https:\/\/i0.wp.com\/cdnoticias.com\/wp-content\/uploads\/2020\/12\/lomanegra-vecinos05-1.jpg?resize=768%2C576&amp;ssl=1 768w, https:\/\/i0.wp.com\/cdnoticias.com\/wp-content\/uploads\/2020\/12\/lomanegra-vecinos05-1.jpg?w=1040&amp;ssl=1 1040w\" sizes=\"auto, (max-width: 800px) 100vw, 800px\" \/><\/p>\n<p>&nbsp;<\/p>\n<p>Url\u00e9zaga se\u00f1al\u00f3 que <em>\u201cno somos vecinos de segunda, las localidades tenemos que tener el <strong>30 % del derecho de explotaci\u00f3n de canteras<\/strong>\u201d.<\/em> Vitale le dio la raz\u00f3n e indic\u00f3 que \u201chay que hablarlo\u201d.<\/p>\n<p>&nbsp;<\/p>\n<p>Durante la asamblea, se expusieron distintos reclamos a la Municipalidad respecto al pedido de <strong>obras para las localidades, problem\u00e1ticas vinculadas a viviendas, salud, bacheo, pastizales, cloacas y los recorridos y frecuencias de las l\u00edneas de colectivos de Ola Bus.<\/strong><\/p>\n<p>&nbsp;<\/p>\n<p>El primer encuentro <a href=\"https:\/\/cdnoticias.com\/index.php\/2020\/12\/14\/loma-negra-reclamo-mejoras-al-municipio-los-vecinos-iran-al-hcd\/\" target=\"_blank\" rel=\"noopener\">se llev\u00f3 a cabo el domingo<\/a> y se avanz\u00f3 en la recolecci\u00f3n de firmas en un petitorio para insistir con los reclamos.<\/p>\n<p>&nbsp;<\/p>\n<p><img data-recalc-dims=\"1\" loading=\"lazy\" decoding=\"async\" class=\"alignnone size-large wp-image-9191\" src=\"https:\/\/i0.wp.com\/cdnoticias.com\/wp-content\/uploads\/2020\/12\/lomanegra-vecinos04-1.jpg?resize=800%2C600&#038;ssl=1\" alt=\"\" width=\"800\" height=\"600\" srcset=\"https:\/\/i0.wp.com\/cdnoticias.com\/wp-content\/uploads\/2020\/12\/lomanegra-vecinos04-1.jpg?resize=1024%2C768&amp;ssl=1 1024w, https:\/\/i0.wp.com\/cdnoticias.com\/wp-content\/uploads\/2020\/12\/lomanegra-vecinos04-1.jpg?resize=300%2C225&amp;ssl=1 300w, https:\/\/i0.wp.com\/cdnoticias.com\/wp-content\/uploads\/2020\/12\/lomanegra-vecinos04-1.jpg?resize=768%2C576&amp;ssl=1 768w, https:\/\/i0.wp.com\/cdnoticias.com\/wp-content\/uploads\/2020\/12\/lomanegra-vecinos04-1.jpg?w=1040&amp;ssl=1 1040w\" sizes=\"auto, (max-width: 800px) 100vw, 800px\" \/><\/p>\n<p>&nbsp;<\/p>\n<p>Este mi\u00e9rcoles y con <strong>m\u00e1s de 700 firmas reunidas<\/strong> se acord\u00f3 que <strong>el jueves concurrir\u00e1n al Concejo Deliberante para pedir que modifiquen el Presupuesto 2021 y que se incluyan mejoras y obras para las localidades.<\/strong><\/p>\n<p>&nbsp;<\/p>\n<p>Adem\u00e1s, los vecinos y vecinas se\u00f1alaron que presentar\u00e1n una nota al Ejecutivo para <strong>solicitar una audiencia con el intendente Ezequiel Galli, y aseguraron que concurrir\u00e1n a la sesi\u00f3n cuando se debata el pr\u00f3ximo presupuesto municipal.<\/strong><\/p>\n<p>&nbsp;<\/p>\n<p><img data-recalc-dims=\"1\" loading=\"lazy\" decoding=\"async\" class=\"alignnone size-large wp-image-9188\" src=\"https:\/\/i0.wp.com\/cdnoticias.com\/wp-content\/uploads\/2020\/12\/lomanegra-vecinos07-1.jpg?resize=800%2C600&#038;ssl=1\" alt=\"\" width=\"800\" height=\"600\" srcset=\"https:\/\/i0.wp.com\/cdnoticias.com\/wp-content\/uploads\/2020\/12\/lomanegra-vecinos07-1.jpg?resize=1024%2C768&amp;ssl=1 1024w, https:\/\/i0.wp.com\/cdnoticias.com\/wp-content\/uploads\/2020\/12\/lomanegra-vecinos07-1.jpg?resize=300%2C225&amp;ssl=1 300w, https:\/\/i0.wp.com\/cdnoticias.com\/wp-content\/uploads\/2020\/12\/lomanegra-vecinos07-1.jpg?resize=768%2C576&amp;ssl=1 768w, https:\/\/i0.wp.com\/cdnoticias.com\/wp-content\/uploads\/2020\/12\/lomanegra-vecinos07-1.jpg?w=1040&amp;ssl=1 1040w\" sizes=\"auto, (max-width: 800px) 100vw, 800px\" \/><\/p>\n<p>&nbsp;<\/p>\n<p><strong>Los principales reclamos<\/strong><\/p>\n<p>&nbsp;<\/p>\n<p>Con gran participaci\u00f3n de los vecinos, se plantearon muchos temas que generaron consultas, intentos de respuestas y repreguntas. Adem\u00e1s, muchos manifestaron su malestar esperando la presencia del Intendente.<\/p>\n<p>&nbsp;<\/p>\n<p>Uno de los ejes m\u00e1s abordados fue el <strong>estado de las calles, los pozos, falta de pavimentaci\u00f3n o repavimentaci\u00f3n.<\/strong> Otros vecinos, hicieron hincapi\u00e9 en la <strong>situaci\u00f3n sanitaria<\/strong> y el estado de la \u201csalita\u201d de la localidad.<\/p>\n<p>&nbsp;<\/p>\n<p><img data-recalc-dims=\"1\" loading=\"lazy\" decoding=\"async\" class=\"alignnone size-large wp-image-9189\" src=\"https:\/\/i0.wp.com\/cdnoticias.com\/wp-content\/uploads\/2020\/12\/lomanegra-vecinos06-1.jpg?resize=800%2C579&#038;ssl=1\" alt=\"\" width=\"800\" height=\"579\" srcset=\"https:\/\/i0.wp.com\/cdnoticias.com\/wp-content\/uploads\/2020\/12\/lomanegra-vecinos06-1.jpg?resize=1024%2C741&amp;ssl=1 1024w, https:\/\/i0.wp.com\/cdnoticias.com\/wp-content\/uploads\/2020\/12\/lomanegra-vecinos06-1.jpg?resize=300%2C217&amp;ssl=1 300w, https:\/\/i0.wp.com\/cdnoticias.com\/wp-content\/uploads\/2020\/12\/lomanegra-vecinos06-1.jpg?resize=768%2C556&amp;ssl=1 768w, https:\/\/i0.wp.com\/cdnoticias.com\/wp-content\/uploads\/2020\/12\/lomanegra-vecinos06-1.jpg?w=1280&amp;ssl=1 1280w\" sizes=\"auto, (max-width: 800px) 100vw, 800px\" \/><\/p>\n<p>&nbsp;<\/p>\n<p>Otro de los vecinos resalt\u00f3 el tema de <strong>colectivos<\/strong> y focaliz\u00f3 en los horarios y recorridos, pidiendo una mejor calidad en el servicio.<\/p>\n<p>&nbsp;<\/p>\n<p>El encuentro continu\u00f3 con idas y vueltas, y con la resoluci\u00f3n de llevar el reclamo al Concejo Deliberante e invitaron a vecinos de otras localidades a plantear las preocupaciones y reclamos de cada lugar.<\/p>\n","protected":false},"excerpt":{"rendered":"<p>&nbsp; Pedir\u00e1n que se modifique el Presupuesto 2021 para que incluya obras para las localidades. Adem\u00e1s, presentar\u00e1n una nota al<\/p>\n","protected":false},"author":5,"featured_media":9192,"comment_status":"closed","ping_status":"closed","sticky":false,"template":"","format":"standard","meta":{"_jetpack_memberships_contains_paid_content":false,"footnotes":""},"categories":[5,1],"tags":[],"class_list":["post-9187","post","type-post","status-publish","format-standard","has-post-thumbnail","hentry","category-informacion-general","category-portada"],"jetpack_featured_media_url":"https:\/\/i0.wp.com\/cdnoticias.com\/wp-content\/uploads\/2020\/12\/lomanegra-vecinos03-1.jpg?fit=1040%2C780&ssl=1","jetpack_sharing_enabled":true,"_links":{"self":[{"href":"https:\/\/cdnoticias.com\/index.php\/wp-json\/wp\/v2\/posts\/9187","targetHints":{"allow":["GET"]}}],"collection":[{"href":"https:\/\/cdnoticias.com\/index.php\/wp-json\/wp\/v2\/posts"}],"about":[{"href":"https:\/\/cdnoticias.com\/index.php\/wp-json\/wp\/v2\/types\/post"}],"author":[{"embeddable":true,"href":"https:\/\/cdnoticias.com\/index.php\/wp-json\/wp\/v2\/users\/5"}],"replies":[{"embeddable":true,"href":"https:\/\/cdnoticias.com\/index.php\/wp-json\/wp\/v2\/comments?post=9187"}],"version-history":[{"count":0,"href":"https:\/\/cdnoticias.com\/index.php\/wp-json\/wp\/v2\/posts\/9187\/revisions"}],"wp:featuredmedia":[{"embeddable":true,"href":"https:\/\/cdnoticias.com\/index.php\/wp-json\/wp\/v2\/media\/9192"}],"wp:attachment":[{"href":"https:\/\/cdnoticias.com\/index.php\/wp-json\/wp\/v2\/media?parent=9187"}],"wp:term":[{"taxonomy":"category","embeddable":true,"href":"https:\/\/cdnoticias.com\/index.php\/wp-json\/wp\/v2\/categories?post=9187"},{"taxonomy":"post_tag","embeddable":true,"href":"https:\/\/cdnoticias.com\/index.php\/wp-json\/wp\/v2\/tags?post=9187"}],"curies":[{"name":"wp","href":"https:\/\/api.w.org\/{rel}","templated":true}]}}