{"id":91867,"date":"2023-08-02T08:50:28","date_gmt":"2023-08-02T11:50:28","guid":{"rendered":"https:\/\/www.centraldenoticias.com.ar\/?p=91867"},"modified":"2023-08-02T11:28:46","modified_gmt":"2023-08-02T14:28:46","slug":"choco-contra-una-casa-y-no-pudo-hacer-el-test-de-alcoholemia","status":"publish","type":"post","link":"https:\/\/cdnoticias.com\/index.php\/2023\/08\/02\/choco-contra-una-casa-y-no-pudo-hacer-el-test-de-alcoholemia\/","title":{"rendered":"Choc\u00f3 contra una casa y no pudo hacer el test de alcoholemia"},"content":{"rendered":"<p>Sucedi\u00f3 en las \u00faltimas horas en el microcentro de Olavarr\u00eda. El conductor de una camioneta fue considerado en estado de ebriedad despu\u00e9s de \u201cvarios intentos\u201d de practicar el test y que no lo lograra.<\/p>\n<p><!--more--><\/p>\n<hr \/>\n<p>Un <strong>siniestro vial<\/strong> se registr\u00f3 en las \u00faltimas horas en Olavarr\u00eda. Dej\u00f3 como saldo <strong>da\u00f1os materiales<\/strong> y una curiosidad: <strong>el conductor fue considerado en estado de ebriedad despu\u00e9s de \u201cvarios intentos\u201d de practicar el test correspondiente y que no lo lograra<\/strong>.<\/p>\n<p>&nbsp;<\/p>\n<p>Intervino personal dependiente de la <strong>Subsecretar\u00eda de Seguridad municipal<\/strong> en el caso que se dio en <strong>Bol\u00edvar al 2400<\/strong>.<\/p>\n<p>&nbsp;<\/p>\n<p>All\u00ed el conductor de una camioneta <strong>se subi\u00f3 a la vereda<\/strong>, logr\u00f3 superar un \u00e1rbol sin da\u00f1arlo y <strong>choc\u00f3 contra una vivienda<\/strong> donde ocasion\u00f3 da\u00f1os en la casilla de gas.<\/p>\n<p>&nbsp;<\/p>\n<figure id=\"attachment_91868\" aria-describedby=\"caption-attachment-91868\" style=\"width: 800px\" class=\"wp-caption aligncenter\"><img data-recalc-dims=\"1\" loading=\"lazy\" decoding=\"async\" class=\"wp-image-91868 size-full\" src=\"https:\/\/i0.wp.com\/cdnoticias.com\/wp-content\/uploads\/2023\/08\/choque-bolivar-2400-a.jpg?resize=800%2C445&#038;ssl=1\" alt=\"\" width=\"800\" height=\"445\" srcset=\"https:\/\/i0.wp.com\/cdnoticias.com\/wp-content\/uploads\/2023\/08\/choque-bolivar-2400-a.jpg?w=800&amp;ssl=1 800w, https:\/\/i0.wp.com\/cdnoticias.com\/wp-content\/uploads\/2023\/08\/choque-bolivar-2400-a.jpg?resize=300%2C167&amp;ssl=1 300w, https:\/\/i0.wp.com\/cdnoticias.com\/wp-content\/uploads\/2023\/08\/choque-bolivar-2400-a.jpg?resize=768%2C427&amp;ssl=1 768w\" sizes=\"auto, (max-width: 800px) 100vw, 800px\" \/><figcaption id=\"caption-attachment-91868\" class=\"wp-caption-text\">La camioneta fue secuestrada.<\/figcaption><\/figure>\n<p>&nbsp;<\/p>\n<p>El <strong>personal policial del CPO<\/strong> y la <strong>Polic\u00eda de Tr\u00e1nsito Municipal<\/strong> estuvieron en el lugar, as\u00ed como <strong>trabajadores de Camuzzi que evaluaron el da\u00f1o en la casilla de gas<\/strong> por precauci\u00f3n.<\/p>\n<p>&nbsp;<\/p>\n<blockquote><p>Se destac\u00f3 que el conductor fue considerado con resultado de alcoholemia positiva, aunque \u201csin valor\u201d del test ya que \u201cno pudo completar el ciclo en varias oportunidades para saber graduaci\u00f3n\u201d. El subsecretario de Seguridad Mario Busto explic\u00f3 que \u201cluego de varios intentos no logr\u00f3 terminar el test de alcoholemia por lo que se considera al mismo en estado de ebriedad\u201d.<\/p><\/blockquote>\n<p>&nbsp;<\/p>\n<p>De esa manera, se dispuso el <strong>secuestro de la camioneta<\/strong> con traslado al Dep\u00f3sito Municipal y la <strong>retenci\u00f3n de la licencia de conducir<\/strong>.<\/p>\n<p>&nbsp;<\/p>\n","protected":false},"excerpt":{"rendered":"<p>Sucedi\u00f3 en las \u00faltimas horas en el microcentro de Olavarr\u00eda. El conductor de una camioneta fue considerado en estado de<\/p>\n","protected":false},"author":4,"featured_media":91869,"comment_status":"closed","ping_status":"closed","sticky":false,"template":"","format":"standard","meta":{"_jetpack_memberships_contains_paid_content":false,"footnotes":""},"categories":[14,1],"tags":[],"class_list":["post-91867","post","type-post","status-publish","format-standard","has-post-thumbnail","hentry","category-policiales","category-portada"],"jetpack_featured_media_url":"https:\/\/i0.wp.com\/cdnoticias.com\/wp-content\/uploads\/2023\/08\/choque-bolivar-2400.jpg?fit=800%2C444&ssl=1","jetpack_sharing_enabled":true,"_links":{"self":[{"href":"https:\/\/cdnoticias.com\/index.php\/wp-json\/wp\/v2\/posts\/91867","targetHints":{"allow":["GET"]}}],"collection":[{"href":"https:\/\/cdnoticias.com\/index.php\/wp-json\/wp\/v2\/posts"}],"about":[{"href":"https:\/\/cdnoticias.com\/index.php\/wp-json\/wp\/v2\/types\/post"}],"author":[{"embeddable":true,"href":"https:\/\/cdnoticias.com\/index.php\/wp-json\/wp\/v2\/users\/4"}],"replies":[{"embeddable":true,"href":"https:\/\/cdnoticias.com\/index.php\/wp-json\/wp\/v2\/comments?post=91867"}],"version-history":[{"count":0,"href":"https:\/\/cdnoticias.com\/index.php\/wp-json\/wp\/v2\/posts\/91867\/revisions"}],"wp:featuredmedia":[{"embeddable":true,"href":"https:\/\/cdnoticias.com\/index.php\/wp-json\/wp\/v2\/media\/91869"}],"wp:attachment":[{"href":"https:\/\/cdnoticias.com\/index.php\/wp-json\/wp\/v2\/media?parent=91867"}],"wp:term":[{"taxonomy":"category","embeddable":true,"href":"https:\/\/cdnoticias.com\/index.php\/wp-json\/wp\/v2\/categories?post=91867"},{"taxonomy":"post_tag","embeddable":true,"href":"https:\/\/cdnoticias.com\/index.php\/wp-json\/wp\/v2\/tags?post=91867"}],"curies":[{"name":"wp","href":"https:\/\/api.w.org\/{rel}","templated":true}]}}