{"id":91852,"date":"2023-08-01T20:17:32","date_gmt":"2023-08-01T23:17:32","guid":{"rendered":"https:\/\/www.centraldenoticias.com.ar\/?p=91852"},"modified":"2023-08-01T20:17:32","modified_gmt":"2023-08-01T23:17:32","slug":"obras-publicas-e-industria-los-fuertes-de-kicillof-en-su-campana-en-olavarria","status":"publish","type":"post","link":"https:\/\/cdnoticias.com\/index.php\/2023\/08\/01\/obras-publicas-e-industria-los-fuertes-de-kicillof-en-su-campana-en-olavarria\/","title":{"rendered":"Obras p\u00fablicas e industria, los fuertes de Kicillof en su campa\u00f1a en Olavarr\u00eda"},"content":{"rendered":"<p>Es el mensaje que dej\u00f3 el gobernador y precandidato en sus redes un repaso de su gesti\u00f3n en el contexto de campa\u00f1a.<\/p>\n<p><!--more--><\/p>\n<hr \/>\n<p>En los \u00faltimos d\u00edas <strong>el gobernador Axel Kicillof<\/strong> ha dado a conocer a trav\u00e9s de sus redes <strong>mensajes para los distintos distritos de la provincia de Buenos Aires<\/strong> en los que deja un <strong>repaso de su gesti\u00f3n en el contexto de campa\u00f1a<\/strong>.<\/p>\n<p>&nbsp;<\/p>\n<p>Fue el turno de Olavarr\u00eda donde el precandidato de Unidad por la Patria <strong>hizo hincapi\u00e9 en las obras p\u00fablicas y en el apoyo a la industria<\/strong>.<\/p>\n<p>&nbsp;<\/p>\n<blockquote><p>\u201cEstamos construyendo el futuro con m\u00e1s obra p\u00fablica en Olavarr\u00eda\u201d manifest\u00f3 Kicillof para resaltar el slogan con el lleva adelante su campa\u00f1a por la reelecci\u00f3n \u201cestamos avanzando derecho al futuro\u201d.<\/p><\/blockquote>\n<p>&nbsp;<\/p>\n<blockquote class=\"twitter-tweet\">\n<p dir=\"ltr\" lang=\"es\">Estamos construyendo el futuro con m\u00e1s obra p\u00fablica en <a href=\"https:\/\/twitter.com\/hashtag\/Olavarr%C3%ADa?src=hash&amp;ref_src=twsrc%5Etfw\">#Olavarr\u00eda<\/a>\ud83d\udcaa<\/p>\n<p>Pusimos en marcha la transformaci\u00f3n de la RN N\u00b03 en autopista, la ampliaci\u00f3n y regularizaci\u00f3n del Parque Industrial V y la Casa de la Provincia. Construimos y entregamos viviendas, finalizamos obras en las\u2026 <a href=\"https:\/\/t.co\/YbiVcWxL39\">pic.twitter.com\/YbiVcWxL39<\/a><\/p>\n<p>\u2014 Axel Kicillof (@Kicillofok) <a href=\"https:\/\/twitter.com\/Kicillofok\/status\/1686051914444615680?ref_src=twsrc%5Etfw\">July 31, 2023<\/a><\/p><\/blockquote>\n<p><script async src=\"https:\/\/platform.twitter.com\/widgets.js\" charset=\"utf-8\"><\/script><\/p>\n<p>&nbsp;<\/p>\n<p>En el video que se public\u00f3 se muestran <strong>im\u00e1genes del gobernador en distintos actos y obras en Olavarr\u00eda<\/strong>, entre ellas las de su \u00faltima visita \u2013<a href=\"https:\/\/cdnoticias.com\/index.php\/2023\/06\/14\/kicillof-seria-espectacular-en-otro-mandato-que-en-olavarria-nos-acompane-maxi\/\" target=\"_blank\" rel=\"noopener\">del 14 de junio<\/a>&#8211; con el <strong>precandidato local Maximiliano Wesner.<\/strong><\/p>\n<p>&nbsp;<\/p>\n<p>En el repaso mencion\u00f3 la construcci\u00f3n de la autov\u00eda de ruta 3 hasta Azul, la construcci\u00f3n de nuevos edificios escolares, el final de 35 obras de infraestructura escolar, en materia de viviendas la entrega de 46 casas y 109 en obra, la construcci\u00f3n de la Casa de la Provincia de Buenos Aires, la entrega de 20 patrulleros y la asignaci\u00f3n de 35 efectivos policiales y la regularizaci\u00f3n del PIO V.<\/p>\n<p>&nbsp;<\/p>\n<blockquote><p>\u201cNuestro gobierno est\u00e1 y seguir\u00e1 estando muy presente en Olavarr\u00eda\u201d enfatiz\u00f3 Axel Kicillof.<\/p><\/blockquote>\n","protected":false},"excerpt":{"rendered":"<p>Es el mensaje que dej\u00f3 el gobernador y precandidato en sus redes un repaso de su gesti\u00f3n en el contexto<\/p>\n","protected":false},"author":4,"featured_media":91853,"comment_status":"closed","ping_status":"closed","sticky":false,"template":"","format":"standard","meta":{"_jetpack_memberships_contains_paid_content":false,"footnotes":""},"categories":[4,1],"tags":[],"class_list":["post-91852","post","type-post","status-publish","format-standard","has-post-thumbnail","hentry","category-politica","category-portada"],"jetpack_featured_media_url":"https:\/\/i0.wp.com\/cdnoticias.com\/wp-content\/uploads\/2023\/08\/kicillof-campana.jpg?fit=800%2C445&ssl=1","jetpack_sharing_enabled":true,"_links":{"self":[{"href":"https:\/\/cdnoticias.com\/index.php\/wp-json\/wp\/v2\/posts\/91852","targetHints":{"allow":["GET"]}}],"collection":[{"href":"https:\/\/cdnoticias.com\/index.php\/wp-json\/wp\/v2\/posts"}],"about":[{"href":"https:\/\/cdnoticias.com\/index.php\/wp-json\/wp\/v2\/types\/post"}],"author":[{"embeddable":true,"href":"https:\/\/cdnoticias.com\/index.php\/wp-json\/wp\/v2\/users\/4"}],"replies":[{"embeddable":true,"href":"https:\/\/cdnoticias.com\/index.php\/wp-json\/wp\/v2\/comments?post=91852"}],"version-history":[{"count":0,"href":"https:\/\/cdnoticias.com\/index.php\/wp-json\/wp\/v2\/posts\/91852\/revisions"}],"wp:featuredmedia":[{"embeddable":true,"href":"https:\/\/cdnoticias.com\/index.php\/wp-json\/wp\/v2\/media\/91853"}],"wp:attachment":[{"href":"https:\/\/cdnoticias.com\/index.php\/wp-json\/wp\/v2\/media?parent=91852"}],"wp:term":[{"taxonomy":"category","embeddable":true,"href":"https:\/\/cdnoticias.com\/index.php\/wp-json\/wp\/v2\/categories?post=91852"},{"taxonomy":"post_tag","embeddable":true,"href":"https:\/\/cdnoticias.com\/index.php\/wp-json\/wp\/v2\/tags?post=91852"}],"curies":[{"name":"wp","href":"https:\/\/api.w.org\/{rel}","templated":true}]}}