{"id":91839,"date":"2023-08-07T17:31:13","date_gmt":"2023-08-07T20:31:13","guid":{"rendered":"https:\/\/www.centraldenoticias.com.ar\/?p=91839"},"modified":"2023-08-07T17:31:13","modified_gmt":"2023-08-07T20:31:13","slug":"la-facultad-de-ciencias-sociales-brindara-el-curso-de-lengua-de-senas","status":"publish","type":"post","link":"https:\/\/cdnoticias.com\/index.php\/2023\/08\/07\/la-facultad-de-ciencias-sociales-brindara-el-curso-de-lengua-de-senas\/","title":{"rendered":"La Facultad de Ciencias Sociales brindar\u00e1 el curso de Lengua de Se\u00f1as"},"content":{"rendered":"<p>Comenzar\u00e1 el s\u00e1bado 12 de agosto con encuentros presenciales quincenales. Cupos limitados. <!--more--><\/p>\n<hr \/>\n<p>El <strong>Laboratorio de Idiomas de la Facultad de Ciencias Sociales<\/strong> ofrecer\u00e1 el <strong>curso de Lengua de Se\u00f1as,<\/strong> Nivel principiante, el cual fue aprobado por la Direcci\u00f3n General de Cultura y Educaci\u00f3n de la provincia de Buenos Aires y otorgar\u00e1 puntaje docente.<\/p>\n<p>&nbsp;<\/p>\n<p>La propuesta formativa est\u00e1 destinada al fortalecimiento de nuevas formas y abordajes para ense\u00f1ar y comunicar, facilitar el desarrollo de una Competencia Comunicativa en LSA y promover la apropiaci\u00f3n cr\u00edtica de los elementos te\u00f3ricos-metodol\u00f3gicos de la misma. El curso busca dar una respuesta eficaz a esta necesidad comunicativa, para lo cual brinda las herramientas de comunicaci\u00f3n b\u00e1sicas, demostrando el m\u00e1ximo respeto hacia la cultura e identidad sorda.<\/p>\n<p>&nbsp;<\/p>\n<p>La propuesta cuenta con <strong>cupos limitados<\/strong> y estar\u00e1 a cargo de la docente Noelia D\u00edaz y el Instructor sordo Agust\u00edn Vitale. El curso se dictar\u00e1 a partir del <strong>s\u00e1bado 12 de agosto<\/strong> en el horario de 16:00 a 18:15, con <strong>encuentros presenciales quincenales<\/strong> en el Laboratorio de Idiomas de la Facultad de Ciencias Sociales (avenida Del Valle 5737).<\/p>\n<p>&nbsp;<\/p>\n<p>Por \u00faltimo, se indic\u00f3 que est\u00e1 destinado a docentes de Educaci\u00f3n Inicial, Primaria, Secundaria, Superior, Especial, Media, Adultos, Art\u00edstica, F\u00edsica, y otorga un puntaje de 0,24. La carga horaria ser\u00e1 de 42 horas reloj. Para inscribirte debes completar el formulario <a href=\"https:\/\/docs.google.com\/forms\/d\/142S2er0pZW67IiO_2ITpCGKsDMgB4sY_cB7QwH6eGB0\/viewform?edit_requested=true\" target=\"_blank\" rel=\"noopener\">disponible aqu\u00ed.<\/a> Para m\u00e1s informaci\u00f3n sobre la propuesta y aranceles, contactarse al correo de <a href=\"mailto:idiomas@soc.unicen.edu.ar\">idiomas@soc.unicen.edu.ar<\/a>.<\/p>\n","protected":false},"excerpt":{"rendered":"<p>Comenzar\u00e1 el s\u00e1bado 12 de agosto con encuentros presenciales quincenales. Cupos limitados.<\/p>\n","protected":false},"author":6,"featured_media":83263,"comment_status":"closed","ping_status":"closed","sticky":false,"template":"","format":"standard","meta":{"_jetpack_memberships_contains_paid_content":false,"footnotes":""},"categories":[5,1],"tags":[],"class_list":["post-91839","post","type-post","status-publish","format-standard","has-post-thumbnail","hentry","category-informacion-general","category-portada"],"jetpack_featured_media_url":"https:\/\/i0.wp.com\/cdnoticias.com\/wp-content\/uploads\/2023\/04\/Facultad-de-Ciencias-Sociales-1.jpg?fit=2000%2C1159&ssl=1","jetpack_sharing_enabled":true,"_links":{"self":[{"href":"https:\/\/cdnoticias.com\/index.php\/wp-json\/wp\/v2\/posts\/91839","targetHints":{"allow":["GET"]}}],"collection":[{"href":"https:\/\/cdnoticias.com\/index.php\/wp-json\/wp\/v2\/posts"}],"about":[{"href":"https:\/\/cdnoticias.com\/index.php\/wp-json\/wp\/v2\/types\/post"}],"author":[{"embeddable":true,"href":"https:\/\/cdnoticias.com\/index.php\/wp-json\/wp\/v2\/users\/6"}],"replies":[{"embeddable":true,"href":"https:\/\/cdnoticias.com\/index.php\/wp-json\/wp\/v2\/comments?post=91839"}],"version-history":[{"count":0,"href":"https:\/\/cdnoticias.com\/index.php\/wp-json\/wp\/v2\/posts\/91839\/revisions"}],"wp:featuredmedia":[{"embeddable":true,"href":"https:\/\/cdnoticias.com\/index.php\/wp-json\/wp\/v2\/media\/83263"}],"wp:attachment":[{"href":"https:\/\/cdnoticias.com\/index.php\/wp-json\/wp\/v2\/media?parent=91839"}],"wp:term":[{"taxonomy":"category","embeddable":true,"href":"https:\/\/cdnoticias.com\/index.php\/wp-json\/wp\/v2\/categories?post=91839"},{"taxonomy":"post_tag","embeddable":true,"href":"https:\/\/cdnoticias.com\/index.php\/wp-json\/wp\/v2\/tags?post=91839"}],"curies":[{"name":"wp","href":"https:\/\/api.w.org\/{rel}","templated":true}]}}