{"id":91778,"date":"2023-08-01T13:15:09","date_gmt":"2023-08-01T16:15:09","guid":{"rendered":"https:\/\/www.centraldenoticias.com.ar\/?p=91778"},"modified":"2023-08-01T18:39:24","modified_gmt":"2023-08-01T21:39:24","slug":"cecilia-moreau-no-hay-mayor-libertad-que-la-de-forjar-nuestro-futuro","status":"publish","type":"post","link":"https:\/\/cdnoticias.com\/index.php\/2023\/08\/01\/cecilia-moreau-no-hay-mayor-libertad-que-la-de-forjar-nuestro-futuro\/","title":{"rendered":"Cecilia Moreau: \u201cno hay mayor libertad que la de forjar nuestro futuro\u201d"},"content":{"rendered":"<p>La Presidenta de la C\u00e1mara de Diputados habl\u00f3 de las elecciones y la importancia de \u201cconstruir una mayor\u00eda en el Congreso\u201d con el liderazgo de \u201cSergio como Presidente\u201d.<\/p>\n<p><!--more--><\/p>\n<hr \/>\n<p>La<strong> Presidenta de la C\u00e1mara de Diputados, Cecilia Moreau<\/strong> expres\u00f3 que<strong> \u201cno hay mayor libertad que la de forjar nuestro propio futuro\u201d<\/strong> y agreg\u00f3 que <em>\u201clos argentinos contamos con la libertad de construir una Patria con autodeterminaci\u00f3n, los gobiernos que m\u00e1s libres nos hicieron fueron los que nos garantizaron derechos sociales\u201d<\/em>.<\/p>\n<p>&nbsp;<\/p>\n<blockquote><p>En declaraciones radiales, se\u00f1al\u00f3 que \u201cnecesitamos construir una mayor\u00eda en el Congreso a partir del 10 de diciembre, con Sergio como Presidente, para expandir los derechos en beneficio de los argentinos, para acompa\u00f1ar la gesti\u00f3n con m\u00e1s leyes y as\u00ed mejorar la calidad de vida de la gente\u201d.<\/p><\/blockquote>\n<p>&nbsp;<\/p>\n<p>En ese sentido, sostuvo tambi\u00e9n que \u201chay que trabajar muy fuerte en el Congreso para<strong> aumentar los derechos para los trabajadores<\/strong>, como el proyecto del diputado Palazzo para la jornada laboral, trabajar para que<strong> m\u00e1s personas terminen el secundario<\/strong>, <strong>ampliar las becas Progresar<\/strong>, necesitamos una mayor\u00eda en la C\u00e1mara que defienda <strong>derechos, libertades y cuide la soberan\u00eda nacional\u201d.<\/strong><\/p>\n<p>&nbsp;<\/p>\n<p>Al respecto, indic\u00f3 que \u201ceso es fundamental para la vida de los argentinos, porque si Macri hubiera mandado el endeudamiento a la C\u00e1mara de Diputados no se lo hubi\u00e9ramos aprobado\u201d y a\u00f1adi\u00f3 que la oposici\u00f3n \u201ctiene el concepto de que los pobres no llegan a la universidad, ponen a la educaci\u00f3n p\u00fablica en el segundo escal\u00f3n de prioridades\u201d.<\/p>\n<p>&nbsp;<\/p>\n<p>La titular de la C\u00e1mara baja sostuvo que \u201ca 40 a\u00f1os de recuperar la democracia<strong> es muy importante que la gente vaya a votar<\/strong>, nadie nos va arreglar milagrosamente los problemas de la noche a la ma\u00f1ana\u201d.<\/p>\n<p>&nbsp;<\/p>\n<p>Asimismo, subray\u00f3 que <strong>\u201cno hay que subestimar a los j\u00f3venes<\/strong>, ellos quieren estudiar, trabajar, progresar y formar un futuro\u201d y dijo que \u201cMilei no tiene propuesta, expresa violencia de todo tipo, es producto de un sector que quiere crear una alternativa, me niego a que sea una opci\u00f3n electoral competitiva porque los argentinos est\u00e1n para mucho m\u00e1s\u201d.<\/p>\n<p>&nbsp;<\/p>\n<p>Consultada por la oposici\u00f3n, manifest\u00f3 que Larreta y Bullrich \u201ctienen un \u00fanico jefe que es Mauricio Macri, que tiene una actitud intolerante, caprichosa, destructiva, no hay un jefe de la oposici\u00f3n dispuesto a que la Argentina le vaya bien, son fuertes con los d\u00e9biles y d\u00e9biles con los fuertes por eso se fugaron 46 mil millones de d\u00f3lares que nadie sabe d\u00f3nde est\u00e1n\u201d.<\/p>\n<p>&nbsp;<\/p>\n<blockquote><p>En tanto, afirm\u00f3 que \u201cUni\u00f3n por la Patria tiene los mejores hombres y mujeres, la gente nos quiere dar una oportunidad, tenemos a la dirigente m\u00e1s l\u00facida de la pol\u00edtica argentina como es Cristina, que no pudo ser candidata porque est\u00e1 proscripta y tom\u00f3 una actitud responsable para nuestro espacio pol\u00edtico y el futuro del pa\u00eds\u201d.<\/p><\/blockquote>\n<p>&nbsp;<\/p>\n","protected":false},"excerpt":{"rendered":"<p>La Presidenta de la C\u00e1mara de Diputados habl\u00f3 de las elecciones y la importancia de \u201cconstruir una mayor\u00eda en el<\/p>\n","protected":false},"author":4,"featured_media":91779,"comment_status":"closed","ping_status":"closed","sticky":false,"template":"","format":"standard","meta":{"_jetpack_memberships_contains_paid_content":false,"footnotes":""},"categories":[6],"tags":[],"class_list":["post-91778","post","type-post","status-publish","format-standard","has-post-thumbnail","hentry","category-nacionales"],"jetpack_featured_media_url":"https:\/\/i0.wp.com\/cdnoticias.com\/wp-content\/uploads\/2023\/08\/cecilia-moreau-03.jpg?fit=800%2C445&ssl=1","jetpack_sharing_enabled":true,"_links":{"self":[{"href":"https:\/\/cdnoticias.com\/index.php\/wp-json\/wp\/v2\/posts\/91778","targetHints":{"allow":["GET"]}}],"collection":[{"href":"https:\/\/cdnoticias.com\/index.php\/wp-json\/wp\/v2\/posts"}],"about":[{"href":"https:\/\/cdnoticias.com\/index.php\/wp-json\/wp\/v2\/types\/post"}],"author":[{"embeddable":true,"href":"https:\/\/cdnoticias.com\/index.php\/wp-json\/wp\/v2\/users\/4"}],"replies":[{"embeddable":true,"href":"https:\/\/cdnoticias.com\/index.php\/wp-json\/wp\/v2\/comments?post=91778"}],"version-history":[{"count":0,"href":"https:\/\/cdnoticias.com\/index.php\/wp-json\/wp\/v2\/posts\/91778\/revisions"}],"wp:featuredmedia":[{"embeddable":true,"href":"https:\/\/cdnoticias.com\/index.php\/wp-json\/wp\/v2\/media\/91779"}],"wp:attachment":[{"href":"https:\/\/cdnoticias.com\/index.php\/wp-json\/wp\/v2\/media?parent=91778"}],"wp:term":[{"taxonomy":"category","embeddable":true,"href":"https:\/\/cdnoticias.com\/index.php\/wp-json\/wp\/v2\/categories?post=91778"},{"taxonomy":"post_tag","embeddable":true,"href":"https:\/\/cdnoticias.com\/index.php\/wp-json\/wp\/v2\/tags?post=91778"}],"curies":[{"name":"wp","href":"https:\/\/api.w.org\/{rel}","templated":true}]}}