{"id":91765,"date":"2023-08-01T21:18:47","date_gmt":"2023-08-02T00:18:47","guid":{"rendered":"https:\/\/www.centraldenoticias.com.ar\/?p=91765"},"modified":"2023-08-01T21:18:47","modified_gmt":"2023-08-02T00:18:47","slug":"emergencias-medicas-es-importante-concientizar-a-los-vecinos-de-las-localidades-que-ante-un-evento-llamen-al-107","status":"publish","type":"post","link":"https:\/\/cdnoticias.com\/index.php\/2023\/08\/01\/emergencias-medicas-es-importante-concientizar-a-los-vecinos-de-las-localidades-que-ante-un-evento-llamen-al-107\/","title":{"rendered":"Emergencias M\u00e9dicas: \u201cEs importante concientizar a los vecinos de las localidades que ante un evento llamen al 107\u201d"},"content":{"rendered":"<p>As\u00ed lo manifest\u00f3 la Jefa de Emergencias de la zona serrana y rural, Dra. Jorgelina Montenegro. Adem\u00e1s, hizo hincapi\u00e9 en que es importante \u201cmantener la calma\u201d y brindar \u201cla mayor informaci\u00f3n\u201d para una atenci\u00f3n oportuna y de calidad.<\/p>\n<p><!--more--><\/p>\n<hr \/>\n<p>En la actualidad el Municipio de Olavarr\u00eda cuenta con <strong>7 bases operativas para la atenci\u00f3n de la Emergencia<\/strong>: <em>el Hospital Municipal \u201cH\u00e9ctor M. Cura\u201d con las distintas especialidades, el Hospital de Hinojo, el Hospital de Sierras Bayas, el CAPS N\u00b0 21 Loma Negra, el CAPS N\u00b0 4 de Sierra Chica, el Hospital de Espigas y el CAPS 14 de Recalde<\/em>.<\/p>\n<p>&nbsp;<\/p>\n<blockquote><p>La recepci\u00f3n del llamado de emergencia se realiza en su mayor\u00eda a trav\u00e9s del 107, efectores de salud de zona serrana y rural, Polic\u00eda, Bomberos, entre otros.<\/p><\/blockquote>\n<p>&nbsp;<\/p>\n<p>El <strong>107 es una l\u00ednea telef\u00f3nica gratuita que funciona las 24 horas<\/strong> del d\u00eda, los 365 d\u00edas del a\u00f1o, atendiendo las llamadas de emergencia del Municipio de Olavarr\u00eda. Las personas que reciben el llamado, codifican en distintos colores los pedidos de acuerdo a la gravedad de los mismos, lo que permite organizar los recursos disponibles para brindar una <strong>atenci\u00f3n r\u00e1pida y eficaz<\/strong>.<\/p>\n<p>&nbsp;<\/p>\n<p>Es frecuente que durante la atenci\u00f3n del llamado de Emergencia se hagan distintas preguntas, es importante <strong>mantener la calma<\/strong> y<strong> dar la mayor informaci\u00f3n posible<\/strong> de lo acontecido, esto permite dar una atenci\u00f3n oportuna y de calidad de la emergencia.<\/p>\n<p>&nbsp;<\/p>\n<p>Por ejemplo, <strong>ante un accidente con m\u00faltiples v\u00edctimas en ruta<\/strong> se despliega todo un sistema de atenci\u00f3n que involucra a m\u00faltiples actores: Salud, Bomberos y Defensa Civil, Polic\u00eda. Se organizan y despachan los equipos de emergencia de la zona ya sea serrana o rural y dos antecedentes teniendo en cuenta que <em>\u201cel Comit\u00e9 de Trauma se crea en funci\u00f3n de un accidente con v\u00edctimas m\u00faltiples que tuvo la ciudad de Olavarr\u00eda en el a\u00f1o 93. Posteriormente se realiza una puesta en com\u00fan con todos los efectores de emergencia que brindaron asistencia durante el accidente, donde se evaluaron los aspectos a mejorar. A partir de ah\u00ed se conforma el Comit\u00e9, que se re\u00fane peri\u00f3dicamente, una vez por semana, para reforzar este tipo de situaciones y para trabajar en el antes de que sucedan los hechos. Tenemos intervenci\u00f3n actualmente en todos los eventos, en todas las cuestiones que tengan que ver con la pronta atenci\u00f3n y la asistencia de personas que necesiten Bomberos, Emergencias M\u00e9dicas, Polic\u00eda. Trabajamos en forma mancomunada todas las fuerzas, todos los efectores de emergencia, donde se realizan mesas de trabajo, se plantean distintas hip\u00f3tesis y la posible resoluci\u00f3n de las mismas\u201d<\/em>.<\/p>\n<p>&nbsp;<\/p>\n<blockquote><p>Por su parte, la jefe de Emergencias de zona serrrana y rural, Dra. Jorgelina Montenegro, adelant\u00f3 que \u201cestamos proyectando brindar capacitaciones para los equipos de emergencia que reciben las llamadas, con la idea de ver qu\u00e9 datos son los que tienen que tomar para asegurar una respuesta r\u00e1pida y eficaz\u201d.<\/p><\/blockquote>\n<p>&nbsp;<\/p>\n<p>\u201cCuando alguien llama al 107, la radio operadora o la persona que recibe la llamada hace distintos tipos de preguntas: cu\u00e1ntas v\u00edctimas son, en qu\u00e9 estado se encuentran, la direcci\u00f3n exacta o un punto de referencia, toda esa informaci\u00f3n que se solicita en el momento de emergencias es para ayudar a una persona que quiz\u00e1s est\u00e1 bajo un estado de nerviosismo por la situaci\u00f3n que est\u00e1 atravesando\u201d, se\u00f1al\u00f3. Al mismo tiempo manifest\u00f3 <strong>\u201cqueremos reforzar que es importante brindar todo este tipo de datos, un tel\u00e9fono de contacto y mantener la comunicaci\u00f3n, as\u00ed en el mientras tanto se va organizando toda la respuesta para enviar asistencia al lugar donde suceda el hecho\u201d<\/strong>.<\/p>\n<p>&nbsp;<\/p>\n<p><img data-recalc-dims=\"1\" loading=\"lazy\" decoding=\"async\" class=\"size-full wp-image-91768 aligncenter\" src=\"https:\/\/i0.wp.com\/cdnoticias.com\/wp-content\/uploads\/2023\/08\/Salud-Comite-Trauma-emergencia-00.jpg?resize=800%2C445&#038;ssl=1\" alt=\"\" width=\"800\" height=\"445\" srcset=\"https:\/\/i0.wp.com\/cdnoticias.com\/wp-content\/uploads\/2023\/08\/Salud-Comite-Trauma-emergencia-00.jpg?w=800&amp;ssl=1 800w, https:\/\/i0.wp.com\/cdnoticias.com\/wp-content\/uploads\/2023\/08\/Salud-Comite-Trauma-emergencia-00.jpg?resize=300%2C167&amp;ssl=1 300w, https:\/\/i0.wp.com\/cdnoticias.com\/wp-content\/uploads\/2023\/08\/Salud-Comite-Trauma-emergencia-00.jpg?resize=768%2C427&amp;ssl=1 768w\" sizes=\"auto, (max-width: 800px) 100vw, 800px\" \/><\/p>\n<p>&nbsp;<\/p>\n<p>La Dra. Montenegro explic\u00f3 c\u00f3mo es el <strong>funcionamiento del sistema de emergencias<\/strong>. \u201cHay distintas bases operativas, cada localidad cuenta con un centro de salud, compuesto por m\u00e9dico, enfermeros, personal administrativo y de limpieza. A la hora de recibir el llamado de emergencia,<em> hay una central operativa, que funciona en el Hospital Municipal \u201cDr. H\u00e9ctor M. Cura\u201d, es atendida por telefonistas las 24 horas del d\u00eda, los 365 d\u00edas del a\u00f1o, que toman datos y en base a d\u00f3nde suceda el hecho, es hacia donde disponen todos los recursos<\/em>\u201d, detall\u00f3.<\/p>\n<p>&nbsp;<\/p>\n<blockquote><p>\u201cEn cada lugar tenemos una ambulancia y sale el equipo conformado por m\u00e9dico, enfermero y chofer para hacer la atenci\u00f3n pre hospitalaria del paciente, y de acuerdo a la condici\u00f3n en la que se encuentre o que requiera es al centro de salud donde se lo traslada, generalmente al Hospital Municipal\u201d.<\/p><\/blockquote>\n<p>&nbsp;<\/p>\n<p>La profesional plante\u00f3 que \u201ccuando hay que organizar la asistencia ante un<strong> incendio, accidente en ruta o descarrilamiento de un tren<\/strong>, por ejemplo, se van convocando a los diferentes efectores de salud teniendo en cuenta la cantidad de v\u00edctimas y ah\u00ed se disponen de todas las ambulancias y los equipos de salud que tenemos en zona serrana, de acuerdo al radio donde ocurra, y tambi\u00e9n con refuerzo de la base del Hospital. Tambi\u00e9n intervienen en todos esos hechos Polic\u00eda, Defensa Civil y Bomberos\u201d.<\/p>\n<p>&nbsp;<\/p>\n<p>En este sentido subray\u00f3 que \u201clo importante es que cualquier vecino que este en la ciudad de Olavarr\u00eda, en cualquier localidad, Hinojo, Sierras Bayas, Espigas, o donde fuere, tiene que <strong>llamar al 107, donde lo va a atender una persona que tiene conocimiento en qu\u00e9 lugar est\u00e1 cada ambulancia y va a tratar de brindar la mejor respuesta\u201d<\/strong>.<\/p>\n<p>&nbsp;<\/p>\n<p><img data-recalc-dims=\"1\" loading=\"lazy\" decoding=\"async\" class=\"size-full wp-image-89735 aligncenter\" src=\"https:\/\/i0.wp.com\/cdnoticias.com\/wp-content\/uploads\/2023\/07\/hospital-guardia-ambulancia-02.jpg?resize=800%2C445&#038;ssl=1\" alt=\"\" width=\"800\" height=\"445\" srcset=\"https:\/\/i0.wp.com\/cdnoticias.com\/wp-content\/uploads\/2023\/07\/hospital-guardia-ambulancia-02.jpg?w=800&amp;ssl=1 800w, https:\/\/i0.wp.com\/cdnoticias.com\/wp-content\/uploads\/2023\/07\/hospital-guardia-ambulancia-02.jpg?resize=300%2C167&amp;ssl=1 300w, https:\/\/i0.wp.com\/cdnoticias.com\/wp-content\/uploads\/2023\/07\/hospital-guardia-ambulancia-02.jpg?resize=768%2C427&amp;ssl=1 768w\" sizes=\"auto, (max-width: 800px) 100vw, 800px\" \/><\/p>\n<p>&nbsp;<\/p>\n<p>Adem\u00e1s precis\u00f3 que \u201cen la llamada le pedimos a la persona que se comunica que d\u00e9 un punto de referencia donde se encuentra, la direcci\u00f3n exacta, tel\u00e9fono de contacto por si se corta la comunicaci\u00f3n y que brinde la informaci\u00f3n necesaria para que la radio operadora o el enfermero le pide para<strong> poder enviar el m\u00f3vil de emergencias al lugar\u201d.<\/strong><\/p>\n<p>&nbsp;<\/p>\n<p><strong>Viviana Schneider, Subdirectora de Atenci\u00f3n Primaria de la Salud<\/strong>, agreg\u00f3 que \u201c<strong>Monitoreo tambi\u00e9n nos ayuda<\/strong> a precisar el lugar, la ubicaci\u00f3n exacta, a trav\u00e9s de las c\u00e1maras nos sirven de gu\u00eda para poder llegar a la zona con la ambulancia\u201d.<\/p>\n<p>&nbsp;<\/p>\n<blockquote><p>Otro de los aspectos en los que hizo hincapi\u00e9 es en que se est\u00e1 trabajando en las estad\u00edsticas en cuanto a los siniestros viales, de los cuales se desprende que en un mayor porcentaje se encuentran involucrados motociclistas. \u201cEstamos trabajando con Defensa Civil, Polic\u00eda y todos los dem\u00e1s efectores para ver c\u00f3mo se puede prevenir este tipo de siniestros\u201d, dijo Schneider.<\/p><\/blockquote>\n<p>&nbsp;<\/p>\n<p>Por otra parte reconoci\u00f3 que<strong> \u201cse ha mejorado much\u00edsimo la capacidad de respuesta<\/strong>, los tiempos de la ambulancia, por ejemplo el tiempo que se tarda en llegar del barrio CECO al Hospital\u201d.<\/p>\n<p>&nbsp;<\/p>\n<p>En tanto que <strong>Sa\u00fal Sosa (param\u00e9dico e instructor universitario en RCP, DEA y Primeros Auxilios)<\/strong> se\u00f1al\u00f3 que se est\u00e1 trabajando en la <strong>capacitaci\u00f3n del personal<\/strong> para mejorar la asistencia en emergencias. \u201cSe est\u00e1 buscando implementar adem\u00e1s del llamado donde se toman datos b\u00e1sicos, transformar tanto al operador telef\u00f3nico como a la persona que est\u00e1 en el lugar de emergencias en activos, que el operador pueda guiar pre arribo a la persona que est\u00e1 ah\u00ed para que pueda brindar un atenci\u00f3n de ser posible\u201d.<\/p>\n<p>&nbsp;<\/p>\n<blockquote><p>\u201cEs algo complejo, que hay que ir instrument\u00e1ndolo, pero la idea es que mientras uno est\u00e1 trabajando, en el momento logra que este tiempo de 8 o 10 minutos se haga m\u00e1s acotado para la persona que est\u00e1 esperando, y que a su vez cuando llega el sistema de salud a atender a esa persona que est\u00e1 en una situaci\u00f3n complicada, se encuentre a alguien con m\u00e1s posibilidades de sobrevida. Hay situaciones en las que si no se hace una intervenci\u00f3n inmediata le cuesta m\u00e1s incluso al personal de salud actuar sobre el hecho\u201d, aport\u00f3 Sosa.<\/p><\/blockquote>\n<p>&nbsp;<\/p>\n<p>\u201cUn caso es cuando tenemos <strong>un paro card\u00edaco<\/strong>, que mientras se realiza la llamada, el telefonista puede dar indicaciones para que comience a realizarse la reanimaci\u00f3n cardio pulmonar. Es muy importante que mientras llega la ambulancia se<strong> inician esas maniobras porque pueden salvar vidas\u201d<\/strong>, sostuvo por su parte la Dra. Jorgelina Montenegro.<\/p>\n<p>&nbsp;<\/p>\n<p>\u201cEn el radio de la ciudad y las localidades hay distintos <strong>desfibriladores (que pueden rastrearse a trav\u00e9s de <a href=\"https:\/\/mapas.olavarria.gov.ar\/plano.html?parameter1=8&amp;parameter2=SALUD%20Y%20DESARROLLO%20SOCIAL&amp;parameter3=&amp;\" target=\"_blank\" rel=\"noopener\">un mapa interactivo<\/a>)<\/strong> que cualquier vecino puede disponer ante un caso de emergencias de este tipo\u201d.<\/p>\n<p>&nbsp;<\/p>\n<p><img data-recalc-dims=\"1\" loading=\"lazy\" decoding=\"async\" class=\"size-full wp-image-91769 aligncenter\" src=\"https:\/\/i0.wp.com\/cdnoticias.com\/wp-content\/uploads\/2023\/08\/mapa-de-desfibriladores.jpg?resize=800%2C446&#038;ssl=1\" alt=\"\" width=\"800\" height=\"446\" srcset=\"https:\/\/i0.wp.com\/cdnoticias.com\/wp-content\/uploads\/2023\/08\/mapa-de-desfibriladores.jpg?w=800&amp;ssl=1 800w, https:\/\/i0.wp.com\/cdnoticias.com\/wp-content\/uploads\/2023\/08\/mapa-de-desfibriladores.jpg?resize=300%2C167&amp;ssl=1 300w, https:\/\/i0.wp.com\/cdnoticias.com\/wp-content\/uploads\/2023\/08\/mapa-de-desfibriladores.jpg?resize=768%2C428&amp;ssl=1 768w\" sizes=\"auto, (max-width: 800px) 100vw, 800px\" \/><\/p>\n<p>&nbsp;<\/p>\n<blockquote><p>Al final de la reuni\u00f3n de trabajo, la jefa de Emergencias de la zona serrana y rural, enfatiz\u00f3 nuevamente en la importancia de llamar al 107 \u201cporque las personas que est\u00e1n detr\u00e1s del tel\u00e9fono tienen una georeferenciaci\u00f3n de d\u00f3nde se encuentran todos los m\u00f3viles y donde ocurren los hechos. Con la idea de manejar todos los recursos para que llegue de una manera r\u00e1pida. Por ejemplo si tenemos un accidente en puente Querand\u00edes, el lugar m\u00e1s cercano es el CAPS N\u00b0 21 de Loma Negra, en primer lugar se brindar\u00e1 asistencia desde all\u00ed, pero tambi\u00e9n se va a brindar apoyo desde el Hospital y de todos los efectores que sean necesarios de acuerdo a la cantidad de personas involucradas\u201d.<\/p><\/blockquote>\n<p>&nbsp;<\/p>\n<p>\u201cEs fundamental entonces que esos minutos de comunicaci\u00f3n sean efectivos\u201d, asever\u00f3.<\/p>\n<p>&nbsp;<\/p>\n<p>Montenegro destac\u00f3 que<strong> \u201ces un trabajo en equipo,<\/strong> no solo de Salud, sino Bomberos, Defensa Civil, Polic\u00eda, Monitoreo. Detr\u00e1s de cada llamado de emergencia son muchas las personas que est\u00e1n trabajando para tratar de brindar una buena respuesta\u201d.<\/p>\n<p>&nbsp;<\/p>\n<p>\u201cEs importante <strong>concientizar a los vecinos de las distintas localidades y de la ciudad<\/strong> que ante un evento que requiera la atenci\u00f3n del equipo de salud llamen al 107\u201d remarc\u00f3 como mensaje final.<\/p>\n<p>&nbsp;<\/p>\n","protected":false},"excerpt":{"rendered":"<p>As\u00ed lo manifest\u00f3 la Jefa de Emergencias de la zona serrana y rural, Dra. Jorgelina Montenegro. Adem\u00e1s, hizo hincapi\u00e9 en<\/p>\n","protected":false},"author":4,"featured_media":91766,"comment_status":"closed","ping_status":"closed","sticky":false,"template":"","format":"standard","meta":{"_jetpack_memberships_contains_paid_content":false,"footnotes":""},"categories":[5,1],"tags":[],"class_list":["post-91765","post","type-post","status-publish","format-standard","has-post-thumbnail","hentry","category-informacion-general","category-portada"],"jetpack_featured_media_url":"https:\/\/i0.wp.com\/cdnoticias.com\/wp-content\/uploads\/2023\/08\/jorgelina-montenegro-medica.jpg?fit=800%2C445&ssl=1","jetpack_sharing_enabled":true,"_links":{"self":[{"href":"https:\/\/cdnoticias.com\/index.php\/wp-json\/wp\/v2\/posts\/91765","targetHints":{"allow":["GET"]}}],"collection":[{"href":"https:\/\/cdnoticias.com\/index.php\/wp-json\/wp\/v2\/posts"}],"about":[{"href":"https:\/\/cdnoticias.com\/index.php\/wp-json\/wp\/v2\/types\/post"}],"author":[{"embeddable":true,"href":"https:\/\/cdnoticias.com\/index.php\/wp-json\/wp\/v2\/users\/4"}],"replies":[{"embeddable":true,"href":"https:\/\/cdnoticias.com\/index.php\/wp-json\/wp\/v2\/comments?post=91765"}],"version-history":[{"count":0,"href":"https:\/\/cdnoticias.com\/index.php\/wp-json\/wp\/v2\/posts\/91765\/revisions"}],"wp:featuredmedia":[{"embeddable":true,"href":"https:\/\/cdnoticias.com\/index.php\/wp-json\/wp\/v2\/media\/91766"}],"wp:attachment":[{"href":"https:\/\/cdnoticias.com\/index.php\/wp-json\/wp\/v2\/media?parent=91765"}],"wp:term":[{"taxonomy":"category","embeddable":true,"href":"https:\/\/cdnoticias.com\/index.php\/wp-json\/wp\/v2\/categories?post=91765"},{"taxonomy":"post_tag","embeddable":true,"href":"https:\/\/cdnoticias.com\/index.php\/wp-json\/wp\/v2\/tags?post=91765"}],"curies":[{"name":"wp","href":"https:\/\/api.w.org\/{rel}","templated":true}]}}