{"id":91762,"date":"2023-08-02T08:11:30","date_gmt":"2023-08-02T11:11:30","guid":{"rendered":"https:\/\/www.centraldenoticias.com.ar\/?p=91762"},"modified":"2023-08-02T08:11:30","modified_gmt":"2023-08-02T11:11:30","slug":"la-provincia-creo-un-programa-de-acceso-a-la-justicia-con-perspectiva-de-genero","status":"publish","type":"post","link":"https:\/\/cdnoticias.com\/index.php\/2023\/08\/02\/la-provincia-creo-un-programa-de-acceso-a-la-justicia-con-perspectiva-de-genero\/","title":{"rendered":"La Provincia cre\u00f3 un programa de acceso a la Justicia con perspectiva de g\u00e9nero"},"content":{"rendered":"<p>La iniciativa est\u00e1 dirigida a mujeres y personas LGTBI+ en conflicto con la ley penal y a profesionales de derecho que ejerzan la defensa tanto p\u00fablica como privada.<br \/>\n<!--more--><\/p>\n<hr \/>\n<p>El Gobierno bonaerense cre\u00f3 el <strong>Programa \u201cAcceso a la Justicia con perspectiva de G\u00e9nero\u201d<\/strong>, con el objetivo de <strong>contribuir en la perspectiva de g\u00e9nero en las pr\u00e1cticas judiciales<\/strong> en el marco de <strong>procesos penales contra mujeres y personas LGTBI+<\/strong>.<\/p>\n<p>&nbsp;<\/p>\n<p>La propuesta, oficializada este martes 1\u00ba de agosto a trav\u00e9s de la resoluci\u00f3n 12 en el Bolet\u00edn Oficial del distrito, estar\u00e1 bajo la<strong> \u00f3rbita de la Subsecretar\u00eda de Pol\u00edticas de G\u00e9nero y Diversidad Sexual<\/strong> del Ministerio de Mujeres, Pol\u00edticas de G\u00e9neros y Diversidad Sexual y de la <strong>Subsecretar\u00eda de Pol\u00edtica Criminal<\/strong> del Ministerio de Justicia y Derechos Humanos.<\/p>\n<p>&nbsp;<\/p>\n<blockquote><p>En los fundamentos de la medida, se destac\u00f3 que el programa tiene como objetivo \u201ccontribuir a la transversalizaci\u00f3n de la perspectiva de g\u00e9nero interseccional en las pr\u00e1cticas judiciales y estrategias defensivas, en el marco de procesos penales, y promover el acceso a la justicia de las mujeres y personas LGTBI+ en conflicto con la ley penal de la provincia de Buenos Aires\u201d.<\/p><\/blockquote>\n<p>&nbsp;<\/p>\n<p>La iniciativa est\u00e1 dirigida a mujeres y personas LGTBI+ en conflicto con la ley penal por causas vinculadas con la <strong>criminalizaci\u00f3n del ejercicio de la leg\u00edtima defensa en contexto de violencia por razones de g\u00e9nero, emergencias obst\u00e9tricas y delitos omisivos en relaci\u00f3n al cuidado<\/strong> y a <strong>profesionales de derecho<\/strong> que ejerzan la defensa tanto p\u00fablica como privada.<\/p>\n<p>&nbsp;<\/p>\n<p>\u201cResulta fundamental generar pol\u00edticas que contribuyan a la concientizaci\u00f3n y fomento de la capacidad de los agentes de los Sistemas de Justicia, para <strong>eliminar estereotipos e incorporar una perspectiva de g\u00e9nero en todos los aspectos del sistema de justicia penal de la Provincia<\/strong>, as\u00ed como aquellas que promuevan el acceso a la justicia de las mujeres y personas LGTBI+ en conflicto con la ley penal\u201d, se indic\u00f3.<\/p>\n<p>&nbsp;<\/p>\n<p>Fuente: <em>Agencia DIB<\/em><\/p>\n<p>&nbsp;<\/p>\n","protected":false},"excerpt":{"rendered":"<p>La iniciativa est\u00e1 dirigida a mujeres y personas LGTBI+ en conflicto con la ley penal y a profesionales de derecho<\/p>\n","protected":false},"author":4,"featured_media":91763,"comment_status":"closed","ping_status":"closed","sticky":false,"template":"","format":"standard","meta":{"_jetpack_memberships_contains_paid_content":false,"footnotes":""},"categories":[3,1],"tags":[],"class_list":["post-91762","post","type-post","status-publish","format-standard","has-post-thumbnail","hentry","category-genero","category-portada"],"jetpack_featured_media_url":"https:\/\/i0.wp.com\/cdnoticias.com\/wp-content\/uploads\/2023\/08\/DIB-Dia-de-lucha-contra-la-violencia-de-genero.jpg?fit=800%2C445&ssl=1","jetpack_sharing_enabled":true,"_links":{"self":[{"href":"https:\/\/cdnoticias.com\/index.php\/wp-json\/wp\/v2\/posts\/91762","targetHints":{"allow":["GET"]}}],"collection":[{"href":"https:\/\/cdnoticias.com\/index.php\/wp-json\/wp\/v2\/posts"}],"about":[{"href":"https:\/\/cdnoticias.com\/index.php\/wp-json\/wp\/v2\/types\/post"}],"author":[{"embeddable":true,"href":"https:\/\/cdnoticias.com\/index.php\/wp-json\/wp\/v2\/users\/4"}],"replies":[{"embeddable":true,"href":"https:\/\/cdnoticias.com\/index.php\/wp-json\/wp\/v2\/comments?post=91762"}],"version-history":[{"count":0,"href":"https:\/\/cdnoticias.com\/index.php\/wp-json\/wp\/v2\/posts\/91762\/revisions"}],"wp:featuredmedia":[{"embeddable":true,"href":"https:\/\/cdnoticias.com\/index.php\/wp-json\/wp\/v2\/media\/91763"}],"wp:attachment":[{"href":"https:\/\/cdnoticias.com\/index.php\/wp-json\/wp\/v2\/media?parent=91762"}],"wp:term":[{"taxonomy":"category","embeddable":true,"href":"https:\/\/cdnoticias.com\/index.php\/wp-json\/wp\/v2\/categories?post=91762"},{"taxonomy":"post_tag","embeddable":true,"href":"https:\/\/cdnoticias.com\/index.php\/wp-json\/wp\/v2\/tags?post=91762"}],"curies":[{"name":"wp","href":"https:\/\/api.w.org\/{rel}","templated":true}]}}