{"id":91760,"date":"2023-08-01T10:38:26","date_gmt":"2023-08-01T13:38:26","guid":{"rendered":"https:\/\/www.centraldenoticias.com.ar\/?p=91760"},"modified":"2023-08-01T10:38:26","modified_gmt":"2023-08-01T13:38:26","slug":"se-firmo-el-contrato-para-iniciar-la-4a-etapa-de-repavimentacion-de-avenida-avellaneda","status":"publish","type":"post","link":"https:\/\/cdnoticias.com\/index.php\/2023\/08\/01\/se-firmo-el-contrato-para-iniciar-la-4a-etapa-de-repavimentacion-de-avenida-avellaneda\/","title":{"rendered":"Se firm\u00f3 el contrato para iniciar la 4\u00aa etapa de repavimentaci\u00f3n de avenida Avellaneda"},"content":{"rendered":"<p>La obra comprende el tramo entre las calles 201 y 217. Inversi\u00f3n de 119,8 millones de pesos. Los trabajos comenzar\u00e1n en breve.<\/p>\n<p><!--more--><\/p>\n<hr \/>\n<p>En las \u00faltimas horas el <strong>intendente municipal Ezequiel Galli<\/strong> firm\u00f3 el contrato con la empresa a la que le fue <strong>adjudicada la cuarta etapa de repavimentaci\u00f3n de la avenida Avellaneda<\/strong>, lo que permitir\u00e1 <strong>iniciar pr\u00f3ximamente las tareas<\/strong> en el tramo que comprende <strong>entre las calles 201 y 217<\/strong>.<\/p>\n<p>&nbsp;<\/p>\n<p>La firma encargada en llevar adelante la obra ser\u00e1 <strong>Demoliciones Olavarr\u00eda<\/strong>, con un presupuesto cercano a los <strong>120 millones de pesos.<\/strong><\/p>\n<p>&nbsp;<\/p>\n<p>Todo se enmarca en la <a href=\"https:\/\/cdnoticias.com\/index.php\/2023\/06\/16\/se-licito-la-tercera-y-cuarta-etapa-de-repavimentacion-de-avenida-avellaneda\/\" target=\"_blank\" rel=\"noopener\">Licitaci\u00f3n P\u00fablica 27\/2023, cuyo acto de apertura a cotizaciones se realiz\u00f3 a mediados de junio<\/a>, con la participaci\u00f3n de tres oferentes.<\/p>\n<p>&nbsp;<\/p>\n<p>Se recuerda que se realizar\u00e1 una carpeta de rodamiento de H\u00b0S\u00b0 de 0,18 metros de espesor asentada sobre una base de tosca compactada de 0,40 metros de espesor en dos capas de 0,20 metros de espesor cada una. Esta obra incluye, adem\u00e1s, banquinas de tosca compactada de 3,00 metros de ancho.<\/p>\n<p>&nbsp;<\/p>\n<p>Adem\u00e1s, la obra incluye un sector de bicisendas que permitir\u00e1 el desarrollo de actividades f\u00edsicas y el transito seguro de ciclistas. <strong>\u201cSeguimos avanzando con esta obra que es muy importante para todos los vecinos de Olavarr\u00eda\u201d<\/strong>, enfatiz\u00f3 el jefe comunal.<\/p>\n<p>&nbsp;<\/p>\n<p>Vale recordar, por \u00faltimo, que tambi\u00e9n en el transcurso de las \u00faltimas horas <a href=\"https:\/\/cdnoticias.com\/index.php\/2023\/07\/31\/galli-firmo-los-contratos-para-iniciar-tres-importantes-obras\/\" target=\"_blank\" rel=\"noopener\">el intendente Galli firm\u00f3 los contratos correspondientes a otras tres importantes obras<\/a>, puntualmente la primera etapa de repavimentaci\u00f3n de la calle Cerrito, la primera etapa de Colector Cloacal Norte y la tercera etapa de repavimentaci\u00f3n de la citada avenida Avellaneda.<\/p>\n<p>&nbsp;<\/p>\n","protected":false},"excerpt":{"rendered":"<p>La obra comprende el tramo entre las calles 201 y 217. Inversi\u00f3n de 119,8 millones de pesos. Los trabajos comenzar\u00e1n<\/p>\n","protected":false},"author":4,"featured_media":82664,"comment_status":"closed","ping_status":"closed","sticky":false,"template":"","format":"standard","meta":{"_jetpack_memberships_contains_paid_content":false,"footnotes":""},"categories":[5,1],"tags":[],"class_list":["post-91760","post","type-post","status-publish","format-standard","has-post-thumbnail","hentry","category-informacion-general","category-portada"],"jetpack_featured_media_url":"https:\/\/i0.wp.com\/cdnoticias.com\/wp-content\/uploads\/2023\/04\/avellaneda1-1024x684-1.jpg?fit=1024%2C684&ssl=1","jetpack_sharing_enabled":true,"_links":{"self":[{"href":"https:\/\/cdnoticias.com\/index.php\/wp-json\/wp\/v2\/posts\/91760","targetHints":{"allow":["GET"]}}],"collection":[{"href":"https:\/\/cdnoticias.com\/index.php\/wp-json\/wp\/v2\/posts"}],"about":[{"href":"https:\/\/cdnoticias.com\/index.php\/wp-json\/wp\/v2\/types\/post"}],"author":[{"embeddable":true,"href":"https:\/\/cdnoticias.com\/index.php\/wp-json\/wp\/v2\/users\/4"}],"replies":[{"embeddable":true,"href":"https:\/\/cdnoticias.com\/index.php\/wp-json\/wp\/v2\/comments?post=91760"}],"version-history":[{"count":0,"href":"https:\/\/cdnoticias.com\/index.php\/wp-json\/wp\/v2\/posts\/91760\/revisions"}],"wp:featuredmedia":[{"embeddable":true,"href":"https:\/\/cdnoticias.com\/index.php\/wp-json\/wp\/v2\/media\/82664"}],"wp:attachment":[{"href":"https:\/\/cdnoticias.com\/index.php\/wp-json\/wp\/v2\/media?parent=91760"}],"wp:term":[{"taxonomy":"category","embeddable":true,"href":"https:\/\/cdnoticias.com\/index.php\/wp-json\/wp\/v2\/categories?post=91760"},{"taxonomy":"post_tag","embeddable":true,"href":"https:\/\/cdnoticias.com\/index.php\/wp-json\/wp\/v2\/tags?post=91760"}],"curies":[{"name":"wp","href":"https:\/\/api.w.org\/{rel}","templated":true}]}}