{"id":91716,"date":"2023-07-31T19:03:28","date_gmt":"2023-07-31T22:03:28","guid":{"rendered":"https:\/\/www.centraldenoticias.com.ar\/?p=91716"},"modified":"2023-07-31T20:07:39","modified_gmt":"2023-07-31T23:07:39","slug":"licencias-de-conducir-cualquier-cambio-de-datos-en-el-dni-implica-un-reemplazo-para-no-entrar-en-caducidad","status":"publish","type":"post","link":"https:\/\/cdnoticias.com\/index.php\/2023\/07\/31\/licencias-de-conducir-cualquier-cambio-de-datos-en-el-dni-implica-un-reemplazo-para-no-entrar-en-caducidad\/","title":{"rendered":"Licencias de Conducir: \u201cCualquier cambio de datos en el DNI implica un reemplazo para no entrar en caducidad\u201d"},"content":{"rendered":"<p>El director de Licencias de Conducir de la Municipalidad de Olavarr\u00eda, Leandro Lanceta, inici\u00f3 su explicaci\u00f3n acerca de un tr\u00e1mite que se realiza de manera frecuente en el Sal\u00f3n Rivadavia.<!--more--><\/p>\n<hr \/>\n<p><em><strong>\u201cLa licencia de conducir tiene que ser un fiel reflejo de datos con el DNI\u201d<\/strong><\/em>. De esa manera el director de Licencias de Conducir de la Municipalidad de Olavarr\u00eda, <strong>Leandro Lanceta<\/strong>, inici\u00f3 su explicaci\u00f3n acerca de un tr\u00e1mite que se realiza de manera frecuente en el Sal\u00f3n Rivadavia pero que tambi\u00e9n suele ocasionar contratiempos en aquellas personas que no tienen en cuenta esta situaci\u00f3n al realizar<strong> cambios de datos en su documento nacional de identidad.<\/strong><\/p>\n<p>&nbsp;<\/p>\n<p>\u201cLa caducidad tiene que ver cuando una persona hace cualquier cambio de datos en su DNI. Normalmente lo que m\u00e1s ocurre es cuando cambias el <strong>domicilio de tu DNI<\/strong>, puede ocurrir que se cambie tambi\u00e9n el <strong>apellido o el g\u00e9nero\u201d,<\/strong> explic\u00f3 el funcionario municipal. En ese sentido, a\u00f1adi\u00f3 que \u201c<em><strong>estos tres tipos de cambios implican que, desde que se hace ese cambio en el Renaper (Registro Nacional de las Personas), ten\u00e9s 90 d\u00edas para hacer lo que se llama un reemplazo de la licencia de conducir\u201d.<\/strong><\/em><\/p>\n<p>&nbsp;<\/p>\n<blockquote><p>El tr\u00e1mite se inicia al igual que la renovaci\u00f3n o la obtenci\u00f3n de la licencia, que es requiriendo turno a trav\u00e9s de la p\u00e1gina del Municipio. Pero el dato a tener en cuenta es que, al tratarse de un reemplazo -debe ser buscado de esta manera en la solapa-, \u201ctenemos turno de un d\u00eda para el otro\u201d.<\/p><\/blockquote>\n<p>&nbsp;<\/p>\n<p>Inclusive, el tr\u00e1mite en s\u00ed es mucho m\u00e1s simple y r\u00e1pido ya que \u201csi la persona tiene domicilio en la Olavarr\u00eda y su licencia est\u00e1 radicada en Olavarr\u00eda, simplemente se pagan unas boletas, que en lo econ\u00f3mico son m\u00e1s baratas que cuando vas a hacer una licencia de renovaci\u00f3n o una original, se saca nuevamente la foto, se reemplazan los datos y te vas con la licencia en la que se respeta la fecha de vigencia, es decir la que ten\u00edas anteriormente\u201d.<\/p>\n<p>&nbsp;<\/p>\n<p><em><strong>\u201cEs una cuesti\u00f3n que nos pasa muy a menudo, que tratamos nosotros de hacer hincapi\u00e9 todo el tiempo, que la gente sepa esta informaci\u00f3n, que sepa que cualquier cambio de dato en su DNI implica un reemplazo\u201d,<\/strong><\/em> subray\u00f3.<\/p>\n<p>&nbsp;<\/p>\n<p><strong>\u201cTenemos turnos de renovaci\u00f3n com\u00fan a 3 d\u00edas, hace un a\u00f1o ten\u00edamos a 4 meses\u201d<\/strong><\/p>\n<p>&nbsp;<\/p>\n<p>En la ocasi\u00f3n Lanceta tambi\u00e9n puso el acento en c\u00f3mo la implementaci\u00f3n de distintos cambios y pol\u00edticas en pos de la comunidad han permitido acelerar considerablemente los tiempos de espera para poder culminar con el tr\u00e1mite.<\/p>\n<p>&nbsp;<\/p>\n<p><strong>\u201cHemos bajado el tiempo de espera\u201d,<\/strong> enfatiz\u00f3 el Director de Licencias y expres\u00f3 que si una persona hoy consulta el portal de la municipalidad podr\u00e1 encontrar turnos para el pr\u00f3ximo 3 de agosto. \u201c<em><strong>Tenemos turnos de para renovaciones comunes a 3 d\u00edas, hace unos a\u00f1os ten\u00edamos a 4 meses\u201d, <\/strong><\/em>resalt\u00f3 y a\u00f1adi\u00f3 que esa mejora tambi\u00e9n es palpable en los plazos para renovaciones profesionales o licencias nuevas.<\/p>\n<p>&nbsp;<\/p>\n<p>Esta mejora se explica en parte en la cantidad de turnos que se entregan y se recepcionan en el Sal\u00f3n Rivadavia. Al respecto detall\u00f3 que actualmente <strong>se otorgan alrededor de 100 turnos diarios,<\/strong> \u201cen \u00e9poca de vacaciones fue un poquito m\u00e1s, 110 o 115, pero el promedio es de 90 o 100 personas\u201d, explic\u00f3.<\/p>\n<p>&nbsp;<\/p>\n<blockquote><p>\u201cEstamos teniendo much\u00edsimos menos reclamos, de todo tipo\u201d, continu\u00f3 y se\u00f1al\u00f3 que esta evoluci\u00f3n tambi\u00e9n puede verse en La M\u00e1xima, donde se encuentra el espacio donde se lleva a cabo la prueba de manejo. \u201cEstamos atendiendo 45 personas por d\u00eda de lunes a viernes, pero se atiende tambi\u00e9n los s\u00e1bados un promedio de 28 personas\u201d, revel\u00f3.<\/p><\/blockquote>\n<p>&nbsp;<\/p>\n<p><em>\u201cTodo esto ha logrado al bajar la cantidad de turnos que damos, por ende es m\u00e1s el tiempo que la gente tiene para rendir y con hemos logrado mejorar mucho la experiencia y la situaci\u00f3n que all\u00ed se registra. La verdad es que pr\u00e1cticamente no se registran quejas, es m\u00e1s mucha gente viene luego a felicitarnos por el trato\u201d,<\/em> sostuvo Lanceta.<\/p>\n<p>&nbsp;<\/p>\n<p>En ese marco, no dej\u00f3 pasar la ocasi\u00f3n para agradecer y poner el acento en la labor que realiza el personal del \u00e1rea, en todas las instancias del tr\u00e1mite. \u201cLa realidad de todo esto es el trabajo que ellos realizan, son los que ponen el pecho. Ha habido un cambio de actitud y nosotros siempre ponemos el \u00e9nfasis en el trato con la gente, esa es la prioridad, m\u00e1s all\u00e1 que quiz\u00e1s no se le puedan solucionar los problemas al vecino. Pero se le dice, se le explica, se le tiene paciencia y eso se nota\u201d, concluy\u00f3.<\/p>\n","protected":false},"excerpt":{"rendered":"<p>El director de Licencias de Conducir de la Municipalidad de Olavarr\u00eda, Leandro Lanceta, inici\u00f3 su explicaci\u00f3n acerca de un tr\u00e1mite<\/p>\n","protected":false},"author":6,"featured_media":53376,"comment_status":"closed","ping_status":"closed","sticky":false,"template":"","format":"standard","meta":{"_jetpack_memberships_contains_paid_content":false,"footnotes":""},"categories":[5,1],"tags":[],"class_list":["post-91716","post","type-post","status-publish","format-standard","has-post-thumbnail","hentry","category-informacion-general","category-portada"],"jetpack_featured_media_url":"https:\/\/i0.wp.com\/cdnoticias.com\/wp-content\/uploads\/2022\/05\/Licencias-Charla-Seguridas-Vial-1024x682-1.jpg?fit=1024%2C682&ssl=1","jetpack_sharing_enabled":true,"_links":{"self":[{"href":"https:\/\/cdnoticias.com\/index.php\/wp-json\/wp\/v2\/posts\/91716","targetHints":{"allow":["GET"]}}],"collection":[{"href":"https:\/\/cdnoticias.com\/index.php\/wp-json\/wp\/v2\/posts"}],"about":[{"href":"https:\/\/cdnoticias.com\/index.php\/wp-json\/wp\/v2\/types\/post"}],"author":[{"embeddable":true,"href":"https:\/\/cdnoticias.com\/index.php\/wp-json\/wp\/v2\/users\/6"}],"replies":[{"embeddable":true,"href":"https:\/\/cdnoticias.com\/index.php\/wp-json\/wp\/v2\/comments?post=91716"}],"version-history":[{"count":0,"href":"https:\/\/cdnoticias.com\/index.php\/wp-json\/wp\/v2\/posts\/91716\/revisions"}],"wp:featuredmedia":[{"embeddable":true,"href":"https:\/\/cdnoticias.com\/index.php\/wp-json\/wp\/v2\/media\/53376"}],"wp:attachment":[{"href":"https:\/\/cdnoticias.com\/index.php\/wp-json\/wp\/v2\/media?parent=91716"}],"wp:term":[{"taxonomy":"category","embeddable":true,"href":"https:\/\/cdnoticias.com\/index.php\/wp-json\/wp\/v2\/categories?post=91716"},{"taxonomy":"post_tag","embeddable":true,"href":"https:\/\/cdnoticias.com\/index.php\/wp-json\/wp\/v2\/tags?post=91716"}],"curies":[{"name":"wp","href":"https:\/\/api.w.org\/{rel}","templated":true}]}}