{"id":91714,"date":"2023-07-31T18:54:16","date_gmt":"2023-07-31T21:54:16","guid":{"rendered":"https:\/\/www.centraldenoticias.com.ar\/?p=91714"},"modified":"2023-07-31T18:54:16","modified_gmt":"2023-07-31T21:54:16","slug":"pedro-fernando-recalde-q-e-p-d","status":"publish","type":"post","link":"https:\/\/cdnoticias.com\/index.php\/2023\/07\/31\/pedro-fernando-recalde-q-e-p-d\/","title":{"rendered":"Pedro Fernando Recalde (Q.E.P.D.)"},"content":{"rendered":"<p>Falleci\u00f3 en Olavarr\u00eda el 31 de julio de 2023 a los 79 a\u00f1os. Su esposa Lidia Rosa Armendano. Sus hijos Fernando Javier, Marcela Andrea, Pablo Daniel y Guillermo Omar Recalde. Sus hijos pol\u00edticos Elizabeth y Alicia. Sus nietos Paul, Catalina, Isabella, Celeste, Felipe, Francisco, Estefan\u00eda, Roc\u00edo, Valent\u00edn y Martiniano. Sus bisnietos Victoria y Brunella. Su hermana Susana. Sus hermanos pol\u00edticos Juan Carlos, Leonor, Mabel, Ra\u00fal, Jos\u00e9 y Leonilda. Sus sobrinos y dem\u00e1s deudos participan su fallecimiento.<\/p>\n<p>&nbsp;<\/p>\n<p>Sus restos ser\u00e1n velados en la sala de Espa\u00f1a 2942 departamento \u201cB\u201d e inhumados en el Cementerio Loma de Paz este martes a las 11:30 horas. Servicio adherido a Coopelectric.<\/p>\n<p>&nbsp;<\/p>\n<p>Nacido en Saladillo, vecino de Mariano Moreno, jubilado carnicero.<\/p>\n","protected":false},"excerpt":{"rendered":"<p>Falleci\u00f3 en Olavarr\u00eda el 31 de julio de 2023 a los 79 a\u00f1os. Su esposa Lidia Rosa Armendano. Sus hijos<\/p>\n","protected":false},"author":2,"featured_media":67646,"comment_status":"closed","ping_status":"closed","sticky":false,"template":"","format":"standard","meta":{"_jetpack_memberships_contains_paid_content":false,"footnotes":""},"categories":[10],"tags":[],"class_list":["post-91714","post","type-post","status-publish","format-standard","has-post-thumbnail","hentry","category-necrologicas"],"jetpack_featured_media_url":"https:\/\/i0.wp.com\/cdnoticias.com\/wp-content\/uploads\/2022\/10\/necrologicas-390-x-240.jpg?fit=390%2C240&ssl=1","jetpack_sharing_enabled":true,"_links":{"self":[{"href":"https:\/\/cdnoticias.com\/index.php\/wp-json\/wp\/v2\/posts\/91714","targetHints":{"allow":["GET"]}}],"collection":[{"href":"https:\/\/cdnoticias.com\/index.php\/wp-json\/wp\/v2\/posts"}],"about":[{"href":"https:\/\/cdnoticias.com\/index.php\/wp-json\/wp\/v2\/types\/post"}],"author":[{"embeddable":true,"href":"https:\/\/cdnoticias.com\/index.php\/wp-json\/wp\/v2\/users\/2"}],"replies":[{"embeddable":true,"href":"https:\/\/cdnoticias.com\/index.php\/wp-json\/wp\/v2\/comments?post=91714"}],"version-history":[{"count":0,"href":"https:\/\/cdnoticias.com\/index.php\/wp-json\/wp\/v2\/posts\/91714\/revisions"}],"wp:featuredmedia":[{"embeddable":true,"href":"https:\/\/cdnoticias.com\/index.php\/wp-json\/wp\/v2\/media\/67646"}],"wp:attachment":[{"href":"https:\/\/cdnoticias.com\/index.php\/wp-json\/wp\/v2\/media?parent=91714"}],"wp:term":[{"taxonomy":"category","embeddable":true,"href":"https:\/\/cdnoticias.com\/index.php\/wp-json\/wp\/v2\/categories?post=91714"},{"taxonomy":"post_tag","embeddable":true,"href":"https:\/\/cdnoticias.com\/index.php\/wp-json\/wp\/v2\/tags?post=91714"}],"curies":[{"name":"wp","href":"https:\/\/api.w.org\/{rel}","templated":true}]}}